{"id":23455,"date":"2015-01-26T07:00:00","date_gmt":"2015-01-26T07:00:00","guid":{"rendered":"https:\/\/www.cbti-bkvt.org\/erstes-treffen-der-drei-vereinigungen-der-beneluxlaender\/"},"modified":"2023-12-29T16:04:49","modified_gmt":"2023-12-29T16:04:49","slug":"erstes-treffen-der-drei-vereinigungen-der-beneluxlaender","status":"publish","type":"post","link":"https:\/\/www.cbti-bkvt.org\/de\/erstes-treffen-der-drei-vereinigungen-der-beneluxlaender\/","title":{"rendered":"Erstes Treffen der drei Vereinigungen der Beneluxl\u00e4nder"},"content":{"rendered":"<p>Am Freitag, den 23. Januar 2015 fand am Sitz der CBTI\/BKVT eine erste Arbeitssitzung zwischen Vertretern der drei nationalen Vereinigungen f\u00fcr \u00dcbersetzer und Dolmetscher der Benelux-Wirtschaftsunion statt: die <a href=\"https:\/\/ngtv.nl\/\">NGTV<\/a> (Niederlande), die <a href=\"http:\/\/www.cbti-bkvt.org\">CBTI\/BKVT<\/a> (Belgien) und die noch junge <a href=\"http:\/\/www.traducteurs-interpretes.lu\/\">ALTI<\/a> (Luxemburg).<\/p>\n<p>Ziel dieser historischen Begegnung war ein erstes Kennenlernen, bevor M\u00f6glichkeiten der Zusammenarbeit zwischen unseren verschiedenen Vereinigungen untersucht wurden. Auch die FIT war dabei \u2013 als Zeichen ihrer Unterst\u00fctzung f\u00fcr diese Initiative der CBTI\/BKVT. Sie wurde durch Robert Ensor, Ratsmitglied von <a href=\"http:\/\/www.fit-ift.org\/\">FIT Monde<\/a>, und Natascha Dal\u00fcgge-Momme, Ratsvorsitzende von <a href=\"http:\/\/www.fit-europe.org\/\">FIT Europe<\/a>, vertreten.<\/p>\n<p>Die Sitzung verlief in einer sehr angenehmen und konstruktiven Atmosph\u00e4re und die Gespr\u00e4che wurden w\u00e4hrend des Mittagessens fortgesetzt. Danach stie\u00df die Gruppe zu den Mitgliedern der CBTI\/BKVT, um gemeinsam den Besuch bei der NATO und den Neujahrsempfang zu genie\u00dfen.<\/p>\n<p>F\u00fcr uns ist es klar: das war sicher nicht das letzte Treffen zwischen den Vereinigungen der Beneluxl\u00e4nder!<\/p>\n<h3>Legende Foto<\/h3>\n<p>Ton M\u00e1\u010del, Vorsitzender der NGTV, Ludovic Pierard, Vorsitzender der CBTI\/BKVT, Natascha Dal\u00fcgge-Momme, Vorsitzende von FIT Europe und Rita Schmit, Vorsitzende der ALTI.<\/p>\n<p><!-- LOCALIZE URLs IF POSSIBLE\/NECESSARY --><\/p>\n","protected":false},"excerpt":{"rendered":"<p>Am Freitag, den 23. Januar 2015 fand am Sitz der CBTI\/BKVT eine erste Arbeitssitzung zwischen Vertretern der drei nationalen Vereinigungen f\u00fcr \u00dcbersetzer und Dolmetscher der Benelux-Wirtschaftsunion statt: die NGTV (Niederlande), die CBTI\/BKVT (Belgien) und die noch junge ALTI (Luxemburg). Ziel dieser historischen Begegnung war ein erstes Kennenlernen, bevor M\u00f6glichkeiten der Zusammenarbeit zwischen unseren verschiedenen Vereinigungen&hellip;&nbsp;<a href=\"https:\/\/www.cbti-bkvt.org\/de\/erstes-treffen-der-drei-vereinigungen-der-beneluxlaender\/\" rel=\"bookmark\">Read More &raquo;<span class=\"screen-reader-text\">Erstes Treffen der drei Vereinigungen der Beneluxl\u00e4nder<\/span><\/a><\/p>\n","protected":false},"author":1,"featured_media":9010,"comment_status":"open","ping_status":"open","sticky":false,"template":"","format":"standard","meta":{"_acf_changed":false,"pmpro_default_level":"","neve_meta_sidebar":"","neve_meta_container":"","neve_meta_enable_content_width":"","neve_meta_content_width":0,"neve_meta_title_alignment":"","neve_meta_author_avatar":"","neve_post_elements_order":"","neve_meta_disable_header":"","neve_meta_disable_footer":"","neve_meta_disable_title":"","neve_meta_reading_time":"","footnotes":"","_links_to":"","_links_to_target":""},"categories":[406,376],"tags":[],"class_list":["post-23455","post","type-post","status-publish","format-standard","has-post-thumbnail","hentry","category-cbti-bkvt-aktuell","category-veranstaltungen","pmpro-has-access"],"acf":[],"yoast_head":"<!-- This site is optimized with the Yoast SEO plugin v28.3 - https:\/\/yoast.com\/product\/yoast-seo-wordpress\/ -->\n<title>Chambre Belge des Traducteurs et Interpr\u00e8tes | Belgische Kamer van Vertalers en Tolken<\/title>\n<meta name=\"robots\" content=\"index, follow, max-snippet:-1, max-image-preview:large, max-video-preview:-1\" \/>\n<link rel=\"canonical\" href=\"https:\/\/www.cbti-bkvt.org\/de\/erstes-treffen-der-drei-vereinigungen-der-beneluxlaender\/\" \/>\n<meta property=\"og:locale\" content=\"de_DE\" \/>\n<meta property=\"og:type\" content=\"article\" \/>\n<meta property=\"og:title\" content=\"Erstes Treffen der drei Vereinigungen der Beneluxl\u00e4nder - Chambre Belge des Traducteurs et Interpr\u00e8tes | Belgische Kamer van Vertalers en Tolken\" \/>\n<meta property=\"og:description\" content=\"Am Freitag, den 23. Januar 2015 fand am Sitz der CBTI\/BKVT eine erste Arbeitssitzung zwischen Vertretern der drei nationalen Vereinigungen f\u00fcr \u00dcbersetzer und Dolmetscher der Benelux-Wirtschaftsunion statt: die NGTV (Niederlande), die CBTI\/BKVT (Belgien) und die noch junge ALTI (Luxemburg). Ziel dieser historischen Begegnung war ein erstes Kennenlernen, bevor M\u00f6glichkeiten der Zusammenarbeit zwischen unseren verschiedenen Vereinigungen&hellip;&nbsp;Read More &raquo;Erstes Treffen der drei Vereinigungen der Beneluxl\u00e4nder\" \/>\n<meta property=\"og:url\" content=\"https:\/\/www.cbti-bkvt.org\/de\/erstes-treffen-der-drei-vereinigungen-der-beneluxlaender\/\" \/>\n<meta property=\"og:site_name\" content=\"Chambre Belge des Traducteurs et Interpr\u00e8tes | Belgische Kamer van Vertalers en Tolken\" \/>\n<meta property=\"article:published_time\" content=\"2015-01-26T07:00:00+00:00\" \/>\n<meta property=\"article:modified_time\" content=\"2023-12-29T16:04:49+00:00\" \/>\n<meta property=\"og:image\" content=\"https:\/\/www.cbti-bkvt.org\/wp-content\/uploads\/r_unionbenelux2015_recadr_-2.jpg\" \/>\n\t<meta property=\"og:image:width\" content=\"1386\" \/>\n\t<meta property=\"og:image:height\" content=\"841\" \/>\n\t<meta property=\"og:image:type\" content=\"image\/jpeg\" \/>\n<meta name=\"author\" content=\"CBTI Team\" \/>\n<meta name=\"twitter:card\" content=\"summary_large_image\" \/>\n<meta name=\"twitter:label1\" content=\"Written by\" \/>\n\t<meta name=\"twitter:data1\" content=\"CBTI Team\" \/>\n\t<meta name=\"twitter:label2\" content=\"Est. reading time\" \/>\n\t<meta name=\"twitter:data2\" content=\"1 minute\" \/>\n<script type=\"application\/ld+json\" class=\"yoast-schema-graph\">{\"@context\":\"https:\\\/\\\/schema.org\",\"@graph\":[{\"@type\":\"Article\",\"@id\":\"https:\\\/\\\/www.cbti-bkvt.org\\\/de\\\/erstes-treffen-der-drei-vereinigungen-der-beneluxlaender\\\/#article\",\"isPartOf\":{\"@id\":\"https:\\\/\\\/www.cbti-bkvt.org\\\/de\\\/erstes-treffen-der-drei-vereinigungen-der-beneluxlaender\\\/\"},\"author\":{\"name\":\"CBTI Team\",\"@id\":\"https:\\\/\\\/www.cbti-bkvt.org\\\/de\\\/#\\\/schema\\\/person\\\/39694e286cbdc709aed8641743fa4591\"},\"headline\":\"Erstes Treffen der drei Vereinigungen der Beneluxl\u00e4nder\",\"datePublished\":\"2015-01-26T07:00:00+00:00\",\"dateModified\":\"2023-12-29T16:04:49+00:00\",\"mainEntityOfPage\":{\"@id\":\"https:\\\/\\\/www.cbti-bkvt.org\\\/de\\\/erstes-treffen-der-drei-vereinigungen-der-beneluxlaender\\\/\"},\"wordCount\":192,\"commentCount\":0,\"image\":{\"@id\":\"https:\\\/\\\/www.cbti-bkvt.org\\\/de\\\/erstes-treffen-der-drei-vereinigungen-der-beneluxlaender\\\/#primaryimage\"},\"thumbnailUrl\":\"https:\\\/\\\/www.cbti-bkvt.org\\\/wp-content\\\/uploads\\\/r_unionbenelux2015_recadr_-2.jpg\",\"articleSection\":[\"CBTI\\\/BKVT aktuell\",\"Veranstaltungen\"],\"inLanguage\":\"de-DE\",\"potentialAction\":[{\"@type\":\"CommentAction\",\"name\":\"Comment\",\"target\":[\"https:\\\/\\\/www.cbti-bkvt.org\\\/de\\\/erstes-treffen-der-drei-vereinigungen-der-beneluxlaender\\\/#respond\"]}]},{\"@type\":\"WebPage\",\"@id\":\"https:\\\/\\\/www.cbti-bkvt.org\\\/de\\\/erstes-treffen-der-drei-vereinigungen-der-beneluxlaender\\\/\",\"url\":\"https:\\\/\\\/www.cbti-bkvt.org\\\/de\\\/erstes-treffen-der-drei-vereinigungen-der-beneluxlaender\\\/\",\"name\":\"Erstes Treffen der drei Vereinigungen der Beneluxl\u00e4nder - Chambre Belge des Traducteurs et Interpr\u00e8tes | Belgische Kamer van Vertalers en Tolken\",\"isPartOf\":{\"@id\":\"https:\\\/\\\/www.cbti-bkvt.org\\\/de\\\/#website\"},\"primaryImageOfPage\":{\"@id\":\"https:\\\/\\\/www.cbti-bkvt.org\\\/de\\\/erstes-treffen-der-drei-vereinigungen-der-beneluxlaender\\\/#primaryimage\"},\"image\":{\"@id\":\"https:\\\/\\\/www.cbti-bkvt.org\\\/de\\\/erstes-treffen-der-drei-vereinigungen-der-beneluxlaender\\\/#primaryimage\"},\"thumbnailUrl\":\"https:\\\/\\\/www.cbti-bkvt.org\\\/wp-content\\\/uploads\\\/r_unionbenelux2015_recadr_-2.jpg\",\"datePublished\":\"2015-01-26T07:00:00+00:00\",\"dateModified\":\"2023-12-29T16:04:49+00:00\",\"author\":{\"@id\":\"https:\\\/\\\/www.cbti-bkvt.org\\\/de\\\/#\\\/schema\\\/person\\\/39694e286cbdc709aed8641743fa4591\"},\"breadcrumb\":{\"@id\":\"https:\\\/\\\/www.cbti-bkvt.org\\\/de\\\/erstes-treffen-der-drei-vereinigungen-der-beneluxlaender\\\/#breadcrumb\"},\"inLanguage\":\"de-DE\",\"potentialAction\":[{\"@type\":\"ReadAction\",\"target\":[\"https:\\\/\\\/www.cbti-bkvt.org\\\/de\\\/erstes-treffen-der-drei-vereinigungen-der-beneluxlaender\\\/\"]}]},{\"@type\":\"ImageObject\",\"inLanguage\":\"de-DE\",\"@id\":\"https:\\\/\\\/www.cbti-bkvt.org\\\/de\\\/erstes-treffen-der-drei-vereinigungen-der-beneluxlaender\\\/#primaryimage\",\"url\":\"https:\\\/\\\/www.cbti-bkvt.org\\\/wp-content\\\/uploads\\\/r_unionbenelux2015_recadr_-2.jpg\",\"contentUrl\":\"https:\\\/\\\/www.cbti-bkvt.org\\\/wp-content\\\/uploads\\\/r_unionbenelux2015_recadr_-2.jpg\",\"width\":1386,\"height\":841},{\"@type\":\"BreadcrumbList\",\"@id\":\"https:\\\/\\\/www.cbti-bkvt.org\\\/de\\\/erstes-treffen-der-drei-vereinigungen-der-beneluxlaender\\\/#breadcrumb\",\"itemListElement\":[{\"@type\":\"ListItem\",\"position\":1,\"name\":\"Home\",\"item\":\"https:\\\/\\\/www.cbti-bkvt.org\\\/de\\\/\"},{\"@type\":\"ListItem\",\"position\":2,\"name\":\"Erstes Treffen der drei Vereinigungen der Beneluxl\u00e4nder\"}]},{\"@type\":\"WebSite\",\"@id\":\"https:\\\/\\\/www.cbti-bkvt.org\\\/de\\\/#website\",\"url\":\"https:\\\/\\\/www.cbti-bkvt.org\\\/de\\\/\",\"name\":\"Chambre Belge des Traducteurs et Interpr\u00e8tes | Belgische Kamer van Vertalers en Tolken\",\"description\":\"M\u00e9tiers de la traduction \u00e9crite, l\u2019interpr\u00e9tation de conf\u00e9rence, la traduction et l\u2019interpr\u00e9tation en milieu judiciaire.\",\"potentialAction\":[{\"@type\":\"SearchAction\",\"target\":{\"@type\":\"EntryPoint\",\"urlTemplate\":\"https:\\\/\\\/www.cbti-bkvt.org\\\/de\\\/?s={search_term_string}\"},\"query-input\":{\"@type\":\"PropertyValueSpecification\",\"valueRequired\":true,\"valueName\":\"search_term_string\"}}],\"inLanguage\":\"de-DE\"},{\"@type\":\"Person\",\"@id\":\"https:\\\/\\\/www.cbti-bkvt.org\\\/de\\\/#\\\/schema\\\/person\\\/39694e286cbdc709aed8641743fa4591\",\"name\":\"CBTI Team\",\"image\":{\"@type\":\"ImageObject\",\"inLanguage\":\"de-DE\",\"@id\":\"https:\\\/\\\/secure.gravatar.com\\\/avatar\\\/46840e5c253419e7ddd36cf1b42202f1266a0347bb63a6b4f82b38f71ada6150?s=96&d=mm&r=g\",\"url\":\"https:\\\/\\\/secure.gravatar.com\\\/avatar\\\/46840e5c253419e7ddd36cf1b42202f1266a0347bb63a6b4f82b38f71ada6150?s=96&d=mm&r=g\",\"contentUrl\":\"https:\\\/\\\/secure.gravatar.com\\\/avatar\\\/46840e5c253419e7ddd36cf1b42202f1266a0347bb63a6b4f82b38f71ada6150?s=96&d=mm&r=g\",\"caption\":\"CBTI Team\"},\"sameAs\":[\"http:\\\/\\\/www.cbti-bkvt.org\"],\"url\":\"https:\\\/\\\/www.cbti-bkvt.org\\\/de\\\/author\\\/cbtitrad__gestion\\\/\"}]}<\/script>\n<!-- \/ Yoast SEO plugin. -->","yoast_head_json":{"title":"Chambre Belge des Traducteurs et Interpr\u00e8tes | Belgische Kamer van Vertalers en Tolken","robots":{"index":"index","follow":"follow","max-snippet":"max-snippet:-1","max-image-preview":"max-image-preview:large","max-video-preview":"max-video-preview:-1"},"canonical":"https:\/\/www.cbti-bkvt.org\/de\/erstes-treffen-der-drei-vereinigungen-der-beneluxlaender\/","og_locale":"de_DE","og_type":"article","og_title":"Erstes Treffen der drei Vereinigungen der Beneluxl\u00e4nder - Chambre Belge des Traducteurs et Interpr\u00e8tes | Belgische Kamer van Vertalers en Tolken","og_description":"Am Freitag, den 23. Januar 2015 fand am Sitz der CBTI\/BKVT eine erste Arbeitssitzung zwischen Vertretern der drei nationalen Vereinigungen f\u00fcr \u00dcbersetzer und Dolmetscher der Benelux-Wirtschaftsunion statt: die NGTV (Niederlande), die CBTI\/BKVT (Belgien) und die noch junge ALTI (Luxemburg). Ziel dieser historischen Begegnung war ein erstes Kennenlernen, bevor M\u00f6glichkeiten der Zusammenarbeit zwischen unseren verschiedenen Vereinigungen&hellip;&nbsp;Read More &raquo;Erstes Treffen der drei Vereinigungen der Beneluxl\u00e4nder","og_url":"https:\/\/www.cbti-bkvt.org\/de\/erstes-treffen-der-drei-vereinigungen-der-beneluxlaender\/","og_site_name":"Chambre Belge des Traducteurs et Interpr\u00e8tes | Belgische Kamer van Vertalers en Tolken","article_published_time":"2015-01-26T07:00:00+00:00","article_modified_time":"2023-12-29T16:04:49+00:00","og_image":[{"width":1386,"height":841,"url":"https:\/\/www.cbti-bkvt.org\/wp-content\/uploads\/r_unionbenelux2015_recadr_-2.jpg","type":"image\/jpeg"}],"author":"CBTI Team","twitter_card":"summary_large_image","twitter_misc":{"Written by":"CBTI Team","Est. reading time":"1 minute"},"schema":{"@context":"https:\/\/schema.org","@graph":[{"@type":"Article","@id":"https:\/\/www.cbti-bkvt.org\/de\/erstes-treffen-der-drei-vereinigungen-der-beneluxlaender\/#article","isPartOf":{"@id":"https:\/\/www.cbti-bkvt.org\/de\/erstes-treffen-der-drei-vereinigungen-der-beneluxlaender\/"},"author":{"name":"CBTI Team","@id":"https:\/\/www.cbti-bkvt.org\/de\/#\/schema\/person\/39694e286cbdc709aed8641743fa4591"},"headline":"Erstes Treffen der drei Vereinigungen der Beneluxl\u00e4nder","datePublished":"2015-01-26T07:00:00+00:00","dateModified":"2023-12-29T16:04:49+00:00","mainEntityOfPage":{"@id":"https:\/\/www.cbti-bkvt.org\/de\/erstes-treffen-der-drei-vereinigungen-der-beneluxlaender\/"},"wordCount":192,"commentCount":0,"image":{"@id":"https:\/\/www.cbti-bkvt.org\/de\/erstes-treffen-der-drei-vereinigungen-der-beneluxlaender\/#primaryimage"},"thumbnailUrl":"https:\/\/www.cbti-bkvt.org\/wp-content\/uploads\/r_unionbenelux2015_recadr_-2.jpg","articleSection":["CBTI\/BKVT aktuell","Veranstaltungen"],"inLanguage":"de-DE","potentialAction":[{"@type":"CommentAction","name":"Comment","target":["https:\/\/www.cbti-bkvt.org\/de\/erstes-treffen-der-drei-vereinigungen-der-beneluxlaender\/#respond"]}]},{"@type":"WebPage","@id":"https:\/\/www.cbti-bkvt.org\/de\/erstes-treffen-der-drei-vereinigungen-der-beneluxlaender\/","url":"https:\/\/www.cbti-bkvt.org\/de\/erstes-treffen-der-drei-vereinigungen-der-beneluxlaender\/","name":"Erstes Treffen der drei Vereinigungen der Beneluxl\u00e4nder - Chambre Belge des Traducteurs et Interpr\u00e8tes | Belgische Kamer van Vertalers en Tolken","isPartOf":{"@id":"https:\/\/www.cbti-bkvt.org\/de\/#website"},"primaryImageOfPage":{"@id":"https:\/\/www.cbti-bkvt.org\/de\/erstes-treffen-der-drei-vereinigungen-der-beneluxlaender\/#primaryimage"},"image":{"@id":"https:\/\/www.cbti-bkvt.org\/de\/erstes-treffen-der-drei-vereinigungen-der-beneluxlaender\/#primaryimage"},"thumbnailUrl":"https:\/\/www.cbti-bkvt.org\/wp-content\/uploads\/r_unionbenelux2015_recadr_-2.jpg","datePublished":"2015-01-26T07:00:00+00:00","dateModified":"2023-12-29T16:04:49+00:00","author":{"@id":"https:\/\/www.cbti-bkvt.org\/de\/#\/schema\/person\/39694e286cbdc709aed8641743fa4591"},"breadcrumb":{"@id":"https:\/\/www.cbti-bkvt.org\/de\/erstes-treffen-der-drei-vereinigungen-der-beneluxlaender\/#breadcrumb"},"inLanguage":"de-DE","potentialAction":[{"@type":"ReadAction","target":["https:\/\/www.cbti-bkvt.org\/de\/erstes-treffen-der-drei-vereinigungen-der-beneluxlaender\/"]}]},{"@type":"ImageObject","inLanguage":"de-DE","@id":"https:\/\/www.cbti-bkvt.org\/de\/erstes-treffen-der-drei-vereinigungen-der-beneluxlaender\/#primaryimage","url":"https:\/\/www.cbti-bkvt.org\/wp-content\/uploads\/r_unionbenelux2015_recadr_-2.jpg","contentUrl":"https:\/\/www.cbti-bkvt.org\/wp-content\/uploads\/r_unionbenelux2015_recadr_-2.jpg","width":1386,"height":841},{"@type":"BreadcrumbList","@id":"https:\/\/www.cbti-bkvt.org\/de\/erstes-treffen-der-drei-vereinigungen-der-beneluxlaender\/#breadcrumb","itemListElement":[{"@type":"ListItem","position":1,"name":"Home","item":"https:\/\/www.cbti-bkvt.org\/de\/"},{"@type":"ListItem","position":2,"name":"Erstes Treffen der drei Vereinigungen der Beneluxl\u00e4nder"}]},{"@type":"WebSite","@id":"https:\/\/www.cbti-bkvt.org\/de\/#website","url":"https:\/\/www.cbti-bkvt.org\/de\/","name":"Chambre Belge des Traducteurs et Interpr\u00e8tes | Belgische Kamer van Vertalers en Tolken","description":"M\u00e9tiers de la traduction \u00e9crite, l\u2019interpr\u00e9tation de conf\u00e9rence, la traduction et l\u2019interpr\u00e9tation en milieu judiciaire.","potentialAction":[{"@type":"SearchAction","target":{"@type":"EntryPoint","urlTemplate":"https:\/\/www.cbti-bkvt.org\/de\/?s={search_term_string}"},"query-input":{"@type":"PropertyValueSpecification","valueRequired":true,"valueName":"search_term_string"}}],"inLanguage":"de-DE"},{"@type":"Person","@id":"https:\/\/www.cbti-bkvt.org\/de\/#\/schema\/person\/39694e286cbdc709aed8641743fa4591","name":"CBTI Team","image":{"@type":"ImageObject","inLanguage":"de-DE","@id":"https:\/\/secure.gravatar.com\/avatar\/46840e5c253419e7ddd36cf1b42202f1266a0347bb63a6b4f82b38f71ada6150?s=96&d=mm&r=g","url":"https:\/\/secure.gravatar.com\/avatar\/46840e5c253419e7ddd36cf1b42202f1266a0347bb63a6b4f82b38f71ada6150?s=96&d=mm&r=g","contentUrl":"https:\/\/secure.gravatar.com\/avatar\/46840e5c253419e7ddd36cf1b42202f1266a0347bb63a6b4f82b38f71ada6150?s=96&d=mm&r=g","caption":"CBTI Team"},"sameAs":["http:\/\/www.cbti-bkvt.org"],"url":"https:\/\/www.cbti-bkvt.org\/de\/author\/cbtitrad__gestion\/"}]}},"_links":{"self":[{"href":"https:\/\/www.cbti-bkvt.org\/de\/wp-json\/wp\/v2\/posts\/23455","targetHints":{"allow":["GET"]}}],"collection":[{"href":"https:\/\/www.cbti-bkvt.org\/de\/wp-json\/wp\/v2\/posts"}],"about":[{"href":"https:\/\/www.cbti-bkvt.org\/de\/wp-json\/wp\/v2\/types\/post"}],"author":[{"embeddable":true,"href":"https:\/\/www.cbti-bkvt.org\/de\/wp-json\/wp\/v2\/users\/1"}],"replies":[{"embeddable":true,"href":"https:\/\/www.cbti-bkvt.org\/de\/wp-json\/wp\/v2\/comments?post=23455"}],"version-history":[{"count":1,"href":"https:\/\/www.cbti-bkvt.org\/de\/wp-json\/wp\/v2\/posts\/23455\/revisions"}],"predecessor-version":[{"id":24619,"href":"https:\/\/www.cbti-bkvt.org\/de\/wp-json\/wp\/v2\/posts\/23455\/revisions\/24619"}],"wp:featuredmedia":[{"embeddable":true,"href":"https:\/\/www.cbti-bkvt.org\/de\/wp-json\/wp\/v2\/media\/9010"}],"wp:attachment":[{"href":"https:\/\/www.cbti-bkvt.org\/de\/wp-json\/wp\/v2\/media?parent=23455"}],"wp:term":[{"taxonomy":"category","embeddable":true,"href":"https:\/\/www.cbti-bkvt.org\/de\/wp-json\/wp\/v2\/categories?post=23455"},{"taxonomy":"post_tag","embeddable":true,"href":"https:\/\/www.cbti-bkvt.org\/de\/wp-json\/wp\/v2\/tags?post=23455"}],"curies":[{"name":"wp","href":"https:\/\/api.w.org\/{rel}","templated":true}]}}