{"id":23532,"date":"2021-03-29T14:51:00","date_gmt":"2021-03-29T14:51:00","guid":{"rendered":"https:\/\/www.cbti-bkvt.org\/die-cbti-kontinuitaet-und-neubeginn\/"},"modified":"2023-12-29T16:05:23","modified_gmt":"2023-12-29T16:05:23","slug":"die-cbti-kontinuitaet-und-neubeginn","status":"publish","type":"post","link":"https:\/\/www.cbti-bkvt.org\/de\/die-cbti-kontinuitaet-und-neubeginn\/","title":{"rendered":"Die CBTI \u2013 Kontinuit\u00e4t und Neubeginn"},"content":{"rendered":"<p><!--Die CBTI \u2013 Kontinuit\u00e4t und Neubeginn--><\/p>\n<p>Am Samstag, den 20. M\u00e4rz 2021, fand die Jahreshauptversammlung der Belgischen \u00dcbersetzer- und Dolmetscherkammer (CBTI) statt \u2014 angesichts des Corona-Infektionsgeschehens als Videokonferenz. <\/p>\n<p>In seiner Begr\u00fc\u00dfungsrede dankte der Vorsitzende allen Mitgliedern von Herzen f\u00fcr ihre Unterst\u00fctzung und ihr Engagement auf verschiedenen Ebenen. Dabei w\u00fcrdigte er insbesondere zwei wichtige Protagonistinnen der CBTI: Agn\u00e8s Feltkamp und Doris Grollmann, die nach mehreren Jahrzehnten guter und treuer Dienste den Vorstand verlassen werden. Anschlie\u00dfend wurde mit einer Schweigeminute des k\u00fcrzlich verstorbenen Ehrenpr\u00e4sidenten der CBTI, Jean-Bernard Quicheron, gedacht. <\/p>\n<p>Nach zwei Amtszeiten als Vorsitzender stellte Guillaume Deneufbourg sich nicht erneut zur Wahl. Zwei Mitglieder hatten sich als Kandidaten aufstellen lassen: S\u00e9bastien Devogele und Cyrille Ndjitat Tatchou. Au\u00dferdem kandidierten f\u00fcnf weitere Kandidaten f\u00fcr den Vorstand. <\/p>\n<p>Wie im Verband \u00fcblich, hatten nach Best\u00e4tigung der Tagesordnung einige neue Mitglieder die Gelegenheit sich vorzustellen. <\/p>\n<p>Anschlie\u00dfend wurde der Jahresbericht vorgetragen, gefolgt von einer Fragerunde. Alle konnten feststellen, dass das so ungew\u00f6hnliche Jahr 2020 dennoch einige sch\u00f6ne Ergebnisse hervorgebracht hat, vor allem hinsichtlich der Unterst\u00fctzung der Konferenzdolmetscher, die von der Corona-Krise hart getroffen wurden, sowie der Einrichtung der Fachkommission f\u00fcr beeidigte \u00dcbersetzer und Dolmetscher. <\/p>\n<p>Nach Billigung des Jahresabschlusses 2020, Entlastung des Schatzmeisters und des Vorstands sowie Genehmigung des Haushaltsentwurfs f\u00fcr das Jahr 2021 ergriffen die zur Wahl stehenden Kandidaten das Wort, um ihr Programm und ihre Vorstellungen darzulegen.<\/p>\n<p>Im Anschluss an diese Pr\u00e4sentationen fiel die Wahl auf S\u00e9bastien Devogele. Der 36-j\u00e4hrige Konferenzdolmetscher aus der Gegend von Kortrijk wird die CBTI in den n\u00e4chsten zwei Jahren leiten. Herzlichen Gl\u00fcckwunsch!<\/p>\n<p>Ihm wird ein Team aus 7 Vorstandsmitgliedern zur Seite stehen: Isabelle Collard, Guillaume Deneufbourg, Max De Brouwer, Laurence Nys, Patrick Rondou, Cyrille Ndjitat Tatchou sowie Jenny Vanmaldeghem, f\u00fcr die das die erste Amtszeit sein wird. Wir w\u00fcnschen ihnen alles Gute und viel Erfolg auf dem weiteren Weg, den der Vorstand in den letzten Jahren eingeschlagen hat<\/p>\n<p>Anschlie\u00dfend wurden auch alle anderen Tagesordnungspunkte ohne Beratung genehmigt: Beibehaltung des Jahresbeitrags von 200 \u20ac f\u00fcr ordentliche Mitglieder, Ernennung von drei Rechnungspr\u00fcfern und drei Mitgliedern des Disziplinarausschusses.<\/p>\n<p>Da diese Art von Treffen die ideale Gelegenheit f\u00fcr einen Dialog zwischen Vorstand und Basis ist, wurden am Ende des Treffens mehrere Themen angesprochen, darunter die Gestaltung eines neuen Internetauftritts, die bessere Kommunikation der Stellungnahmen unserer Rechtsberaterin Karine Roobrouck sowie die Einrichtung einer Fachkommission f\u00fcr literarische \u00dcbersetzer, die sich unter anderem mit Fragen des Urheberrechts befassen k\u00f6nnte.<\/p>\n<p>Trotz der widrigen Umst\u00e4nde klang das Treffen festlich aus: Im virtuellen Raum hatten die Mitglieder die Gelegenheit, gemeinsam das Glas zu erheben. Wie auf dem Foto unschwer zu erkennen, war die Stimmung gro\u00dfartig, auch wenn alle sich ein pers\u00f6nliches Treffen in m\u00f6glichst naher Zukunft w\u00fcnschen.<\/p>\n<p>Der neue Vorstand 2021:  <\/p>\n<p>\u2022   S\u00e9bastien Devogele \u2013 Vorsitzender<br \/>\n\u2022   Max De Brouwer \u2013 Stellvertretender Vorsitzender \u2013 Aufnahme von Mitgliedern<br \/>\n\u2022   Guillaume Deneufbourg \u2013 Stellvertretender Vorsitzender \u2013 FIT-Abgeordneter<br \/>\n\u2022   Laurence Nys \u2013 Schatzmeisterin<br \/>\n\u2022   Patrick Rondou \u2013 Generalsekret\u00e4r<br \/>\n\u2022   Isabelle Collard \u2013 Versicherungen<br \/>\n\u2022   Cyrille Ndjitat Tatchou \u2013 Chefredakteur der Verbandszeitschrift Le Linguiste\/De Taalkundige<br \/>\n\u2022   Jenny Vanmaldeghem \u2013 Kommunikation, Beziehung zu den Universit\u00e4ten  <\/p>\n<p><em>Verfasserin: Jenny Vanmaldeghem<br \/>\n\u00dcbersetzung: Gabriele Fran\u00e7ois<\/em><\/p>\n","protected":false},"excerpt":{"rendered":"<p>Am Samstag, den 20. M\u00e4rz 2021, fand die Jahreshauptversammlung der Belgischen \u00dcbersetzer- und Dolmetscherkammer (CBTI) statt \u2014 angesichts des Corona-Infektionsgeschehens als Videokonferenz. In seiner Begr\u00fc\u00dfungsrede dankte der Vorsitzende allen Mitgliedern von Herzen f\u00fcr ihre Unterst\u00fctzung und ihr Engagement auf verschiedenen Ebenen. Dabei w\u00fcrdigte er insbesondere zwei wichtige Protagonistinnen der CBTI: Agn\u00e8s Feltkamp und Doris Grollmann,&hellip;&nbsp;<a href=\"https:\/\/www.cbti-bkvt.org\/de\/die-cbti-kontinuitaet-und-neubeginn\/\" rel=\"bookmark\">Read More &raquo;<span class=\"screen-reader-text\">Die CBTI \u2013 Kontinuit\u00e4t und Neubeginn<\/span><\/a><\/p>\n","protected":false},"author":1,"featured_media":22292,"comment_status":"open","ping_status":"open","sticky":false,"template":"","format":"standard","meta":{"_acf_changed":false,"pmpro_default_level":"","neve_meta_sidebar":"","neve_meta_container":"","neve_meta_enable_content_width":"","neve_meta_content_width":0,"neve_meta_title_alignment":"","neve_meta_author_avatar":"","neve_post_elements_order":"","neve_meta_disable_header":"","neve_meta_disable_footer":"","neve_meta_disable_title":"","neve_meta_reading_time":"","footnotes":"","_links_to":"","_links_to_target":""},"categories":[376],"tags":[],"class_list":["post-23532","post","type-post","status-publish","format-standard","has-post-thumbnail","hentry","category-veranstaltungen","pmpro-has-access"],"acf":[],"yoast_head":"<!-- This site is optimized with the Yoast SEO plugin v28.3 - https:\/\/yoast.com\/product\/yoast-seo-wordpress\/ -->\n<title>Chambre Belge des Traducteurs et Interpr\u00e8tes | Belgische Kamer van Vertalers en Tolken<\/title>\n<meta name=\"robots\" content=\"index, follow, max-snippet:-1, max-image-preview:large, max-video-preview:-1\" \/>\n<link rel=\"canonical\" href=\"https:\/\/www.cbti-bkvt.org\/de\/die-cbti-kontinuitaet-und-neubeginn\/\" \/>\n<meta property=\"og:locale\" content=\"de_DE\" \/>\n<meta property=\"og:type\" content=\"article\" \/>\n<meta property=\"og:title\" content=\"Die CBTI \u2013 Kontinuit\u00e4t und Neubeginn - Chambre Belge des Traducteurs et Interpr\u00e8tes | Belgische Kamer van Vertalers en Tolken\" \/>\n<meta property=\"og:description\" content=\"Am Samstag, den 20. M\u00e4rz 2021, fand die Jahreshauptversammlung der Belgischen \u00dcbersetzer- und Dolmetscherkammer (CBTI) statt \u2014 angesichts des Corona-Infektionsgeschehens als Videokonferenz. In seiner Begr\u00fc\u00dfungsrede dankte der Vorsitzende allen Mitgliedern von Herzen f\u00fcr ihre Unterst\u00fctzung und ihr Engagement auf verschiedenen Ebenen. Dabei w\u00fcrdigte er insbesondere zwei wichtige Protagonistinnen der CBTI: Agn\u00e8s Feltkamp und Doris Grollmann,&hellip;&nbsp;Read More &raquo;Die CBTI \u2013 Kontinuit\u00e4t und Neubeginn\" \/>\n<meta property=\"og:url\" content=\"https:\/\/www.cbti-bkvt.org\/de\/die-cbti-kontinuitaet-und-neubeginn\/\" \/>\n<meta property=\"og:site_name\" content=\"Chambre Belge des Traducteurs et Interpr\u00e8tes | Belgische Kamer van Vertalers en Tolken\" \/>\n<meta property=\"article:published_time\" content=\"2021-03-29T14:51:00+00:00\" \/>\n<meta property=\"article:modified_time\" content=\"2023-12-29T16:05:23+00:00\" \/>\n<meta property=\"og:image\" content=\"https:\/\/www.cbti-bkvt.org\/wp-content\/uploads\/AG2021-min-2.jpg\" \/>\n\t<meta property=\"og:image:width\" content=\"1000\" \/>\n\t<meta property=\"og:image:height\" content=\"715\" \/>\n\t<meta property=\"og:image:type\" content=\"image\/jpeg\" \/>\n<meta name=\"author\" content=\"CBTI Team\" \/>\n<meta name=\"twitter:card\" content=\"summary_large_image\" \/>\n<meta name=\"twitter:label1\" content=\"Written by\" \/>\n\t<meta name=\"twitter:data1\" content=\"CBTI Team\" \/>\n\t<meta name=\"twitter:label2\" content=\"Est. reading time\" \/>\n\t<meta name=\"twitter:data2\" content=\"3 minutes\" \/>\n<script type=\"application\/ld+json\" class=\"yoast-schema-graph\">{\"@context\":\"https:\\\/\\\/schema.org\",\"@graph\":[{\"@type\":\"Article\",\"@id\":\"https:\\\/\\\/www.cbti-bkvt.org\\\/de\\\/die-cbti-kontinuitaet-und-neubeginn\\\/#article\",\"isPartOf\":{\"@id\":\"https:\\\/\\\/www.cbti-bkvt.org\\\/de\\\/die-cbti-kontinuitaet-und-neubeginn\\\/\"},\"author\":{\"name\":\"CBTI Team\",\"@id\":\"https:\\\/\\\/www.cbti-bkvt.org\\\/de\\\/#\\\/schema\\\/person\\\/39694e286cbdc709aed8641743fa4591\"},\"headline\":\"Die CBTI \u2013 Kontinuit\u00e4t und Neubeginn\",\"datePublished\":\"2021-03-29T14:51:00+00:00\",\"dateModified\":\"2023-12-29T16:05:23+00:00\",\"mainEntityOfPage\":{\"@id\":\"https:\\\/\\\/www.cbti-bkvt.org\\\/de\\\/die-cbti-kontinuitaet-und-neubeginn\\\/\"},\"wordCount\":519,\"commentCount\":0,\"image\":{\"@id\":\"https:\\\/\\\/www.cbti-bkvt.org\\\/de\\\/die-cbti-kontinuitaet-und-neubeginn\\\/#primaryimage\"},\"thumbnailUrl\":\"https:\\\/\\\/www.cbti-bkvt.org\\\/wp-content\\\/uploads\\\/AG2021-min-2.jpg\",\"articleSection\":[\"Veranstaltungen\"],\"inLanguage\":\"de-DE\",\"potentialAction\":[{\"@type\":\"CommentAction\",\"name\":\"Comment\",\"target\":[\"https:\\\/\\\/www.cbti-bkvt.org\\\/de\\\/die-cbti-kontinuitaet-und-neubeginn\\\/#respond\"]}]},{\"@type\":\"WebPage\",\"@id\":\"https:\\\/\\\/www.cbti-bkvt.org\\\/de\\\/die-cbti-kontinuitaet-und-neubeginn\\\/\",\"url\":\"https:\\\/\\\/www.cbti-bkvt.org\\\/de\\\/die-cbti-kontinuitaet-und-neubeginn\\\/\",\"name\":\"Die CBTI \u2013 Kontinuit\u00e4t und Neubeginn - Chambre Belge des Traducteurs et Interpr\u00e8tes | Belgische Kamer van Vertalers en Tolken\",\"isPartOf\":{\"@id\":\"https:\\\/\\\/www.cbti-bkvt.org\\\/de\\\/#website\"},\"primaryImageOfPage\":{\"@id\":\"https:\\\/\\\/www.cbti-bkvt.org\\\/de\\\/die-cbti-kontinuitaet-und-neubeginn\\\/#primaryimage\"},\"image\":{\"@id\":\"https:\\\/\\\/www.cbti-bkvt.org\\\/de\\\/die-cbti-kontinuitaet-und-neubeginn\\\/#primaryimage\"},\"thumbnailUrl\":\"https:\\\/\\\/www.cbti-bkvt.org\\\/wp-content\\\/uploads\\\/AG2021-min-2.jpg\",\"datePublished\":\"2021-03-29T14:51:00+00:00\",\"dateModified\":\"2023-12-29T16:05:23+00:00\",\"author\":{\"@id\":\"https:\\\/\\\/www.cbti-bkvt.org\\\/de\\\/#\\\/schema\\\/person\\\/39694e286cbdc709aed8641743fa4591\"},\"breadcrumb\":{\"@id\":\"https:\\\/\\\/www.cbti-bkvt.org\\\/de\\\/die-cbti-kontinuitaet-und-neubeginn\\\/#breadcrumb\"},\"inLanguage\":\"de-DE\",\"potentialAction\":[{\"@type\":\"ReadAction\",\"target\":[\"https:\\\/\\\/www.cbti-bkvt.org\\\/de\\\/die-cbti-kontinuitaet-und-neubeginn\\\/\"]}]},{\"@type\":\"ImageObject\",\"inLanguage\":\"de-DE\",\"@id\":\"https:\\\/\\\/www.cbti-bkvt.org\\\/de\\\/die-cbti-kontinuitaet-und-neubeginn\\\/#primaryimage\",\"url\":\"https:\\\/\\\/www.cbti-bkvt.org\\\/wp-content\\\/uploads\\\/AG2021-min-2.jpg\",\"contentUrl\":\"https:\\\/\\\/www.cbti-bkvt.org\\\/wp-content\\\/uploads\\\/AG2021-min-2.jpg\",\"width\":1000,\"height\":715},{\"@type\":\"BreadcrumbList\",\"@id\":\"https:\\\/\\\/www.cbti-bkvt.org\\\/de\\\/die-cbti-kontinuitaet-und-neubeginn\\\/#breadcrumb\",\"itemListElement\":[{\"@type\":\"ListItem\",\"position\":1,\"name\":\"Home\",\"item\":\"https:\\\/\\\/www.cbti-bkvt.org\\\/de\\\/\"},{\"@type\":\"ListItem\",\"position\":2,\"name\":\"Die CBTI \u2013 Kontinuit\u00e4t und Neubeginn\"}]},{\"@type\":\"WebSite\",\"@id\":\"https:\\\/\\\/www.cbti-bkvt.org\\\/de\\\/#website\",\"url\":\"https:\\\/\\\/www.cbti-bkvt.org\\\/de\\\/\",\"name\":\"Chambre Belge des Traducteurs et Interpr\u00e8tes | Belgische Kamer van Vertalers en Tolken\",\"description\":\"M\u00e9tiers de la traduction \u00e9crite, l\u2019interpr\u00e9tation de conf\u00e9rence, la traduction et l\u2019interpr\u00e9tation en milieu judiciaire.\",\"potentialAction\":[{\"@type\":\"SearchAction\",\"target\":{\"@type\":\"EntryPoint\",\"urlTemplate\":\"https:\\\/\\\/www.cbti-bkvt.org\\\/de\\\/?s={search_term_string}\"},\"query-input\":{\"@type\":\"PropertyValueSpecification\",\"valueRequired\":true,\"valueName\":\"search_term_string\"}}],\"inLanguage\":\"de-DE\"},{\"@type\":\"Person\",\"@id\":\"https:\\\/\\\/www.cbti-bkvt.org\\\/de\\\/#\\\/schema\\\/person\\\/39694e286cbdc709aed8641743fa4591\",\"name\":\"CBTI Team\",\"image\":{\"@type\":\"ImageObject\",\"inLanguage\":\"de-DE\",\"@id\":\"https:\\\/\\\/secure.gravatar.com\\\/avatar\\\/46840e5c253419e7ddd36cf1b42202f1266a0347bb63a6b4f82b38f71ada6150?s=96&d=mm&r=g\",\"url\":\"https:\\\/\\\/secure.gravatar.com\\\/avatar\\\/46840e5c253419e7ddd36cf1b42202f1266a0347bb63a6b4f82b38f71ada6150?s=96&d=mm&r=g\",\"contentUrl\":\"https:\\\/\\\/secure.gravatar.com\\\/avatar\\\/46840e5c253419e7ddd36cf1b42202f1266a0347bb63a6b4f82b38f71ada6150?s=96&d=mm&r=g\",\"caption\":\"CBTI Team\"},\"sameAs\":[\"http:\\\/\\\/www.cbti-bkvt.org\"],\"url\":\"https:\\\/\\\/www.cbti-bkvt.org\\\/de\\\/author\\\/cbtitrad__gestion\\\/\"}]}<\/script>\n<!-- \/ Yoast SEO plugin. -->","yoast_head_json":{"title":"Chambre Belge des Traducteurs et Interpr\u00e8tes | Belgische Kamer van Vertalers en Tolken","robots":{"index":"index","follow":"follow","max-snippet":"max-snippet:-1","max-image-preview":"max-image-preview:large","max-video-preview":"max-video-preview:-1"},"canonical":"https:\/\/www.cbti-bkvt.org\/de\/die-cbti-kontinuitaet-und-neubeginn\/","og_locale":"de_DE","og_type":"article","og_title":"Die CBTI \u2013 Kontinuit\u00e4t und Neubeginn - Chambre Belge des Traducteurs et Interpr\u00e8tes | Belgische Kamer van Vertalers en Tolken","og_description":"Am Samstag, den 20. M\u00e4rz 2021, fand die Jahreshauptversammlung der Belgischen \u00dcbersetzer- und Dolmetscherkammer (CBTI) statt \u2014 angesichts des Corona-Infektionsgeschehens als Videokonferenz. In seiner Begr\u00fc\u00dfungsrede dankte der Vorsitzende allen Mitgliedern von Herzen f\u00fcr ihre Unterst\u00fctzung und ihr Engagement auf verschiedenen Ebenen. Dabei w\u00fcrdigte er insbesondere zwei wichtige Protagonistinnen der CBTI: Agn\u00e8s Feltkamp und Doris Grollmann,&hellip;&nbsp;Read More &raquo;Die CBTI \u2013 Kontinuit\u00e4t und Neubeginn","og_url":"https:\/\/www.cbti-bkvt.org\/de\/die-cbti-kontinuitaet-und-neubeginn\/","og_site_name":"Chambre Belge des Traducteurs et Interpr\u00e8tes | Belgische Kamer van Vertalers en Tolken","article_published_time":"2021-03-29T14:51:00+00:00","article_modified_time":"2023-12-29T16:05:23+00:00","og_image":[{"width":1000,"height":715,"url":"https:\/\/www.cbti-bkvt.org\/wp-content\/uploads\/AG2021-min-2.jpg","type":"image\/jpeg"}],"author":"CBTI Team","twitter_card":"summary_large_image","twitter_misc":{"Written by":"CBTI Team","Est. reading time":"3 minutes"},"schema":{"@context":"https:\/\/schema.org","@graph":[{"@type":"Article","@id":"https:\/\/www.cbti-bkvt.org\/de\/die-cbti-kontinuitaet-und-neubeginn\/#article","isPartOf":{"@id":"https:\/\/www.cbti-bkvt.org\/de\/die-cbti-kontinuitaet-und-neubeginn\/"},"author":{"name":"CBTI Team","@id":"https:\/\/www.cbti-bkvt.org\/de\/#\/schema\/person\/39694e286cbdc709aed8641743fa4591"},"headline":"Die CBTI \u2013 Kontinuit\u00e4t und Neubeginn","datePublished":"2021-03-29T14:51:00+00:00","dateModified":"2023-12-29T16:05:23+00:00","mainEntityOfPage":{"@id":"https:\/\/www.cbti-bkvt.org\/de\/die-cbti-kontinuitaet-und-neubeginn\/"},"wordCount":519,"commentCount":0,"image":{"@id":"https:\/\/www.cbti-bkvt.org\/de\/die-cbti-kontinuitaet-und-neubeginn\/#primaryimage"},"thumbnailUrl":"https:\/\/www.cbti-bkvt.org\/wp-content\/uploads\/AG2021-min-2.jpg","articleSection":["Veranstaltungen"],"inLanguage":"de-DE","potentialAction":[{"@type":"CommentAction","name":"Comment","target":["https:\/\/www.cbti-bkvt.org\/de\/die-cbti-kontinuitaet-und-neubeginn\/#respond"]}]},{"@type":"WebPage","@id":"https:\/\/www.cbti-bkvt.org\/de\/die-cbti-kontinuitaet-und-neubeginn\/","url":"https:\/\/www.cbti-bkvt.org\/de\/die-cbti-kontinuitaet-und-neubeginn\/","name":"Die CBTI \u2013 Kontinuit\u00e4t und Neubeginn - Chambre Belge des Traducteurs et Interpr\u00e8tes | Belgische Kamer van Vertalers en Tolken","isPartOf":{"@id":"https:\/\/www.cbti-bkvt.org\/de\/#website"},"primaryImageOfPage":{"@id":"https:\/\/www.cbti-bkvt.org\/de\/die-cbti-kontinuitaet-und-neubeginn\/#primaryimage"},"image":{"@id":"https:\/\/www.cbti-bkvt.org\/de\/die-cbti-kontinuitaet-und-neubeginn\/#primaryimage"},"thumbnailUrl":"https:\/\/www.cbti-bkvt.org\/wp-content\/uploads\/AG2021-min-2.jpg","datePublished":"2021-03-29T14:51:00+00:00","dateModified":"2023-12-29T16:05:23+00:00","author":{"@id":"https:\/\/www.cbti-bkvt.org\/de\/#\/schema\/person\/39694e286cbdc709aed8641743fa4591"},"breadcrumb":{"@id":"https:\/\/www.cbti-bkvt.org\/de\/die-cbti-kontinuitaet-und-neubeginn\/#breadcrumb"},"inLanguage":"de-DE","potentialAction":[{"@type":"ReadAction","target":["https:\/\/www.cbti-bkvt.org\/de\/die-cbti-kontinuitaet-und-neubeginn\/"]}]},{"@type":"ImageObject","inLanguage":"de-DE","@id":"https:\/\/www.cbti-bkvt.org\/de\/die-cbti-kontinuitaet-und-neubeginn\/#primaryimage","url":"https:\/\/www.cbti-bkvt.org\/wp-content\/uploads\/AG2021-min-2.jpg","contentUrl":"https:\/\/www.cbti-bkvt.org\/wp-content\/uploads\/AG2021-min-2.jpg","width":1000,"height":715},{"@type":"BreadcrumbList","@id":"https:\/\/www.cbti-bkvt.org\/de\/die-cbti-kontinuitaet-und-neubeginn\/#breadcrumb","itemListElement":[{"@type":"ListItem","position":1,"name":"Home","item":"https:\/\/www.cbti-bkvt.org\/de\/"},{"@type":"ListItem","position":2,"name":"Die CBTI \u2013 Kontinuit\u00e4t und Neubeginn"}]},{"@type":"WebSite","@id":"https:\/\/www.cbti-bkvt.org\/de\/#website","url":"https:\/\/www.cbti-bkvt.org\/de\/","name":"Chambre Belge des Traducteurs et Interpr\u00e8tes | Belgische Kamer van Vertalers en Tolken","description":"M\u00e9tiers de la traduction \u00e9crite, l\u2019interpr\u00e9tation de conf\u00e9rence, la traduction et l\u2019interpr\u00e9tation en milieu judiciaire.","potentialAction":[{"@type":"SearchAction","target":{"@type":"EntryPoint","urlTemplate":"https:\/\/www.cbti-bkvt.org\/de\/?s={search_term_string}"},"query-input":{"@type":"PropertyValueSpecification","valueRequired":true,"valueName":"search_term_string"}}],"inLanguage":"de-DE"},{"@type":"Person","@id":"https:\/\/www.cbti-bkvt.org\/de\/#\/schema\/person\/39694e286cbdc709aed8641743fa4591","name":"CBTI Team","image":{"@type":"ImageObject","inLanguage":"de-DE","@id":"https:\/\/secure.gravatar.com\/avatar\/46840e5c253419e7ddd36cf1b42202f1266a0347bb63a6b4f82b38f71ada6150?s=96&d=mm&r=g","url":"https:\/\/secure.gravatar.com\/avatar\/46840e5c253419e7ddd36cf1b42202f1266a0347bb63a6b4f82b38f71ada6150?s=96&d=mm&r=g","contentUrl":"https:\/\/secure.gravatar.com\/avatar\/46840e5c253419e7ddd36cf1b42202f1266a0347bb63a6b4f82b38f71ada6150?s=96&d=mm&r=g","caption":"CBTI Team"},"sameAs":["http:\/\/www.cbti-bkvt.org"],"url":"https:\/\/www.cbti-bkvt.org\/de\/author\/cbtitrad__gestion\/"}]}},"_links":{"self":[{"href":"https:\/\/www.cbti-bkvt.org\/de\/wp-json\/wp\/v2\/posts\/23532","targetHints":{"allow":["GET"]}}],"collection":[{"href":"https:\/\/www.cbti-bkvt.org\/de\/wp-json\/wp\/v2\/posts"}],"about":[{"href":"https:\/\/www.cbti-bkvt.org\/de\/wp-json\/wp\/v2\/types\/post"}],"author":[{"embeddable":true,"href":"https:\/\/www.cbti-bkvt.org\/de\/wp-json\/wp\/v2\/users\/1"}],"replies":[{"embeddable":true,"href":"https:\/\/www.cbti-bkvt.org\/de\/wp-json\/wp\/v2\/comments?post=23532"}],"version-history":[{"count":1,"href":"https:\/\/www.cbti-bkvt.org\/de\/wp-json\/wp\/v2\/posts\/23532\/revisions"}],"predecessor-version":[{"id":24545,"href":"https:\/\/www.cbti-bkvt.org\/de\/wp-json\/wp\/v2\/posts\/23532\/revisions\/24545"}],"wp:featuredmedia":[{"embeddable":true,"href":"https:\/\/www.cbti-bkvt.org\/de\/wp-json\/wp\/v2\/media\/22292"}],"wp:attachment":[{"href":"https:\/\/www.cbti-bkvt.org\/de\/wp-json\/wp\/v2\/media?parent=23532"}],"wp:term":[{"taxonomy":"category","embeddable":true,"href":"https:\/\/www.cbti-bkvt.org\/de\/wp-json\/wp\/v2\/categories?post=23532"},{"taxonomy":"post_tag","embeddable":true,"href":"https:\/\/www.cbti-bkvt.org\/de\/wp-json\/wp\/v2\/tags?post=23532"}],"curies":[{"name":"wp","href":"https:\/\/api.w.org\/{rel}","templated":true}]}}