{"id":26010,"date":"2013-09-17T06:00:00","date_gmt":"2013-09-17T06:00:00","guid":{"rendered":"https:\/\/www.cbti-bkvt.org\/nouvel-assujettissement-a-la-tva-pour-les-interpretes-judiciaires-accords-et-desaccords\/"},"modified":"2013-09-17T06:00:00","modified_gmt":"2013-09-17T06:00:00","slug":"nouvel-assujettissement-a-la-tva-pour-les-interpretes-judiciaires-accords-et-desaccords","status":"publish","type":"post","link":"https:\/\/www.cbti-bkvt.org\/de\/nouvel-assujettissement-a-la-tva-pour-les-interpretes-judiciaires-accords-et-desaccords\/","title":{"rendered":"Nouvel assujettissement \u00e0 la TVA pour les interpr\u00e8tes judiciaires : accords et d\u00e9saccords"},"content":{"rendered":"<p>Jusqu\u2019\u00e0 pr\u00e9sent, les interpr\u00e8tes en mati\u00e8re judiciaire ne facturaient pas la TVA. Dans sa circulaire n\u00b0 15 du 25 juillet 1979, l\u2019administration de la TVA avait estim\u00e9 que dans le cadre sp\u00e9cifique d\u2019une proc\u00e9dure judiciaire, les prestations de services fournies par un interpr\u00e8te en ex\u00e9cution d\u2019un mandat judiciaire, lors d\u2019une audience publique, \u00e9taient exempt\u00e9es de la taxe conform\u00e9ment \u00e0 l\u2019article 44, \u00a7 2, 8\u00b0, du Code de la TVA.<\/p>\n<p>En 2010, l\u2019administration de la TVA est parvenue \u00e0 la conclusion contraire et a pr\u00e9cis\u00e9 que \u00ab les prestations de traduction orale simultan\u00e9e effectu\u00e9es par des interpr\u00e8tes lors d\u2019auditions men\u00e9es par la police f\u00e9d\u00e9rale [\u00e9taient] taxables au taux normal de 21 p.c. \u00bb. En pratique, cependant, rien n\u2019a chang\u00e9.<\/p>\n<p>Cette ann\u00e9e, les choses ont \u00e9volu\u00e9. Dans sa d\u00e9cision n\u00b0 E.T. 124.252 du 30 mai 2013, l\u2019administration a r\u00e9p\u00e9t\u00e9 que la traduction simultan\u00e9e par des interpr\u00e8tes en ex\u00e9cution d\u2019un mandat judiciaire constituait un service soumis \u00e0 la TVA. Cette d\u00e9cision devait entrer en vigueur le 1er juillet 2013.<\/p>\n<p>En raison du chaos qu\u2019elle a provoqu\u00e9, l\u2019administration de la TVA a d\u00e9cid\u00e9 de reporter l\u2019entr\u00e9e en vigueur de la nouvelle r\u00e9glementation jusqu\u2019au 1er janvier 2014. Dans l\u2019intervalle, les interpr\u00e8tes judiciaires qui disposent d\u00e9j\u00e0 d\u2019un num\u00e9ro de TVA peuvent facturer la TVA, mais ils ne seront pas sanctionn\u00e9s s\u2019ils ne le font pas.<\/p>\n<p>En soi, l\u2019introduction de l\u2019assujettissement \u00e0 la TVA pour les interpr\u00e8tes judiciaires ne m\u00e9rite aucune critique de la part de la profession. Elle permettra de mettre tous les prestataires de services d\u2019interpr\u00e9tation sur un pied d\u2019\u00e9galit\u00e9.<\/p>\n<p>Certains interpr\u00e8tes judiciaires y sont oppos\u00e9s, car ils seront contraints de satisfaire \u00e0 diverses obligations l\u00e9gales dont ils n\u2019avaient probablement pas connaissance jusqu\u2019ici : ils devront demander un num\u00e9ro d\u2019entreprise, tenir une comptabilit\u00e9 et, dans la plupart des cas, payer des cotisations sociales (N.B. les personnes qui gagnent moins de 1 393 EUR ne sont redevables d\u2019aucune cotisation sociale). Les assujettis dont le chiffre d\u2019affaires est inf\u00e9rieur \u00e0 5 580 EUR b\u00e9n\u00e9ficient d\u2019une franchise de TVA, mais doivent obtenir une attestation \u00e0 cet effet.<\/p>\n<p>Il est toutefois regrettable que la Justice n\u2019ait pas pu veiller \u00e0 ce que tous les greffes du pays soient inform\u00e9s \u00e0 temps de l\u2019existence de la nouvelle mesure et suivent une seule et m\u00eame proc\u00e9dure.<\/p>\n<p>Le projet de loi modifiant la loi du 2 ao\u00fbt 2002 concernant la lutte contre le retard de paiement dans les transactions commerciales, approuv\u00e9 par la Chambre des repr\u00e9sentants le 17 juillet 2013, permettra de garantir que les factures ou \u00e9tats de frais soient pay\u00e9s dans un d\u00e9lai maximum de 60 jours ou, \u00e0 d\u00e9faut, produisent des int\u00e9r\u00eats de retard. Une petite consolation pour les interpr\u00e8tes judiciaires, qui craignent de devoir avancer la TVA puis de devoir patienter pendant des mois avant d\u2019\u00eatre pay\u00e9s.<\/p>\n<p><i>Nous remercions Fadia Elbouz pour la traduction b\u00e9n\u00e9vole.<\/i><\/p>\n","protected":false},"excerpt":{"rendered":"<p>Jusqu\u2019\u00e0 pr\u00e9sent, les interpr\u00e8tes en mati\u00e8re judiciaire ne facturaient pas la TVA. Dans sa circulaire n\u00b0 15 du 25 juillet 1979, l\u2019administration de la TVA avait estim\u00e9 que dans le cadre sp\u00e9cifique d\u2019une proc\u00e9dure judiciaire, les prestations de services fournies par un interpr\u00e8te en ex\u00e9cution d\u2019un mandat judiciaire, lors d\u2019une audience publique, \u00e9taient exempt\u00e9es de&hellip;&nbsp;<a href=\"https:\/\/www.cbti-bkvt.org\/de\/nouvel-assujettissement-a-la-tva-pour-les-interpretes-judiciaires-accords-et-desaccords\/\" rel=\"bookmark\">Read More &raquo;<span class=\"screen-reader-text\">Nouvel assujettissement \u00e0 la TVA pour les interpr\u00e8tes judiciaires : accords et d\u00e9saccords<\/span><\/a><\/p>\n","protected":false},"author":1,"featured_media":8574,"comment_status":"open","ping_status":"open","sticky":false,"template":"","format":"standard","meta":{"_acf_changed":false,"pmpro_default_level":"","neve_meta_sidebar":"","neve_meta_container":"","neve_meta_enable_content_width":"","neve_meta_content_width":0,"neve_meta_title_alignment":"","neve_meta_author_avatar":"","neve_post_elements_order":"","neve_meta_disable_header":"","neve_meta_disable_footer":"","neve_meta_disable_title":"","neve_meta_reading_time":"","footnotes":"","_links_to":"","_links_to_target":""},"categories":[382,386,404],"tags":[],"class_list":["post-26010","post","type-post","status-publish","format-standard","has-post-thumbnail","hentry","category-pressemitteilungen","category-steuern","category-vereidigte-uebersetzer-dolmetscher","pmpro-has-access"],"acf":[],"yoast_head":"<!-- This site is optimized with the Yoast SEO plugin v27.4 - https:\/\/yoast.com\/product\/yoast-seo-wordpress\/ -->\n<title>Chambre Belge des Traducteurs et Interpr\u00e8tes | Belgische Kamer van Vertalers en Tolken<\/title>\n<meta name=\"robots\" content=\"index, follow, max-snippet:-1, max-image-preview:large, max-video-preview:-1\" \/>\n<link rel=\"canonical\" href=\"https:\/\/www.cbti-bkvt.org\/de\/nouvel-assujettissement-a-la-tva-pour-les-interpretes-judiciaires-accords-et-desaccords\/\" \/>\n<meta property=\"og:locale\" content=\"de_DE\" \/>\n<meta property=\"og:type\" content=\"article\" \/>\n<meta property=\"og:title\" content=\"Nouvel assujettissement \u00e0 la TVA pour les interpr\u00e8tes judiciaires : accords et d\u00e9saccords - Chambre Belge des Traducteurs et Interpr\u00e8tes | Belgische Kamer van Vertalers en Tolken\" \/>\n<meta property=\"og:description\" content=\"Jusqu\u2019\u00e0 pr\u00e9sent, les interpr\u00e8tes en mati\u00e8re judiciaire ne facturaient pas la TVA. Dans sa circulaire n\u00b0 15 du 25 juillet 1979, l\u2019administration de la TVA avait estim\u00e9 que dans le cadre sp\u00e9cifique d\u2019une proc\u00e9dure judiciaire, les prestations de services fournies par un interpr\u00e8te en ex\u00e9cution d\u2019un mandat judiciaire, lors d\u2019une audience publique, \u00e9taient exempt\u00e9es de&hellip;&nbsp;Read More &raquo;Nouvel assujettissement \u00e0 la TVA pour les interpr\u00e8tes judiciaires : accords et d\u00e9saccords\" \/>\n<meta property=\"og:url\" content=\"https:\/\/www.cbti-bkvt.org\/de\/nouvel-assujettissement-a-la-tva-pour-les-interpretes-judiciaires-accords-et-desaccords\/\" \/>\n<meta property=\"og:site_name\" content=\"Chambre Belge des Traducteurs et Interpr\u00e8tes | Belgische Kamer van Vertalers en Tolken\" \/>\n<meta property=\"article:published_time\" content=\"2013-09-17T06:00:00+00:00\" \/>\n<meta name=\"author\" content=\"CBTI Team\" \/>\n<meta name=\"twitter:card\" content=\"summary_large_image\" \/>\n<meta name=\"twitter:label1\" content=\"Written by\" \/>\n\t<meta name=\"twitter:data1\" content=\"CBTI Team\" \/>\n\t<meta name=\"twitter:label2\" content=\"Est. reading time\" \/>\n\t<meta name=\"twitter:data2\" content=\"3 minutes\" \/>\n<script type=\"application\/ld+json\" class=\"yoast-schema-graph\">{\"@context\":\"https:\\\/\\\/schema.org\",\"@graph\":[{\"@type\":\"Article\",\"@id\":\"https:\\\/\\\/www.cbti-bkvt.org\\\/de\\\/nouvel-assujettissement-a-la-tva-pour-les-interpretes-judiciaires-accords-et-desaccords\\\/#article\",\"isPartOf\":{\"@id\":\"https:\\\/\\\/www.cbti-bkvt.org\\\/de\\\/nouvel-assujettissement-a-la-tva-pour-les-interpretes-judiciaires-accords-et-desaccords\\\/\"},\"author\":{\"name\":\"CBTI Team\",\"@id\":\"https:\\\/\\\/www.cbti-bkvt.org\\\/de\\\/#\\\/schema\\\/person\\\/39694e286cbdc709aed8641743fa4591\"},\"headline\":\"Nouvel assujettissement \u00e0 la TVA pour les interpr\u00e8tes judiciaires : accords et d\u00e9saccords\",\"datePublished\":\"2013-09-17T06:00:00+00:00\",\"mainEntityOfPage\":{\"@id\":\"https:\\\/\\\/www.cbti-bkvt.org\\\/de\\\/nouvel-assujettissement-a-la-tva-pour-les-interpretes-judiciaires-accords-et-desaccords\\\/\"},\"wordCount\":532,\"commentCount\":0,\"image\":{\"@id\":\"https:\\\/\\\/www.cbti-bkvt.org\\\/de\\\/nouvel-assujettissement-a-la-tva-pour-les-interpretes-judiciaires-accords-et-desaccords\\\/#primaryimage\"},\"thumbnailUrl\":\"https:\\\/\\\/www.cbti-bkvt.org\\\/wp-content\\\/uploads\\\/4334069517_87e11902ca_o-8.jpg\",\"articleSection\":[\"Pressemitteilungen\",\"Steuern\",\"Vereidigte \u00dcbersetzer\\\/Dolmetscher\"],\"inLanguage\":\"de-DE\",\"potentialAction\":[{\"@type\":\"CommentAction\",\"name\":\"Comment\",\"target\":[\"https:\\\/\\\/www.cbti-bkvt.org\\\/de\\\/nouvel-assujettissement-a-la-tva-pour-les-interpretes-judiciaires-accords-et-desaccords\\\/#respond\"]}]},{\"@type\":\"WebPage\",\"@id\":\"https:\\\/\\\/www.cbti-bkvt.org\\\/de\\\/nouvel-assujettissement-a-la-tva-pour-les-interpretes-judiciaires-accords-et-desaccords\\\/\",\"url\":\"https:\\\/\\\/www.cbti-bkvt.org\\\/de\\\/nouvel-assujettissement-a-la-tva-pour-les-interpretes-judiciaires-accords-et-desaccords\\\/\",\"name\":\"Nouvel assujettissement \u00e0 la TVA pour les interpr\u00e8tes judiciaires : accords et d\u00e9saccords - Chambre Belge des Traducteurs et Interpr\u00e8tes | Belgische Kamer van Vertalers en Tolken\",\"isPartOf\":{\"@id\":\"https:\\\/\\\/www.cbti-bkvt.org\\\/de\\\/#website\"},\"primaryImageOfPage\":{\"@id\":\"https:\\\/\\\/www.cbti-bkvt.org\\\/de\\\/nouvel-assujettissement-a-la-tva-pour-les-interpretes-judiciaires-accords-et-desaccords\\\/#primaryimage\"},\"image\":{\"@id\":\"https:\\\/\\\/www.cbti-bkvt.org\\\/de\\\/nouvel-assujettissement-a-la-tva-pour-les-interpretes-judiciaires-accords-et-desaccords\\\/#primaryimage\"},\"thumbnailUrl\":\"https:\\\/\\\/www.cbti-bkvt.org\\\/wp-content\\\/uploads\\\/4334069517_87e11902ca_o-8.jpg\",\"datePublished\":\"2013-09-17T06:00:00+00:00\",\"author\":{\"@id\":\"https:\\\/\\\/www.cbti-bkvt.org\\\/de\\\/#\\\/schema\\\/person\\\/39694e286cbdc709aed8641743fa4591\"},\"breadcrumb\":{\"@id\":\"https:\\\/\\\/www.cbti-bkvt.org\\\/de\\\/nouvel-assujettissement-a-la-tva-pour-les-interpretes-judiciaires-accords-et-desaccords\\\/#breadcrumb\"},\"inLanguage\":\"de-DE\",\"potentialAction\":[{\"@type\":\"ReadAction\",\"target\":[\"https:\\\/\\\/www.cbti-bkvt.org\\\/de\\\/nouvel-assujettissement-a-la-tva-pour-les-interpretes-judiciaires-accords-et-desaccords\\\/\"]}]},{\"@type\":\"ImageObject\",\"inLanguage\":\"de-DE\",\"@id\":\"https:\\\/\\\/www.cbti-bkvt.org\\\/de\\\/nouvel-assujettissement-a-la-tva-pour-les-interpretes-judiciaires-accords-et-desaccords\\\/#primaryimage\",\"url\":\"https:\\\/\\\/www.cbti-bkvt.org\\\/wp-content\\\/uploads\\\/4334069517_87e11902ca_o-8.jpg\",\"contentUrl\":\"https:\\\/\\\/www.cbti-bkvt.org\\\/wp-content\\\/uploads\\\/4334069517_87e11902ca_o-8.jpg\",\"width\":1217,\"height\":811},{\"@type\":\"BreadcrumbList\",\"@id\":\"https:\\\/\\\/www.cbti-bkvt.org\\\/de\\\/nouvel-assujettissement-a-la-tva-pour-les-interpretes-judiciaires-accords-et-desaccords\\\/#breadcrumb\",\"itemListElement\":[{\"@type\":\"ListItem\",\"position\":1,\"name\":\"Home\",\"item\":\"https:\\\/\\\/www.cbti-bkvt.org\\\/de\\\/\"},{\"@type\":\"ListItem\",\"position\":2,\"name\":\"Nouvel assujettissement \u00e0 la TVA pour les interpr\u00e8tes judiciaires : accords et d\u00e9saccords\"}]},{\"@type\":\"WebSite\",\"@id\":\"https:\\\/\\\/www.cbti-bkvt.org\\\/de\\\/#website\",\"url\":\"https:\\\/\\\/www.cbti-bkvt.org\\\/de\\\/\",\"name\":\"Chambre Belge des Traducteurs et Interpr\u00e8tes | Belgische Kamer van Vertalers en Tolken\",\"description\":\"M\u00e9tiers de la traduction \u00e9crite, l\u2019interpr\u00e9tation de conf\u00e9rence, la traduction et l\u2019interpr\u00e9tation en milieu judiciaire.\",\"potentialAction\":[{\"@type\":\"SearchAction\",\"target\":{\"@type\":\"EntryPoint\",\"urlTemplate\":\"https:\\\/\\\/www.cbti-bkvt.org\\\/de\\\/?s={search_term_string}\"},\"query-input\":{\"@type\":\"PropertyValueSpecification\",\"valueRequired\":true,\"valueName\":\"search_term_string\"}}],\"inLanguage\":\"de-DE\"},{\"@type\":\"Person\",\"@id\":\"https:\\\/\\\/www.cbti-bkvt.org\\\/de\\\/#\\\/schema\\\/person\\\/39694e286cbdc709aed8641743fa4591\",\"name\":\"CBTI Team\",\"image\":{\"@type\":\"ImageObject\",\"inLanguage\":\"de-DE\",\"@id\":\"https:\\\/\\\/secure.gravatar.com\\\/avatar\\\/46840e5c253419e7ddd36cf1b42202f1266a0347bb63a6b4f82b38f71ada6150?s=96&d=mm&r=g\",\"url\":\"https:\\\/\\\/secure.gravatar.com\\\/avatar\\\/46840e5c253419e7ddd36cf1b42202f1266a0347bb63a6b4f82b38f71ada6150?s=96&d=mm&r=g\",\"contentUrl\":\"https:\\\/\\\/secure.gravatar.com\\\/avatar\\\/46840e5c253419e7ddd36cf1b42202f1266a0347bb63a6b4f82b38f71ada6150?s=96&d=mm&r=g\",\"caption\":\"CBTI Team\"},\"sameAs\":[\"http:\\\/\\\/www.cbti-bkvt.org\"],\"url\":\"https:\\\/\\\/www.cbti-bkvt.org\\\/de\\\/author\\\/cbtitrad__gestion\\\/\"}]}<\/script>\n<!-- \/ Yoast SEO plugin. -->","yoast_head_json":{"title":"Chambre Belge des Traducteurs et Interpr\u00e8tes | Belgische Kamer van Vertalers en Tolken","robots":{"index":"index","follow":"follow","max-snippet":"max-snippet:-1","max-image-preview":"max-image-preview:large","max-video-preview":"max-video-preview:-1"},"canonical":"https:\/\/www.cbti-bkvt.org\/de\/nouvel-assujettissement-a-la-tva-pour-les-interpretes-judiciaires-accords-et-desaccords\/","og_locale":"de_DE","og_type":"article","og_title":"Nouvel assujettissement \u00e0 la TVA pour les interpr\u00e8tes judiciaires : accords et d\u00e9saccords - Chambre Belge des Traducteurs et Interpr\u00e8tes | Belgische Kamer van Vertalers en Tolken","og_description":"Jusqu\u2019\u00e0 pr\u00e9sent, les interpr\u00e8tes en mati\u00e8re judiciaire ne facturaient pas la TVA. Dans sa circulaire n\u00b0 15 du 25 juillet 1979, l\u2019administration de la TVA avait estim\u00e9 que dans le cadre sp\u00e9cifique d\u2019une proc\u00e9dure judiciaire, les prestations de services fournies par un interpr\u00e8te en ex\u00e9cution d\u2019un mandat judiciaire, lors d\u2019une audience publique, \u00e9taient exempt\u00e9es de&hellip;&nbsp;Read More &raquo;Nouvel assujettissement \u00e0 la TVA pour les interpr\u00e8tes judiciaires : accords et d\u00e9saccords","og_url":"https:\/\/www.cbti-bkvt.org\/de\/nouvel-assujettissement-a-la-tva-pour-les-interpretes-judiciaires-accords-et-desaccords\/","og_site_name":"Chambre Belge des Traducteurs et Interpr\u00e8tes | Belgische Kamer van Vertalers en Tolken","article_published_time":"2013-09-17T06:00:00+00:00","author":"CBTI Team","twitter_card":"summary_large_image","twitter_misc":{"Written by":"CBTI Team","Est. reading time":"3 minutes"},"schema":{"@context":"https:\/\/schema.org","@graph":[{"@type":"Article","@id":"https:\/\/www.cbti-bkvt.org\/de\/nouvel-assujettissement-a-la-tva-pour-les-interpretes-judiciaires-accords-et-desaccords\/#article","isPartOf":{"@id":"https:\/\/www.cbti-bkvt.org\/de\/nouvel-assujettissement-a-la-tva-pour-les-interpretes-judiciaires-accords-et-desaccords\/"},"author":{"name":"CBTI Team","@id":"https:\/\/www.cbti-bkvt.org\/de\/#\/schema\/person\/39694e286cbdc709aed8641743fa4591"},"headline":"Nouvel assujettissement \u00e0 la TVA pour les interpr\u00e8tes judiciaires : accords et d\u00e9saccords","datePublished":"2013-09-17T06:00:00+00:00","mainEntityOfPage":{"@id":"https:\/\/www.cbti-bkvt.org\/de\/nouvel-assujettissement-a-la-tva-pour-les-interpretes-judiciaires-accords-et-desaccords\/"},"wordCount":532,"commentCount":0,"image":{"@id":"https:\/\/www.cbti-bkvt.org\/de\/nouvel-assujettissement-a-la-tva-pour-les-interpretes-judiciaires-accords-et-desaccords\/#primaryimage"},"thumbnailUrl":"https:\/\/www.cbti-bkvt.org\/wp-content\/uploads\/4334069517_87e11902ca_o-8.jpg","articleSection":["Pressemitteilungen","Steuern","Vereidigte \u00dcbersetzer\/Dolmetscher"],"inLanguage":"de-DE","potentialAction":[{"@type":"CommentAction","name":"Comment","target":["https:\/\/www.cbti-bkvt.org\/de\/nouvel-assujettissement-a-la-tva-pour-les-interpretes-judiciaires-accords-et-desaccords\/#respond"]}]},{"@type":"WebPage","@id":"https:\/\/www.cbti-bkvt.org\/de\/nouvel-assujettissement-a-la-tva-pour-les-interpretes-judiciaires-accords-et-desaccords\/","url":"https:\/\/www.cbti-bkvt.org\/de\/nouvel-assujettissement-a-la-tva-pour-les-interpretes-judiciaires-accords-et-desaccords\/","name":"Nouvel assujettissement \u00e0 la TVA pour les interpr\u00e8tes judiciaires : accords et d\u00e9saccords - Chambre Belge des Traducteurs et Interpr\u00e8tes | Belgische Kamer van Vertalers en Tolken","isPartOf":{"@id":"https:\/\/www.cbti-bkvt.org\/de\/#website"},"primaryImageOfPage":{"@id":"https:\/\/www.cbti-bkvt.org\/de\/nouvel-assujettissement-a-la-tva-pour-les-interpretes-judiciaires-accords-et-desaccords\/#primaryimage"},"image":{"@id":"https:\/\/www.cbti-bkvt.org\/de\/nouvel-assujettissement-a-la-tva-pour-les-interpretes-judiciaires-accords-et-desaccords\/#primaryimage"},"thumbnailUrl":"https:\/\/www.cbti-bkvt.org\/wp-content\/uploads\/4334069517_87e11902ca_o-8.jpg","datePublished":"2013-09-17T06:00:00+00:00","author":{"@id":"https:\/\/www.cbti-bkvt.org\/de\/#\/schema\/person\/39694e286cbdc709aed8641743fa4591"},"breadcrumb":{"@id":"https:\/\/www.cbti-bkvt.org\/de\/nouvel-assujettissement-a-la-tva-pour-les-interpretes-judiciaires-accords-et-desaccords\/#breadcrumb"},"inLanguage":"de-DE","potentialAction":[{"@type":"ReadAction","target":["https:\/\/www.cbti-bkvt.org\/de\/nouvel-assujettissement-a-la-tva-pour-les-interpretes-judiciaires-accords-et-desaccords\/"]}]},{"@type":"ImageObject","inLanguage":"de-DE","@id":"https:\/\/www.cbti-bkvt.org\/de\/nouvel-assujettissement-a-la-tva-pour-les-interpretes-judiciaires-accords-et-desaccords\/#primaryimage","url":"https:\/\/www.cbti-bkvt.org\/wp-content\/uploads\/4334069517_87e11902ca_o-8.jpg","contentUrl":"https:\/\/www.cbti-bkvt.org\/wp-content\/uploads\/4334069517_87e11902ca_o-8.jpg","width":1217,"height":811},{"@type":"BreadcrumbList","@id":"https:\/\/www.cbti-bkvt.org\/de\/nouvel-assujettissement-a-la-tva-pour-les-interpretes-judiciaires-accords-et-desaccords\/#breadcrumb","itemListElement":[{"@type":"ListItem","position":1,"name":"Home","item":"https:\/\/www.cbti-bkvt.org\/de\/"},{"@type":"ListItem","position":2,"name":"Nouvel assujettissement \u00e0 la TVA pour les interpr\u00e8tes judiciaires : accords et d\u00e9saccords"}]},{"@type":"WebSite","@id":"https:\/\/www.cbti-bkvt.org\/de\/#website","url":"https:\/\/www.cbti-bkvt.org\/de\/","name":"Chambre Belge des Traducteurs et Interpr\u00e8tes | Belgische Kamer van Vertalers en Tolken","description":"M\u00e9tiers de la traduction \u00e9crite, l\u2019interpr\u00e9tation de conf\u00e9rence, la traduction et l\u2019interpr\u00e9tation en milieu judiciaire.","potentialAction":[{"@type":"SearchAction","target":{"@type":"EntryPoint","urlTemplate":"https:\/\/www.cbti-bkvt.org\/de\/?s={search_term_string}"},"query-input":{"@type":"PropertyValueSpecification","valueRequired":true,"valueName":"search_term_string"}}],"inLanguage":"de-DE"},{"@type":"Person","@id":"https:\/\/www.cbti-bkvt.org\/de\/#\/schema\/person\/39694e286cbdc709aed8641743fa4591","name":"CBTI Team","image":{"@type":"ImageObject","inLanguage":"de-DE","@id":"https:\/\/secure.gravatar.com\/avatar\/46840e5c253419e7ddd36cf1b42202f1266a0347bb63a6b4f82b38f71ada6150?s=96&d=mm&r=g","url":"https:\/\/secure.gravatar.com\/avatar\/46840e5c253419e7ddd36cf1b42202f1266a0347bb63a6b4f82b38f71ada6150?s=96&d=mm&r=g","contentUrl":"https:\/\/secure.gravatar.com\/avatar\/46840e5c253419e7ddd36cf1b42202f1266a0347bb63a6b4f82b38f71ada6150?s=96&d=mm&r=g","caption":"CBTI Team"},"sameAs":["http:\/\/www.cbti-bkvt.org"],"url":"https:\/\/www.cbti-bkvt.org\/de\/author\/cbtitrad__gestion\/"}]}},"_links":{"self":[{"href":"https:\/\/www.cbti-bkvt.org\/de\/wp-json\/wp\/v2\/posts\/26010","targetHints":{"allow":["GET"]}}],"collection":[{"href":"https:\/\/www.cbti-bkvt.org\/de\/wp-json\/wp\/v2\/posts"}],"about":[{"href":"https:\/\/www.cbti-bkvt.org\/de\/wp-json\/wp\/v2\/types\/post"}],"author":[{"embeddable":true,"href":"https:\/\/www.cbti-bkvt.org\/de\/wp-json\/wp\/v2\/users\/1"}],"replies":[{"embeddable":true,"href":"https:\/\/www.cbti-bkvt.org\/de\/wp-json\/wp\/v2\/comments?post=26010"}],"version-history":[{"count":0,"href":"https:\/\/www.cbti-bkvt.org\/de\/wp-json\/wp\/v2\/posts\/26010\/revisions"}],"wp:featuredmedia":[{"embeddable":true,"href":"https:\/\/www.cbti-bkvt.org\/de\/wp-json\/wp\/v2\/media\/8574"}],"wp:attachment":[{"href":"https:\/\/www.cbti-bkvt.org\/de\/wp-json\/wp\/v2\/media?parent=26010"}],"wp:term":[{"taxonomy":"category","embeddable":true,"href":"https:\/\/www.cbti-bkvt.org\/de\/wp-json\/wp\/v2\/categories?post=26010"},{"taxonomy":"post_tag","embeddable":true,"href":"https:\/\/www.cbti-bkvt.org\/de\/wp-json\/wp\/v2\/tags?post=26010"}],"curies":[{"name":"wp","href":"https:\/\/api.w.org\/{rel}","templated":true}]}}