{"id":26142,"date":"2016-07-22T16:35:00","date_gmt":"2016-07-22T16:35:00","guid":{"rendered":"https:\/\/www.cbti-bkvt.org\/projet-darrete-royal-sur-les-tarifs-des-traducteurs-et-interpretes-jures-la-cbti-se-dit-mitigee\/"},"modified":"2024-01-27T12:50:11","modified_gmt":"2024-01-27T12:50:11","slug":"projet-darrete-royal-sur-les-tarifs-des-traducteurs-et-interpretes-jures-la-cbti-se-dit-mitigee","status":"publish","type":"post","link":"https:\/\/www.cbti-bkvt.org\/de\/projet-darrete-royal-sur-les-tarifs-des-traducteurs-et-interpretes-jures-la-cbti-se-dit-mitigee\/","title":{"rendered":"Projet d\u2019arr\u00eat\u00e9 royal sur les tarifs des traducteurs et interpr\u00e8tes jur\u00e9s : la CBTI se dit \u00ab mitig\u00e9e \u00bb"},"content":{"rendered":"<p><strong>Bruxelles, le 22 juillet 2016 \u2013 Le Conseil des ministres a approuv\u00e9 ce 20 juillet 2016 un <a href=\"http:\/\/www.koengeens.be\/fr\/news\/2016\/07\/20\/actualisation-des-tarifs-des-traducteurs-et-interpretes\">projet d\u2019arr\u00eat\u00e9 royal<\/a> qui actualise les tarifs des prestations des traducteurs et interpr\u00e8tes. Si la Chambre belge des traducteurs et interpr\u00e8tes se r\u00e9jouit que le ministre de la Justice se soit enfin pench\u00e9 sur leur situation, dont elle d\u00e9nonce la pr\u00e9carit\u00e9 depuis de nombreuses ann\u00e9es, l\u2019association professionnelle se dit n\u00e9anmoins fort partag\u00e9e quant au contenu m\u00eame de la proposition.<\/strong><\/p>\n<p>Peu apr\u00e8s sa nomination comme ministre de la Justice, Koen Geens avait annonc\u00e9 son intention d\u2019inviter les repr\u00e9sentants des traducteurs et interpr\u00e8tes jur\u00e9s \u00e0 la table des n\u00e9gociations en vue de pr\u00e9parer les arr\u00eat\u00e9s d\u2019ex\u00e9cution de la loi du 10 avril 2014 \u00e9tablissant un registre national des traducteurs, interpr\u00e8tes et traducteurs-interpr\u00e8tes jur\u00e9s, vot\u00e9e \u00e0 l\u2019initiative de la CBTI. Le ministre disait vouloir am\u00e9liorer les conditions de travail et financi\u00e8res tr\u00e8s pr\u00e9caires de ces acteurs incontournables du monde judiciaire.<\/p>\n<p>Apr\u00e8s deux ann\u00e9es d\u2019\u00e2pres n\u00e9gociations avec notre association, Koen Geens vient de faire approuver son projet d\u2019arr\u00eat\u00e9 royal par le Conseil des ministres, qui promet notamment une augmentation de 121 % pour les combinaisons fran\u00e7ais-n\u00e9erlandais et n\u00e9erlandais-fran\u00e7ais, une hausse de 41 % du tarif horaire des interpr\u00e8tes et, de fa\u00e7on g\u00e9n\u00e9rale, \u00ab une r\u00e9tribution plus \u00e9quitable \u00bb des professionnels de la traduction, toutes langues confondues, en r\u00e9ponse \u00e0 l\u2019avis du Conseil d\u2019\u00c9tat qui avait \u00e9mis des critiques \u00e0 cet \u00e9gard en 2007 et exprim\u00e9 le souhait de \u00ab pouvoir donner le m\u00eame revenu \u00e0 chaque traducteur, nonobstant la langue. \u00bb<\/p>\n<p>La Chambre belge des traducteurs et interpr\u00e8tes se r\u00e9jouit que le cabinet du ministre de la Justice se soit enfin pench\u00e9, apr\u00e8s plus de 20 ans, sur les tarifs propos\u00e9s aux professionnels de la traduction jur\u00e9e. Compte tenu des coupes budg\u00e9taires annonc\u00e9es tous azimuts par le gouvernement, elle ne peut que saluer l\u2019effort consenti par le minist\u00e8re de la Justice \u00e0 l\u2019\u00e9gard des professionnels qu\u2019elle repr\u00e9sente.<\/p>\n<p>N\u00e9anmoins, en d\u00e9pit de cette marque d\u2019ouverture, elle doit aussi constater que les tarifs sont tr\u00e8s<br \/>\u00e9loign\u00e9s des prix pratiqu\u00e9s dans d\u2019autres sous -secteurs du march\u00e9 ou dans d\u2019autres pays , sur lesquels<br \/>notre association professionnelle avait bas\u00e9 sa proposition initiale, \u00e0 savoir notamment un tarif<br \/>uniforme de 1 euro par ligne pour les traducteurs et de 50 euros de l\u2019heure pour tous les interpr\u00e8tes.<\/p>\n<p>La CBTI tient donc \u00e0 nuancer fortement le communiqu\u00e9 du ministre et \u00e0 mettre les professionnels du<br \/>secteur en garde contre ses effets d\u2019annonce. Premi\u00e8rement, \u00e9tant donn\u00e9 le niveau scandaleusement<br \/>bas des anciens tarifs, toute tentative de rapprochement \u00e0 la normalit\u00e9 prend rapidement des<br \/>proportions gigantesques. Quoi qu&#8217;on en dise, les prix actualis\u00e9s restent donc encore indignes d\u2019une<br \/>prestation de traduction de qualit\u00e9 professionnelle. Deuxi\u00e8mement, si l\u2019on tient compte du<br \/>changement de certaines bases de calcul, l\u2019augmentation r\u00e9elle du tarif dans certaines combinaisons<br \/>est en outre bien en de\u00e7\u00e0 des pourcentages annonc\u00e9s. La CBTI d\u00e9plore \u00e9galement que certaines<br \/>questions aient \u00e9t\u00e9 trait\u00e9es avec autant de l\u00e9g\u00e8ret\u00e9, notamment en mati\u00e8re de technologies. Le<br \/>communiqu\u00e9 indique ainsi que pour \u00ab le fran\u00e7ais-n\u00e9erlandais et le n\u00e9erlandais -fran\u00e7ais, le tarif de<br \/>18 euros s\u2019applique parce qu\u2019une traduction assist\u00e9e par ordinateur requiert moins de temps \u00bb. De<br \/>toute \u00e9vidence, cet argument, par ailleurs \u00e0 la limite du compr\u00e9hensible, d\u00e9note une grande<br \/>m\u00e9connaissance de notre secteur et de ses sp\u00e9cificit\u00e9s par les autorit\u00e9s.<\/p>\n<p>La Chambre belge des traducteurs et interpr\u00e8tes proc\u00e9dera d\u00e8s lors, dans les prochaines semaines, \u00e0<br \/>une analyse minutieuse des nouveaux tarifs propos\u00e9s et des articles de l\u2019arr\u00eat\u00e9 royal et interpellera<br \/>ensuite \u00e0 nouveau le ministre pour lui exposer ses dol\u00e9ances et le sensibiliser au caract\u00e8re largement<br \/>insuffisant de l\u2019effort budg\u00e9taire consenti.<\/p>\n<h3>La CBTI<\/h3>\n<p>Cr\u00e9\u00e9e en 1955, la Chambre belge des traducteurs et interpr\u00e8tes est une association royale sans but lucratif. Seule organisation professionnelle \u00e0 r\u00e9unir les traducteurs et interpr\u00e8tes de toute la Belgique et \u00e0 les repr\u00e9senter au Conseil sup\u00e9rieur des ind\u00e9pendants et des PME, son objet consiste \u00e0 grouper les personnes physiques exer\u00e7ant un m\u00e9tier directement li\u00e9 \u00e0 la traduction ou \u00e0 l\u2019interpr\u00e9tation en vue de leur int\u00e9r\u00eat mutuel, \u00e0 perfectionner les connaissances professionnelles par la formation permanente, \u00e0 d\u00e9velopper le prestige des professions couvertes par les statuts et \u00e0 d\u00e9fendre les int\u00e9r\u00eats professionnels collectifs de ses membres. Plus d\u2019infos sur : <a href=\"http:\/\/www.cbti-bkvt.org\">www.cbti-bkvt.org<\/a><\/p>\n<h3>Lextra Lingua<\/h3>\n<p>Lextra Lingua est une association d\u2019interpr\u00e8tes et traducteurs jur\u00e9s travaillant pour les tribunaux, la police,<br \/>les services sociaux&#8230; Lextra Lingua d\u00e9fend les int\u00e9r\u00eats de ses membres, les forme et les informe, et oeuvre<br \/>\u00e0 leur plus haut degr\u00e9 d\u2019expertise et d&#8217;\u00e9thique professionnelle. Le site internet de Lextra Lingua met \u00e0<br \/>disposition de commanditaires potentiels une liste d\u2019interpr\u00e8tes et traducteurs jur\u00e9s class\u00e9s par langue,<br \/>offre un service de permanence et publie des informations utiles.<\/p>\n<h3>Contact<\/h3>\n<p><strong>Chambre belge des traducteurs et interpr\u00e8tes (CBTI)<\/strong><br \/>Rue Montoyer 24 &#8211; b12<br \/>B-1000 Bruxelles<br \/>T\u00e9l. : 02-513 09 15<br \/><a href=\"mailto:secretariat@cbti-bkvt.org\">secretariat@cbti-bkvt.org<\/a><br \/><a href=\"http:\/\/www.cbti-bkvt.org\">www.cbti-bkvt.org<\/a><\/p>\n<p>Doris Grollmann (commission traducteurs jur\u00e9s) : 0473\/712177 ou <a href=\"mailto:jur@cbti-bkvt.org\">jur@cbti-bkvt.org<\/a><br \/>Rita Roggen (Pr\u00e9sidente) : 0475\/693120 ou <a href=\"mailto:president@cbti-bkvt.org\">president@cbti-bkvt.org<\/a><\/p>\n<p><strong>Lextra Lingua<\/strong><br \/>Diestsesteenweg 675<br \/>B-3010 Leuven (Louvain)<br \/>T\u00e9l. : +32 477 51 24 81<br \/><a href=\"mailto:info@lextra-lingua.be\">info@lextra-lingua.be<\/a><br \/><a href=\"http:\/\/www.lextra-lingua.be\">www.lextra-lingua.be<\/a><\/p>\n\n\n<ul class=\"wp-block-list\">\n<li><a href=\"https:\/\/www.cbti-bkvt.org\/wp-content\/uploads\/FR__Communiqu__de_presse_-_Projet_d_arr_t__royal_sur_les_tarifs_des_traducteurs_et_interpr_tes_jur_s.pdf\" target=\"_blank\" rel=\"noreferrer noopener\">Communiqu\u00e9 de presse &#8211; Projet d\u2019arr\u00eat\u00e9 royal sur les tarifs des traducteurs et interpr\u00e8tes jur\u00e9s\u00a0<\/a>[PDF]<\/li>\n<\/ul>\n","protected":false},"excerpt":{"rendered":"<p>Bruxelles, le 22 juillet 2016 \u2013 Le Conseil des ministres a approuv\u00e9 ce 20 juillet 2016 un projet d\u2019arr\u00eat\u00e9 royal qui actualise les tarifs des prestations des traducteurs et interpr\u00e8tes. Si la Chambre belge des traducteurs et interpr\u00e8tes se r\u00e9jouit que le ministre de la Justice se soit enfin pench\u00e9 sur leur situation, dont elle&hellip;&nbsp;<a href=\"https:\/\/www.cbti-bkvt.org\/de\/projet-darrete-royal-sur-les-tarifs-des-traducteurs-et-interpretes-jures-la-cbti-se-dit-mitigee\/\" rel=\"bookmark\">Read More &raquo;<span class=\"screen-reader-text\">Projet d\u2019arr\u00eat\u00e9 royal sur les tarifs des traducteurs et interpr\u00e8tes jur\u00e9s : la CBTI se dit \u00ab mitig\u00e9e \u00bb<\/span><\/a><\/p>\n","protected":false},"author":1,"featured_media":9390,"comment_status":"open","ping_status":"open","sticky":false,"template":"","format":"standard","meta":{"_acf_changed":false,"pmpro_default_level":"","neve_meta_sidebar":"","neve_meta_container":"","neve_meta_enable_content_width":"","neve_meta_content_width":0,"neve_meta_title_alignment":"","neve_meta_author_avatar":"","neve_post_elements_order":"","neve_meta_disable_header":"","neve_meta_disable_footer":"","neve_meta_disable_title":"","neve_meta_reading_time":"","footnotes":"","_links_to":"","_links_to_target":""},"categories":[382,404],"tags":[],"class_list":["post-26142","post","type-post","status-publish","format-standard","has-post-thumbnail","hentry","category-pressemitteilungen","category-vereidigte-uebersetzer-dolmetscher","pmpro-has-access"],"acf":[],"yoast_head":"<!-- This site is optimized with the Yoast SEO plugin v27.4 - https:\/\/yoast.com\/product\/yoast-seo-wordpress\/ -->\n<title>Chambre Belge des Traducteurs et Interpr\u00e8tes | Belgische Kamer van Vertalers en Tolken<\/title>\n<meta name=\"robots\" content=\"index, follow, max-snippet:-1, max-image-preview:large, max-video-preview:-1\" \/>\n<link rel=\"canonical\" href=\"https:\/\/www.cbti-bkvt.org\/de\/projet-darrete-royal-sur-les-tarifs-des-traducteurs-et-interpretes-jures-la-cbti-se-dit-mitigee\/\" \/>\n<meta property=\"og:locale\" content=\"de_DE\" \/>\n<meta property=\"og:type\" content=\"article\" \/>\n<meta property=\"og:title\" content=\"Projet d\u2019arr\u00eat\u00e9 royal sur les tarifs des traducteurs et interpr\u00e8tes jur\u00e9s : la CBTI se dit \u00ab mitig\u00e9e \u00bb - Chambre Belge des Traducteurs et Interpr\u00e8tes | Belgische Kamer van Vertalers en Tolken\" \/>\n<meta property=\"og:description\" content=\"Bruxelles, le 22 juillet 2016 \u2013 Le Conseil des ministres a approuv\u00e9 ce 20 juillet 2016 un projet d\u2019arr\u00eat\u00e9 royal qui actualise les tarifs des prestations des traducteurs et interpr\u00e8tes. Si la Chambre belge des traducteurs et interpr\u00e8tes se r\u00e9jouit que le ministre de la Justice se soit enfin pench\u00e9 sur leur situation, dont elle&hellip;&nbsp;Read More &raquo;Projet d\u2019arr\u00eat\u00e9 royal sur les tarifs des traducteurs et interpr\u00e8tes jur\u00e9s : la CBTI se dit \u00ab mitig\u00e9e \u00bb\" \/>\n<meta property=\"og:url\" content=\"https:\/\/www.cbti-bkvt.org\/de\/projet-darrete-royal-sur-les-tarifs-des-traducteurs-et-interpretes-jures-la-cbti-se-dit-mitigee\/\" \/>\n<meta property=\"og:site_name\" content=\"Chambre Belge des Traducteurs et Interpr\u00e8tes | Belgische Kamer van Vertalers en Tolken\" \/>\n<meta property=\"article:published_time\" content=\"2016-07-22T16:35:00+00:00\" \/>\n<meta property=\"article:modified_time\" content=\"2024-01-27T12:50:11+00:00\" \/>\n<meta property=\"og:image\" content=\"https:\/\/www.cbti-bkvt.org\/wp-content\/uploads\/lady_justice-1-2.jpg\" \/>\n\t<meta property=\"og:image:width\" content=\"1777\" \/>\n\t<meta property=\"og:image:height\" content=\"1000\" \/>\n\t<meta property=\"og:image:type\" content=\"image\/jpeg\" \/>\n<meta name=\"author\" content=\"CBTI Team\" \/>\n<meta name=\"twitter:card\" content=\"summary_large_image\" \/>\n<meta name=\"twitter:label1\" content=\"Written by\" \/>\n\t<meta name=\"twitter:data1\" content=\"CBTI Team\" \/>\n\t<meta name=\"twitter:label2\" content=\"Est. reading time\" \/>\n\t<meta name=\"twitter:data2\" content=\"5 minutes\" \/>\n<script type=\"application\/ld+json\" class=\"yoast-schema-graph\">{\"@context\":\"https:\\\/\\\/schema.org\",\"@graph\":[{\"@type\":\"Article\",\"@id\":\"https:\\\/\\\/www.cbti-bkvt.org\\\/de\\\/projet-darrete-royal-sur-les-tarifs-des-traducteurs-et-interpretes-jures-la-cbti-se-dit-mitigee\\\/#article\",\"isPartOf\":{\"@id\":\"https:\\\/\\\/www.cbti-bkvt.org\\\/de\\\/projet-darrete-royal-sur-les-tarifs-des-traducteurs-et-interpretes-jures-la-cbti-se-dit-mitigee\\\/\"},\"author\":{\"name\":\"CBTI Team\",\"@id\":\"https:\\\/\\\/www.cbti-bkvt.org\\\/de\\\/#\\\/schema\\\/person\\\/39694e286cbdc709aed8641743fa4591\"},\"headline\":\"Projet d\u2019arr\u00eat\u00e9 royal sur les tarifs des traducteurs et interpr\u00e8tes jur\u00e9s : la CBTI se dit \u00ab mitig\u00e9e \u00bb\",\"datePublished\":\"2016-07-22T16:35:00+00:00\",\"dateModified\":\"2024-01-27T12:50:11+00:00\",\"mainEntityOfPage\":{\"@id\":\"https:\\\/\\\/www.cbti-bkvt.org\\\/de\\\/projet-darrete-royal-sur-les-tarifs-des-traducteurs-et-interpretes-jures-la-cbti-se-dit-mitigee\\\/\"},\"wordCount\":958,\"commentCount\":0,\"image\":{\"@id\":\"https:\\\/\\\/www.cbti-bkvt.org\\\/de\\\/projet-darrete-royal-sur-les-tarifs-des-traducteurs-et-interpretes-jures-la-cbti-se-dit-mitigee\\\/#primaryimage\"},\"thumbnailUrl\":\"https:\\\/\\\/www.cbti-bkvt.org\\\/wp-content\\\/uploads\\\/lady_justice-1-2.jpg\",\"articleSection\":[\"Pressemitteilungen\",\"Vereidigte \u00dcbersetzer\\\/Dolmetscher\"],\"inLanguage\":\"de-DE\",\"potentialAction\":[{\"@type\":\"CommentAction\",\"name\":\"Comment\",\"target\":[\"https:\\\/\\\/www.cbti-bkvt.org\\\/de\\\/projet-darrete-royal-sur-les-tarifs-des-traducteurs-et-interpretes-jures-la-cbti-se-dit-mitigee\\\/#respond\"]}]},{\"@type\":\"WebPage\",\"@id\":\"https:\\\/\\\/www.cbti-bkvt.org\\\/de\\\/projet-darrete-royal-sur-les-tarifs-des-traducteurs-et-interpretes-jures-la-cbti-se-dit-mitigee\\\/\",\"url\":\"https:\\\/\\\/www.cbti-bkvt.org\\\/de\\\/projet-darrete-royal-sur-les-tarifs-des-traducteurs-et-interpretes-jures-la-cbti-se-dit-mitigee\\\/\",\"name\":\"Projet d\u2019arr\u00eat\u00e9 royal sur les tarifs des traducteurs et interpr\u00e8tes jur\u00e9s : la CBTI se dit \u00ab mitig\u00e9e \u00bb - Chambre Belge des Traducteurs et Interpr\u00e8tes | Belgische Kamer van Vertalers en Tolken\",\"isPartOf\":{\"@id\":\"https:\\\/\\\/www.cbti-bkvt.org\\\/de\\\/#website\"},\"primaryImageOfPage\":{\"@id\":\"https:\\\/\\\/www.cbti-bkvt.org\\\/de\\\/projet-darrete-royal-sur-les-tarifs-des-traducteurs-et-interpretes-jures-la-cbti-se-dit-mitigee\\\/#primaryimage\"},\"image\":{\"@id\":\"https:\\\/\\\/www.cbti-bkvt.org\\\/de\\\/projet-darrete-royal-sur-les-tarifs-des-traducteurs-et-interpretes-jures-la-cbti-se-dit-mitigee\\\/#primaryimage\"},\"thumbnailUrl\":\"https:\\\/\\\/www.cbti-bkvt.org\\\/wp-content\\\/uploads\\\/lady_justice-1-2.jpg\",\"datePublished\":\"2016-07-22T16:35:00+00:00\",\"dateModified\":\"2024-01-27T12:50:11+00:00\",\"author\":{\"@id\":\"https:\\\/\\\/www.cbti-bkvt.org\\\/de\\\/#\\\/schema\\\/person\\\/39694e286cbdc709aed8641743fa4591\"},\"breadcrumb\":{\"@id\":\"https:\\\/\\\/www.cbti-bkvt.org\\\/de\\\/projet-darrete-royal-sur-les-tarifs-des-traducteurs-et-interpretes-jures-la-cbti-se-dit-mitigee\\\/#breadcrumb\"},\"inLanguage\":\"de-DE\",\"potentialAction\":[{\"@type\":\"ReadAction\",\"target\":[\"https:\\\/\\\/www.cbti-bkvt.org\\\/de\\\/projet-darrete-royal-sur-les-tarifs-des-traducteurs-et-interpretes-jures-la-cbti-se-dit-mitigee\\\/\"]}]},{\"@type\":\"ImageObject\",\"inLanguage\":\"de-DE\",\"@id\":\"https:\\\/\\\/www.cbti-bkvt.org\\\/de\\\/projet-darrete-royal-sur-les-tarifs-des-traducteurs-et-interpretes-jures-la-cbti-se-dit-mitigee\\\/#primaryimage\",\"url\":\"https:\\\/\\\/www.cbti-bkvt.org\\\/wp-content\\\/uploads\\\/lady_justice-1-2.jpg\",\"contentUrl\":\"https:\\\/\\\/www.cbti-bkvt.org\\\/wp-content\\\/uploads\\\/lady_justice-1-2.jpg\",\"width\":1777,\"height\":1000},{\"@type\":\"BreadcrumbList\",\"@id\":\"https:\\\/\\\/www.cbti-bkvt.org\\\/de\\\/projet-darrete-royal-sur-les-tarifs-des-traducteurs-et-interpretes-jures-la-cbti-se-dit-mitigee\\\/#breadcrumb\",\"itemListElement\":[{\"@type\":\"ListItem\",\"position\":1,\"name\":\"Home\",\"item\":\"https:\\\/\\\/www.cbti-bkvt.org\\\/de\\\/\"},{\"@type\":\"ListItem\",\"position\":2,\"name\":\"Projet d\u2019arr\u00eat\u00e9 royal sur les tarifs des traducteurs et interpr\u00e8tes jur\u00e9s : la CBTI se dit \u00ab mitig\u00e9e \u00bb\"}]},{\"@type\":\"WebSite\",\"@id\":\"https:\\\/\\\/www.cbti-bkvt.org\\\/de\\\/#website\",\"url\":\"https:\\\/\\\/www.cbti-bkvt.org\\\/de\\\/\",\"name\":\"Chambre Belge des Traducteurs et Interpr\u00e8tes | Belgische Kamer van Vertalers en Tolken\",\"description\":\"M\u00e9tiers de la traduction \u00e9crite, l\u2019interpr\u00e9tation de conf\u00e9rence, la traduction et l\u2019interpr\u00e9tation en milieu judiciaire.\",\"potentialAction\":[{\"@type\":\"SearchAction\",\"target\":{\"@type\":\"EntryPoint\",\"urlTemplate\":\"https:\\\/\\\/www.cbti-bkvt.org\\\/de\\\/?s={search_term_string}\"},\"query-input\":{\"@type\":\"PropertyValueSpecification\",\"valueRequired\":true,\"valueName\":\"search_term_string\"}}],\"inLanguage\":\"de-DE\"},{\"@type\":\"Person\",\"@id\":\"https:\\\/\\\/www.cbti-bkvt.org\\\/de\\\/#\\\/schema\\\/person\\\/39694e286cbdc709aed8641743fa4591\",\"name\":\"CBTI Team\",\"image\":{\"@type\":\"ImageObject\",\"inLanguage\":\"de-DE\",\"@id\":\"https:\\\/\\\/secure.gravatar.com\\\/avatar\\\/46840e5c253419e7ddd36cf1b42202f1266a0347bb63a6b4f82b38f71ada6150?s=96&d=mm&r=g\",\"url\":\"https:\\\/\\\/secure.gravatar.com\\\/avatar\\\/46840e5c253419e7ddd36cf1b42202f1266a0347bb63a6b4f82b38f71ada6150?s=96&d=mm&r=g\",\"contentUrl\":\"https:\\\/\\\/secure.gravatar.com\\\/avatar\\\/46840e5c253419e7ddd36cf1b42202f1266a0347bb63a6b4f82b38f71ada6150?s=96&d=mm&r=g\",\"caption\":\"CBTI Team\"},\"sameAs\":[\"http:\\\/\\\/www.cbti-bkvt.org\"],\"url\":\"https:\\\/\\\/www.cbti-bkvt.org\\\/de\\\/author\\\/cbtitrad__gestion\\\/\"}]}<\/script>\n<!-- \/ Yoast SEO plugin. -->","yoast_head_json":{"title":"Chambre Belge des Traducteurs et Interpr\u00e8tes | Belgische Kamer van Vertalers en Tolken","robots":{"index":"index","follow":"follow","max-snippet":"max-snippet:-1","max-image-preview":"max-image-preview:large","max-video-preview":"max-video-preview:-1"},"canonical":"https:\/\/www.cbti-bkvt.org\/de\/projet-darrete-royal-sur-les-tarifs-des-traducteurs-et-interpretes-jures-la-cbti-se-dit-mitigee\/","og_locale":"de_DE","og_type":"article","og_title":"Projet d\u2019arr\u00eat\u00e9 royal sur les tarifs des traducteurs et interpr\u00e8tes jur\u00e9s : la CBTI se dit \u00ab mitig\u00e9e \u00bb - Chambre Belge des Traducteurs et Interpr\u00e8tes | Belgische Kamer van Vertalers en Tolken","og_description":"Bruxelles, le 22 juillet 2016 \u2013 Le Conseil des ministres a approuv\u00e9 ce 20 juillet 2016 un projet d\u2019arr\u00eat\u00e9 royal qui actualise les tarifs des prestations des traducteurs et interpr\u00e8tes. Si la Chambre belge des traducteurs et interpr\u00e8tes se r\u00e9jouit que le ministre de la Justice se soit enfin pench\u00e9 sur leur situation, dont elle&hellip;&nbsp;Read More &raquo;Projet d\u2019arr\u00eat\u00e9 royal sur les tarifs des traducteurs et interpr\u00e8tes jur\u00e9s : la CBTI se dit \u00ab mitig\u00e9e \u00bb","og_url":"https:\/\/www.cbti-bkvt.org\/de\/projet-darrete-royal-sur-les-tarifs-des-traducteurs-et-interpretes-jures-la-cbti-se-dit-mitigee\/","og_site_name":"Chambre Belge des Traducteurs et Interpr\u00e8tes | Belgische Kamer van Vertalers en Tolken","article_published_time":"2016-07-22T16:35:00+00:00","article_modified_time":"2024-01-27T12:50:11+00:00","og_image":[{"width":1777,"height":1000,"url":"https:\/\/www.cbti-bkvt.org\/wp-content\/uploads\/lady_justice-1-2.jpg","type":"image\/jpeg"}],"author":"CBTI Team","twitter_card":"summary_large_image","twitter_misc":{"Written by":"CBTI Team","Est. reading time":"5 minutes"},"schema":{"@context":"https:\/\/schema.org","@graph":[{"@type":"Article","@id":"https:\/\/www.cbti-bkvt.org\/de\/projet-darrete-royal-sur-les-tarifs-des-traducteurs-et-interpretes-jures-la-cbti-se-dit-mitigee\/#article","isPartOf":{"@id":"https:\/\/www.cbti-bkvt.org\/de\/projet-darrete-royal-sur-les-tarifs-des-traducteurs-et-interpretes-jures-la-cbti-se-dit-mitigee\/"},"author":{"name":"CBTI Team","@id":"https:\/\/www.cbti-bkvt.org\/de\/#\/schema\/person\/39694e286cbdc709aed8641743fa4591"},"headline":"Projet d\u2019arr\u00eat\u00e9 royal sur les tarifs des traducteurs et interpr\u00e8tes jur\u00e9s : la CBTI se dit \u00ab mitig\u00e9e \u00bb","datePublished":"2016-07-22T16:35:00+00:00","dateModified":"2024-01-27T12:50:11+00:00","mainEntityOfPage":{"@id":"https:\/\/www.cbti-bkvt.org\/de\/projet-darrete-royal-sur-les-tarifs-des-traducteurs-et-interpretes-jures-la-cbti-se-dit-mitigee\/"},"wordCount":958,"commentCount":0,"image":{"@id":"https:\/\/www.cbti-bkvt.org\/de\/projet-darrete-royal-sur-les-tarifs-des-traducteurs-et-interpretes-jures-la-cbti-se-dit-mitigee\/#primaryimage"},"thumbnailUrl":"https:\/\/www.cbti-bkvt.org\/wp-content\/uploads\/lady_justice-1-2.jpg","articleSection":["Pressemitteilungen","Vereidigte \u00dcbersetzer\/Dolmetscher"],"inLanguage":"de-DE","potentialAction":[{"@type":"CommentAction","name":"Comment","target":["https:\/\/www.cbti-bkvt.org\/de\/projet-darrete-royal-sur-les-tarifs-des-traducteurs-et-interpretes-jures-la-cbti-se-dit-mitigee\/#respond"]}]},{"@type":"WebPage","@id":"https:\/\/www.cbti-bkvt.org\/de\/projet-darrete-royal-sur-les-tarifs-des-traducteurs-et-interpretes-jures-la-cbti-se-dit-mitigee\/","url":"https:\/\/www.cbti-bkvt.org\/de\/projet-darrete-royal-sur-les-tarifs-des-traducteurs-et-interpretes-jures-la-cbti-se-dit-mitigee\/","name":"Projet d\u2019arr\u00eat\u00e9 royal sur les tarifs des traducteurs et interpr\u00e8tes jur\u00e9s : la CBTI se dit \u00ab mitig\u00e9e \u00bb - Chambre Belge des Traducteurs et Interpr\u00e8tes | Belgische Kamer van Vertalers en Tolken","isPartOf":{"@id":"https:\/\/www.cbti-bkvt.org\/de\/#website"},"primaryImageOfPage":{"@id":"https:\/\/www.cbti-bkvt.org\/de\/projet-darrete-royal-sur-les-tarifs-des-traducteurs-et-interpretes-jures-la-cbti-se-dit-mitigee\/#primaryimage"},"image":{"@id":"https:\/\/www.cbti-bkvt.org\/de\/projet-darrete-royal-sur-les-tarifs-des-traducteurs-et-interpretes-jures-la-cbti-se-dit-mitigee\/#primaryimage"},"thumbnailUrl":"https:\/\/www.cbti-bkvt.org\/wp-content\/uploads\/lady_justice-1-2.jpg","datePublished":"2016-07-22T16:35:00+00:00","dateModified":"2024-01-27T12:50:11+00:00","author":{"@id":"https:\/\/www.cbti-bkvt.org\/de\/#\/schema\/person\/39694e286cbdc709aed8641743fa4591"},"breadcrumb":{"@id":"https:\/\/www.cbti-bkvt.org\/de\/projet-darrete-royal-sur-les-tarifs-des-traducteurs-et-interpretes-jures-la-cbti-se-dit-mitigee\/#breadcrumb"},"inLanguage":"de-DE","potentialAction":[{"@type":"ReadAction","target":["https:\/\/www.cbti-bkvt.org\/de\/projet-darrete-royal-sur-les-tarifs-des-traducteurs-et-interpretes-jures-la-cbti-se-dit-mitigee\/"]}]},{"@type":"ImageObject","inLanguage":"de-DE","@id":"https:\/\/www.cbti-bkvt.org\/de\/projet-darrete-royal-sur-les-tarifs-des-traducteurs-et-interpretes-jures-la-cbti-se-dit-mitigee\/#primaryimage","url":"https:\/\/www.cbti-bkvt.org\/wp-content\/uploads\/lady_justice-1-2.jpg","contentUrl":"https:\/\/www.cbti-bkvt.org\/wp-content\/uploads\/lady_justice-1-2.jpg","width":1777,"height":1000},{"@type":"BreadcrumbList","@id":"https:\/\/www.cbti-bkvt.org\/de\/projet-darrete-royal-sur-les-tarifs-des-traducteurs-et-interpretes-jures-la-cbti-se-dit-mitigee\/#breadcrumb","itemListElement":[{"@type":"ListItem","position":1,"name":"Home","item":"https:\/\/www.cbti-bkvt.org\/de\/"},{"@type":"ListItem","position":2,"name":"Projet d\u2019arr\u00eat\u00e9 royal sur les tarifs des traducteurs et interpr\u00e8tes jur\u00e9s : la CBTI se dit \u00ab mitig\u00e9e \u00bb"}]},{"@type":"WebSite","@id":"https:\/\/www.cbti-bkvt.org\/de\/#website","url":"https:\/\/www.cbti-bkvt.org\/de\/","name":"Chambre Belge des Traducteurs et Interpr\u00e8tes | Belgische Kamer van Vertalers en Tolken","description":"M\u00e9tiers de la traduction \u00e9crite, l\u2019interpr\u00e9tation de conf\u00e9rence, la traduction et l\u2019interpr\u00e9tation en milieu judiciaire.","potentialAction":[{"@type":"SearchAction","target":{"@type":"EntryPoint","urlTemplate":"https:\/\/www.cbti-bkvt.org\/de\/?s={search_term_string}"},"query-input":{"@type":"PropertyValueSpecification","valueRequired":true,"valueName":"search_term_string"}}],"inLanguage":"de-DE"},{"@type":"Person","@id":"https:\/\/www.cbti-bkvt.org\/de\/#\/schema\/person\/39694e286cbdc709aed8641743fa4591","name":"CBTI Team","image":{"@type":"ImageObject","inLanguage":"de-DE","@id":"https:\/\/secure.gravatar.com\/avatar\/46840e5c253419e7ddd36cf1b42202f1266a0347bb63a6b4f82b38f71ada6150?s=96&d=mm&r=g","url":"https:\/\/secure.gravatar.com\/avatar\/46840e5c253419e7ddd36cf1b42202f1266a0347bb63a6b4f82b38f71ada6150?s=96&d=mm&r=g","contentUrl":"https:\/\/secure.gravatar.com\/avatar\/46840e5c253419e7ddd36cf1b42202f1266a0347bb63a6b4f82b38f71ada6150?s=96&d=mm&r=g","caption":"CBTI Team"},"sameAs":["http:\/\/www.cbti-bkvt.org"],"url":"https:\/\/www.cbti-bkvt.org\/de\/author\/cbtitrad__gestion\/"}]}},"_links":{"self":[{"href":"https:\/\/www.cbti-bkvt.org\/de\/wp-json\/wp\/v2\/posts\/26142","targetHints":{"allow":["GET"]}}],"collection":[{"href":"https:\/\/www.cbti-bkvt.org\/de\/wp-json\/wp\/v2\/posts"}],"about":[{"href":"https:\/\/www.cbti-bkvt.org\/de\/wp-json\/wp\/v2\/types\/post"}],"author":[{"embeddable":true,"href":"https:\/\/www.cbti-bkvt.org\/de\/wp-json\/wp\/v2\/users\/1"}],"replies":[{"embeddable":true,"href":"https:\/\/www.cbti-bkvt.org\/de\/wp-json\/wp\/v2\/comments?post=26142"}],"version-history":[{"count":2,"href":"https:\/\/www.cbti-bkvt.org\/de\/wp-json\/wp\/v2\/posts\/26142\/revisions"}],"predecessor-version":[{"id":27325,"href":"https:\/\/www.cbti-bkvt.org\/de\/wp-json\/wp\/v2\/posts\/26142\/revisions\/27325"}],"wp:featuredmedia":[{"embeddable":true,"href":"https:\/\/www.cbti-bkvt.org\/de\/wp-json\/wp\/v2\/media\/9390"}],"wp:attachment":[{"href":"https:\/\/www.cbti-bkvt.org\/de\/wp-json\/wp\/v2\/media?parent=26142"}],"wp:term":[{"taxonomy":"category","embeddable":true,"href":"https:\/\/www.cbti-bkvt.org\/de\/wp-json\/wp\/v2\/categories?post=26142"},{"taxonomy":"post_tag","embeddable":true,"href":"https:\/\/www.cbti-bkvt.org\/de\/wp-json\/wp\/v2\/tags?post=26142"}],"curies":[{"name":"wp","href":"https:\/\/api.w.org\/{rel}","templated":true}]}}