{"id":26252,"date":"2021-05-26T09:02:00","date_gmt":"2021-05-26T09:02:00","guid":{"rendered":"https:\/\/www.cbti-bkvt.org\/prix-du-meilleur-memoire-de-master-de-la-cbti-les-3-finalistes-sont-connus-3\/"},"modified":"2021-05-26T09:02:00","modified_gmt":"2021-05-26T09:02:00","slug":"prix-du-meilleur-memoire-de-master-de-la-cbti-les-3-finalistes-sont-connus-3","status":"publish","type":"post","link":"https:\/\/www.cbti-bkvt.org\/de\/prix-du-meilleur-memoire-de-master-de-la-cbti-les-3-finalistes-sont-connus-3\/","title":{"rendered":"Prix du Meilleur M\u00e9moire de Master de la CBTI: les 3 finalistes sont connus!"},"content":{"rendered":"<p><!--Prix du Meilleur M\u00e9moire de Master de la CBTI: les 3 finalistes sont connus!--><\/p>\n<p>La CBTI collabore depuis des ann\u00e9es avec les universit\u00e9s belges afin de faciliter l\u2019int\u00e9gration dans le march\u00e9 du travail des jeunes dipl\u00f4m\u00e9s en traduction et en interpr\u00e9tation. Il y a quelques ann\u00e9es, l\u2019association a d\u00e9cid\u00e9 de faire rena\u00eetre une vieille tradition&nbsp;: <strong><a href=\"https:\/\/www.cbti-bkvt.org\/fr\/practical-info\/best-thesis\">l\u2019attribution du Prix du Meilleur M\u00e9moire de recherche appliqu\u00e9e en traduction ou en interpr\u00e9tation<\/a><\/strong>. <\/p>\n<p>Qu\u2019est-ce que la CBTI propose aux \u00e9tudiants et jeunes dipl\u00f4m\u00e9s&nbsp;? <\/p>\n<p>Elle leur offre avant tout un <a href=\"https:\/\/www.cbti-bkvt.org\/fr\/publications\/vademecum\">Guide<\/a> du jeune traducteur ind\u00e9pendant, tr\u00e8s utile pour se lancer dans la profession. Elle offre \u00e9galement une adh\u00e9sion gratuite \u00e0 tous les \u00e9tudiants en Master inscrits dans l\u2019une des universit\u00e9s belges. Ces avantages viennent s\u2019ajouter aux nombreux <a href=\"https:\/\/www.cbti-bkvt.org\/fr\/joining\/benefits\">avantages<\/a> propos\u00e9s aux traducteurs et interpr\u00e8tes.<\/p>\n<p>Avec l\u2019attribution du Prix du Meilleur M\u00e9moire de recherche appliqu\u00e9e en traduction ou en interpr\u00e9tation, la CBTI souhaite rapprocher le monde acad\u00e9mique de la sph\u00e8re professionnelle et contribuer \u00e0 une meilleure transition de l\u2019un \u00e0 l\u2019autre, notamment en offrant de la visibilit\u00e9 \u00e0 trois jeunes dipl\u00f4m\u00e9s et en encourageant les traducteurs et interpr\u00e8tes professionnels \u00e0 s\u2019int\u00e9resser aux travaux de recherche appliqu\u00e9e.<\/p>\n<p>Pour l\u2019\u00e9dition 2019-2020, les trois m\u00e9moires retenus sont (par ordre alphab\u00e9tique d\u2019auteur) &nbsp;:<\/p>\n<table border=\"1\" style=\"font-size:90%\">\n<tr>\n<td>Titre<\/td>\n<td>Auteur.e<\/td>\n<td>Universit\u00e9<\/td>\n<\/tr>\n<tr>\n<td>L\u2019interpr\u00e8te fran\u00e7ais-LSFB face aux registres de langue \u2013 \u00c9tude de la prise en compte de ce param\u00e8tre discursif en situation d\u2019interpr\u00e9tation<\/td>\n<td>Jessica Dejemeppe<\/td>\n<td>UCL<\/td>\n<\/tr>\n<tr>\n<td>Vooraf opgenomen, live audiobeschrijving met audio-ondertiteling voor in het theater: Een eerste experiment in NTGent<\/td>\n<td>Daisy Osasu Van de Vorst<\/td>\n<td>Universiteit Antwerpen<\/td>\n<\/tr>\n<tr>\n<td>La reconnaissance automatique de la parole en interpr\u00e9tation simultan\u00e9e<\/td>\n<td>Goran Van Cauwenberghe<\/td>\n<td>UGent Vertalen, Tolken en Communicatie<\/td>\n<\/tr>\n<\/table>\n<p><\/p>\n<p>Crise sanitaire oblige, la pr\u00e9sentation des trois m\u00e9moires retenus ainsi que la remise des prix, auront lieu le vendredi 4 juin 2021 \u00e0 17h30 par Zoom.<\/p>\n","protected":false},"excerpt":{"rendered":"<p>La CBTI collabore depuis des ann\u00e9es avec les universit\u00e9s belges afin de faciliter l\u2019int\u00e9gration dans le march\u00e9 du travail des jeunes dipl\u00f4m\u00e9s en traduction et en interpr\u00e9tation. Il y a quelques ann\u00e9es, l\u2019association a d\u00e9cid\u00e9 de faire rena\u00eetre une vieille tradition&nbsp;: l\u2019attribution du Prix du Meilleur M\u00e9moire de recherche appliqu\u00e9e en traduction ou en interpr\u00e9tation.&hellip;&nbsp;<a href=\"https:\/\/www.cbti-bkvt.org\/de\/prix-du-meilleur-memoire-de-master-de-la-cbti-les-3-finalistes-sont-connus-3\/\" rel=\"bookmark\">Read More &raquo;<span class=\"screen-reader-text\">Prix du Meilleur M\u00e9moire de Master de la CBTI: les 3 finalistes sont connus!<\/span><\/a><\/p>\n","protected":false},"author":1,"featured_media":22304,"comment_status":"open","ping_status":"open","sticky":false,"template":"","format":"standard","meta":{"_acf_changed":false,"pmpro_default_level":"","neve_meta_sidebar":"","neve_meta_container":"","neve_meta_enable_content_width":"","neve_meta_content_width":0,"neve_meta_title_alignment":"","neve_meta_author_avatar":"","neve_post_elements_order":"","neve_meta_disable_header":"","neve_meta_disable_footer":"","neve_meta_disable_title":"","neve_meta_reading_time":"","footnotes":"","_links_to":"","_links_to_target":""},"categories":[406,376],"tags":[],"class_list":["post-26252","post","type-post","status-publish","format-standard","has-post-thumbnail","hentry","category-cbti-bkvt-aktuell","category-veranstaltungen","pmpro-has-access"],"acf":[],"yoast_head":"<!-- This site is optimized with the Yoast SEO plugin v28.3 - https:\/\/yoast.com\/product\/yoast-seo-wordpress\/ -->\n<title>Chambre Belge des Traducteurs et Interpr\u00e8tes | Belgische Kamer van Vertalers en Tolken<\/title>\n<meta name=\"robots\" content=\"index, follow, max-snippet:-1, max-image-preview:large, max-video-preview:-1\" \/>\n<link rel=\"canonical\" href=\"https:\/\/www.cbti-bkvt.org\/de\/prix-du-meilleur-memoire-de-master-de-la-cbti-les-3-finalistes-sont-connus-3\/\" \/>\n<meta property=\"og:locale\" content=\"de_DE\" \/>\n<meta property=\"og:type\" content=\"article\" \/>\n<meta property=\"og:title\" content=\"Prix du Meilleur M\u00e9moire de Master de la CBTI: les 3 finalistes sont connus! - Chambre Belge des Traducteurs et Interpr\u00e8tes | Belgische Kamer van Vertalers en Tolken\" \/>\n<meta property=\"og:description\" content=\"La CBTI collabore depuis des ann\u00e9es avec les universit\u00e9s belges afin de faciliter l\u2019int\u00e9gration dans le march\u00e9 du travail des jeunes dipl\u00f4m\u00e9s en traduction et en interpr\u00e9tation. Il y a quelques ann\u00e9es, l\u2019association a d\u00e9cid\u00e9 de faire rena\u00eetre une vieille tradition&nbsp;: l\u2019attribution du Prix du Meilleur M\u00e9moire de recherche appliqu\u00e9e en traduction ou en interpr\u00e9tation.&hellip;&nbsp;Read More &raquo;Prix du Meilleur M\u00e9moire de Master de la CBTI: les 3 finalistes sont connus!\" \/>\n<meta property=\"og:url\" content=\"https:\/\/www.cbti-bkvt.org\/de\/prix-du-meilleur-memoire-de-master-de-la-cbti-les-3-finalistes-sont-connus-3\/\" \/>\n<meta property=\"og:site_name\" content=\"Chambre Belge des Traducteurs et Interpr\u00e8tes | Belgische Kamer van Vertalers en Tolken\" \/>\n<meta property=\"article:published_time\" content=\"2021-05-26T09:02:00+00:00\" \/>\n<meta name=\"author\" content=\"CBTI Team\" \/>\n<meta name=\"twitter:card\" content=\"summary_large_image\" \/>\n<meta name=\"twitter:label1\" content=\"Written by\" \/>\n\t<meta name=\"twitter:data1\" content=\"CBTI Team\" \/>\n\t<meta name=\"twitter:label2\" content=\"Est. reading time\" \/>\n\t<meta name=\"twitter:data2\" content=\"2 minutes\" \/>\n<script type=\"application\/ld+json\" class=\"yoast-schema-graph\">{\"@context\":\"https:\\\/\\\/schema.org\",\"@graph\":[{\"@type\":\"Article\",\"@id\":\"https:\\\/\\\/www.cbti-bkvt.org\\\/de\\\/prix-du-meilleur-memoire-de-master-de-la-cbti-les-3-finalistes-sont-connus-3\\\/#article\",\"isPartOf\":{\"@id\":\"https:\\\/\\\/www.cbti-bkvt.org\\\/de\\\/prix-du-meilleur-memoire-de-master-de-la-cbti-les-3-finalistes-sont-connus-3\\\/\"},\"author\":{\"name\":\"CBTI Team\",\"@id\":\"https:\\\/\\\/www.cbti-bkvt.org\\\/de\\\/#\\\/schema\\\/person\\\/39694e286cbdc709aed8641743fa4591\"},\"headline\":\"Prix du Meilleur M\u00e9moire de Master de la CBTI: les 3 finalistes sont connus!\",\"datePublished\":\"2021-05-26T09:02:00+00:00\",\"mainEntityOfPage\":{\"@id\":\"https:\\\/\\\/www.cbti-bkvt.org\\\/de\\\/prix-du-meilleur-memoire-de-master-de-la-cbti-les-3-finalistes-sont-connus-3\\\/\"},\"wordCount\":342,\"commentCount\":0,\"image\":{\"@id\":\"https:\\\/\\\/www.cbti-bkvt.org\\\/de\\\/prix-du-meilleur-memoire-de-master-de-la-cbti-les-3-finalistes-sont-connus-3\\\/#primaryimage\"},\"thumbnailUrl\":\"https:\\\/\\\/www.cbti-bkvt.org\\\/wp-content\\\/uploads\\\/graduation-995042_1920-min-5.jpg\",\"articleSection\":[\"CBTI\\\/BKVT aktuell\",\"Veranstaltungen\"],\"inLanguage\":\"de-DE\",\"potentialAction\":[{\"@type\":\"CommentAction\",\"name\":\"Comment\",\"target\":[\"https:\\\/\\\/www.cbti-bkvt.org\\\/de\\\/prix-du-meilleur-memoire-de-master-de-la-cbti-les-3-finalistes-sont-connus-3\\\/#respond\"]}]},{\"@type\":\"WebPage\",\"@id\":\"https:\\\/\\\/www.cbti-bkvt.org\\\/de\\\/prix-du-meilleur-memoire-de-master-de-la-cbti-les-3-finalistes-sont-connus-3\\\/\",\"url\":\"https:\\\/\\\/www.cbti-bkvt.org\\\/de\\\/prix-du-meilleur-memoire-de-master-de-la-cbti-les-3-finalistes-sont-connus-3\\\/\",\"name\":\"Prix du Meilleur M\u00e9moire de Master de la CBTI: les 3 finalistes sont connus! - Chambre Belge des Traducteurs et Interpr\u00e8tes | Belgische Kamer van Vertalers en Tolken\",\"isPartOf\":{\"@id\":\"https:\\\/\\\/www.cbti-bkvt.org\\\/de\\\/#website\"},\"primaryImageOfPage\":{\"@id\":\"https:\\\/\\\/www.cbti-bkvt.org\\\/de\\\/prix-du-meilleur-memoire-de-master-de-la-cbti-les-3-finalistes-sont-connus-3\\\/#primaryimage\"},\"image\":{\"@id\":\"https:\\\/\\\/www.cbti-bkvt.org\\\/de\\\/prix-du-meilleur-memoire-de-master-de-la-cbti-les-3-finalistes-sont-connus-3\\\/#primaryimage\"},\"thumbnailUrl\":\"https:\\\/\\\/www.cbti-bkvt.org\\\/wp-content\\\/uploads\\\/graduation-995042_1920-min-5.jpg\",\"datePublished\":\"2021-05-26T09:02:00+00:00\",\"author\":{\"@id\":\"https:\\\/\\\/www.cbti-bkvt.org\\\/de\\\/#\\\/schema\\\/person\\\/39694e286cbdc709aed8641743fa4591\"},\"breadcrumb\":{\"@id\":\"https:\\\/\\\/www.cbti-bkvt.org\\\/de\\\/prix-du-meilleur-memoire-de-master-de-la-cbti-les-3-finalistes-sont-connus-3\\\/#breadcrumb\"},\"inLanguage\":\"de-DE\",\"potentialAction\":[{\"@type\":\"ReadAction\",\"target\":[\"https:\\\/\\\/www.cbti-bkvt.org\\\/de\\\/prix-du-meilleur-memoire-de-master-de-la-cbti-les-3-finalistes-sont-connus-3\\\/\"]}]},{\"@type\":\"ImageObject\",\"inLanguage\":\"de-DE\",\"@id\":\"https:\\\/\\\/www.cbti-bkvt.org\\\/de\\\/prix-du-meilleur-memoire-de-master-de-la-cbti-les-3-finalistes-sont-connus-3\\\/#primaryimage\",\"url\":\"https:\\\/\\\/www.cbti-bkvt.org\\\/wp-content\\\/uploads\\\/graduation-995042_1920-min-5.jpg\",\"contentUrl\":\"https:\\\/\\\/www.cbti-bkvt.org\\\/wp-content\\\/uploads\\\/graduation-995042_1920-min-5.jpg\",\"width\":1000,\"height\":577},{\"@type\":\"BreadcrumbList\",\"@id\":\"https:\\\/\\\/www.cbti-bkvt.org\\\/de\\\/prix-du-meilleur-memoire-de-master-de-la-cbti-les-3-finalistes-sont-connus-3\\\/#breadcrumb\",\"itemListElement\":[{\"@type\":\"ListItem\",\"position\":1,\"name\":\"Home\",\"item\":\"https:\\\/\\\/www.cbti-bkvt.org\\\/de\\\/\"},{\"@type\":\"ListItem\",\"position\":2,\"name\":\"Prix du Meilleur M\u00e9moire de Master de la CBTI: les 3 finalistes sont connus!\"}]},{\"@type\":\"WebSite\",\"@id\":\"https:\\\/\\\/www.cbti-bkvt.org\\\/de\\\/#website\",\"url\":\"https:\\\/\\\/www.cbti-bkvt.org\\\/de\\\/\",\"name\":\"Chambre Belge des Traducteurs et Interpr\u00e8tes | Belgische Kamer van Vertalers en Tolken\",\"description\":\"M\u00e9tiers de la traduction \u00e9crite, l\u2019interpr\u00e9tation de conf\u00e9rence, la traduction et l\u2019interpr\u00e9tation en milieu judiciaire.\",\"potentialAction\":[{\"@type\":\"SearchAction\",\"target\":{\"@type\":\"EntryPoint\",\"urlTemplate\":\"https:\\\/\\\/www.cbti-bkvt.org\\\/de\\\/?s={search_term_string}\"},\"query-input\":{\"@type\":\"PropertyValueSpecification\",\"valueRequired\":true,\"valueName\":\"search_term_string\"}}],\"inLanguage\":\"de-DE\"},{\"@type\":\"Person\",\"@id\":\"https:\\\/\\\/www.cbti-bkvt.org\\\/de\\\/#\\\/schema\\\/person\\\/39694e286cbdc709aed8641743fa4591\",\"name\":\"CBTI Team\",\"image\":{\"@type\":\"ImageObject\",\"inLanguage\":\"de-DE\",\"@id\":\"https:\\\/\\\/secure.gravatar.com\\\/avatar\\\/46840e5c253419e7ddd36cf1b42202f1266a0347bb63a6b4f82b38f71ada6150?s=96&d=mm&r=g\",\"url\":\"https:\\\/\\\/secure.gravatar.com\\\/avatar\\\/46840e5c253419e7ddd36cf1b42202f1266a0347bb63a6b4f82b38f71ada6150?s=96&d=mm&r=g\",\"contentUrl\":\"https:\\\/\\\/secure.gravatar.com\\\/avatar\\\/46840e5c253419e7ddd36cf1b42202f1266a0347bb63a6b4f82b38f71ada6150?s=96&d=mm&r=g\",\"caption\":\"CBTI Team\"},\"sameAs\":[\"http:\\\/\\\/www.cbti-bkvt.org\"],\"url\":\"https:\\\/\\\/www.cbti-bkvt.org\\\/de\\\/author\\\/cbtitrad__gestion\\\/\"}]}<\/script>\n<!-- \/ Yoast SEO plugin. -->","yoast_head_json":{"title":"Chambre Belge des Traducteurs et Interpr\u00e8tes | Belgische Kamer van Vertalers en Tolken","robots":{"index":"index","follow":"follow","max-snippet":"max-snippet:-1","max-image-preview":"max-image-preview:large","max-video-preview":"max-video-preview:-1"},"canonical":"https:\/\/www.cbti-bkvt.org\/de\/prix-du-meilleur-memoire-de-master-de-la-cbti-les-3-finalistes-sont-connus-3\/","og_locale":"de_DE","og_type":"article","og_title":"Prix du Meilleur M\u00e9moire de Master de la CBTI: les 3 finalistes sont connus! - Chambre Belge des Traducteurs et Interpr\u00e8tes | Belgische Kamer van Vertalers en Tolken","og_description":"La CBTI collabore depuis des ann\u00e9es avec les universit\u00e9s belges afin de faciliter l\u2019int\u00e9gration dans le march\u00e9 du travail des jeunes dipl\u00f4m\u00e9s en traduction et en interpr\u00e9tation. Il y a quelques ann\u00e9es, l\u2019association a d\u00e9cid\u00e9 de faire rena\u00eetre une vieille tradition&nbsp;: l\u2019attribution du Prix du Meilleur M\u00e9moire de recherche appliqu\u00e9e en traduction ou en interpr\u00e9tation.&hellip;&nbsp;Read More &raquo;Prix du Meilleur M\u00e9moire de Master de la CBTI: les 3 finalistes sont connus!","og_url":"https:\/\/www.cbti-bkvt.org\/de\/prix-du-meilleur-memoire-de-master-de-la-cbti-les-3-finalistes-sont-connus-3\/","og_site_name":"Chambre Belge des Traducteurs et Interpr\u00e8tes | Belgische Kamer van Vertalers en Tolken","article_published_time":"2021-05-26T09:02:00+00:00","author":"CBTI Team","twitter_card":"summary_large_image","twitter_misc":{"Written by":"CBTI Team","Est. reading time":"2 minutes"},"schema":{"@context":"https:\/\/schema.org","@graph":[{"@type":"Article","@id":"https:\/\/www.cbti-bkvt.org\/de\/prix-du-meilleur-memoire-de-master-de-la-cbti-les-3-finalistes-sont-connus-3\/#article","isPartOf":{"@id":"https:\/\/www.cbti-bkvt.org\/de\/prix-du-meilleur-memoire-de-master-de-la-cbti-les-3-finalistes-sont-connus-3\/"},"author":{"name":"CBTI Team","@id":"https:\/\/www.cbti-bkvt.org\/de\/#\/schema\/person\/39694e286cbdc709aed8641743fa4591"},"headline":"Prix du Meilleur M\u00e9moire de Master de la CBTI: les 3 finalistes sont connus!","datePublished":"2021-05-26T09:02:00+00:00","mainEntityOfPage":{"@id":"https:\/\/www.cbti-bkvt.org\/de\/prix-du-meilleur-memoire-de-master-de-la-cbti-les-3-finalistes-sont-connus-3\/"},"wordCount":342,"commentCount":0,"image":{"@id":"https:\/\/www.cbti-bkvt.org\/de\/prix-du-meilleur-memoire-de-master-de-la-cbti-les-3-finalistes-sont-connus-3\/#primaryimage"},"thumbnailUrl":"https:\/\/www.cbti-bkvt.org\/wp-content\/uploads\/graduation-995042_1920-min-5.jpg","articleSection":["CBTI\/BKVT aktuell","Veranstaltungen"],"inLanguage":"de-DE","potentialAction":[{"@type":"CommentAction","name":"Comment","target":["https:\/\/www.cbti-bkvt.org\/de\/prix-du-meilleur-memoire-de-master-de-la-cbti-les-3-finalistes-sont-connus-3\/#respond"]}]},{"@type":"WebPage","@id":"https:\/\/www.cbti-bkvt.org\/de\/prix-du-meilleur-memoire-de-master-de-la-cbti-les-3-finalistes-sont-connus-3\/","url":"https:\/\/www.cbti-bkvt.org\/de\/prix-du-meilleur-memoire-de-master-de-la-cbti-les-3-finalistes-sont-connus-3\/","name":"Prix du Meilleur M\u00e9moire de Master de la CBTI: les 3 finalistes sont connus! - Chambre Belge des Traducteurs et Interpr\u00e8tes | Belgische Kamer van Vertalers en Tolken","isPartOf":{"@id":"https:\/\/www.cbti-bkvt.org\/de\/#website"},"primaryImageOfPage":{"@id":"https:\/\/www.cbti-bkvt.org\/de\/prix-du-meilleur-memoire-de-master-de-la-cbti-les-3-finalistes-sont-connus-3\/#primaryimage"},"image":{"@id":"https:\/\/www.cbti-bkvt.org\/de\/prix-du-meilleur-memoire-de-master-de-la-cbti-les-3-finalistes-sont-connus-3\/#primaryimage"},"thumbnailUrl":"https:\/\/www.cbti-bkvt.org\/wp-content\/uploads\/graduation-995042_1920-min-5.jpg","datePublished":"2021-05-26T09:02:00+00:00","author":{"@id":"https:\/\/www.cbti-bkvt.org\/de\/#\/schema\/person\/39694e286cbdc709aed8641743fa4591"},"breadcrumb":{"@id":"https:\/\/www.cbti-bkvt.org\/de\/prix-du-meilleur-memoire-de-master-de-la-cbti-les-3-finalistes-sont-connus-3\/#breadcrumb"},"inLanguage":"de-DE","potentialAction":[{"@type":"ReadAction","target":["https:\/\/www.cbti-bkvt.org\/de\/prix-du-meilleur-memoire-de-master-de-la-cbti-les-3-finalistes-sont-connus-3\/"]}]},{"@type":"ImageObject","inLanguage":"de-DE","@id":"https:\/\/www.cbti-bkvt.org\/de\/prix-du-meilleur-memoire-de-master-de-la-cbti-les-3-finalistes-sont-connus-3\/#primaryimage","url":"https:\/\/www.cbti-bkvt.org\/wp-content\/uploads\/graduation-995042_1920-min-5.jpg","contentUrl":"https:\/\/www.cbti-bkvt.org\/wp-content\/uploads\/graduation-995042_1920-min-5.jpg","width":1000,"height":577},{"@type":"BreadcrumbList","@id":"https:\/\/www.cbti-bkvt.org\/de\/prix-du-meilleur-memoire-de-master-de-la-cbti-les-3-finalistes-sont-connus-3\/#breadcrumb","itemListElement":[{"@type":"ListItem","position":1,"name":"Home","item":"https:\/\/www.cbti-bkvt.org\/de\/"},{"@type":"ListItem","position":2,"name":"Prix du Meilleur M\u00e9moire de Master de la CBTI: les 3 finalistes sont connus!"}]},{"@type":"WebSite","@id":"https:\/\/www.cbti-bkvt.org\/de\/#website","url":"https:\/\/www.cbti-bkvt.org\/de\/","name":"Chambre Belge des Traducteurs et Interpr\u00e8tes | Belgische Kamer van Vertalers en Tolken","description":"M\u00e9tiers de la traduction \u00e9crite, l\u2019interpr\u00e9tation de conf\u00e9rence, la traduction et l\u2019interpr\u00e9tation en milieu judiciaire.","potentialAction":[{"@type":"SearchAction","target":{"@type":"EntryPoint","urlTemplate":"https:\/\/www.cbti-bkvt.org\/de\/?s={search_term_string}"},"query-input":{"@type":"PropertyValueSpecification","valueRequired":true,"valueName":"search_term_string"}}],"inLanguage":"de-DE"},{"@type":"Person","@id":"https:\/\/www.cbti-bkvt.org\/de\/#\/schema\/person\/39694e286cbdc709aed8641743fa4591","name":"CBTI Team","image":{"@type":"ImageObject","inLanguage":"de-DE","@id":"https:\/\/secure.gravatar.com\/avatar\/46840e5c253419e7ddd36cf1b42202f1266a0347bb63a6b4f82b38f71ada6150?s=96&d=mm&r=g","url":"https:\/\/secure.gravatar.com\/avatar\/46840e5c253419e7ddd36cf1b42202f1266a0347bb63a6b4f82b38f71ada6150?s=96&d=mm&r=g","contentUrl":"https:\/\/secure.gravatar.com\/avatar\/46840e5c253419e7ddd36cf1b42202f1266a0347bb63a6b4f82b38f71ada6150?s=96&d=mm&r=g","caption":"CBTI Team"},"sameAs":["http:\/\/www.cbti-bkvt.org"],"url":"https:\/\/www.cbti-bkvt.org\/de\/author\/cbtitrad__gestion\/"}]}},"_links":{"self":[{"href":"https:\/\/www.cbti-bkvt.org\/de\/wp-json\/wp\/v2\/posts\/26252","targetHints":{"allow":["GET"]}}],"collection":[{"href":"https:\/\/www.cbti-bkvt.org\/de\/wp-json\/wp\/v2\/posts"}],"about":[{"href":"https:\/\/www.cbti-bkvt.org\/de\/wp-json\/wp\/v2\/types\/post"}],"author":[{"embeddable":true,"href":"https:\/\/www.cbti-bkvt.org\/de\/wp-json\/wp\/v2\/users\/1"}],"replies":[{"embeddable":true,"href":"https:\/\/www.cbti-bkvt.org\/de\/wp-json\/wp\/v2\/comments?post=26252"}],"version-history":[{"count":0,"href":"https:\/\/www.cbti-bkvt.org\/de\/wp-json\/wp\/v2\/posts\/26252\/revisions"}],"wp:featuredmedia":[{"embeddable":true,"href":"https:\/\/www.cbti-bkvt.org\/de\/wp-json\/wp\/v2\/media\/22304"}],"wp:attachment":[{"href":"https:\/\/www.cbti-bkvt.org\/de\/wp-json\/wp\/v2\/media?parent=26252"}],"wp:term":[{"taxonomy":"category","embeddable":true,"href":"https:\/\/www.cbti-bkvt.org\/de\/wp-json\/wp\/v2\/categories?post=26252"},{"taxonomy":"post_tag","embeddable":true,"href":"https:\/\/www.cbti-bkvt.org\/de\/wp-json\/wp\/v2\/tags?post=26252"}],"curies":[{"name":"wp","href":"https:\/\/api.w.org\/{rel}","templated":true}]}}