{"id":26289,"date":"2023-05-08T14:33:00","date_gmt":"2023-05-08T14:33:00","guid":{"rendered":"https:\/\/www.cbti-bkvt.org\/la-cbti-lance-un-groupe-de-travail-sur-lintelligence-artificielle-et-son-impact-sur-nos-professions\/"},"modified":"2023-05-08T14:33:00","modified_gmt":"2023-05-08T14:33:00","slug":"la-cbti-lance-un-groupe-de-travail-sur-lintelligence-artificielle-et-son-impact-sur-nos-professions","status":"publish","type":"post","link":"https:\/\/www.cbti-bkvt.org\/de\/la-cbti-lance-un-groupe-de-travail-sur-lintelligence-artificielle-et-son-impact-sur-nos-professions\/","title":{"rendered":"La CBTI lance un groupe de travail sur l\u2019intelligence artificielle et son impact sur nos professions"},"content":{"rendered":"\n<p class=\"wp-block-paragraph\">Une premi\u00e8re rencontre organis\u00e9e ce 18&nbsp;avril&nbsp;2023 a permis de dresser un \u00e9tat des lieux qui a fait appara\u00eetre la n\u00e9cessit\u00e9 de composer avec cette nouvelle r\u00e9alit\u00e9, l\u2019importance de compiler un maximum d\u2019informations sur le sujet ainsi que l\u2019utilit\u00e9 de faire preuve de proactivit\u00e9 pour ne pas avoir \u00e0 agir dans la pr\u00e9cipitation.<\/p>\n\n\n\n<p class=\"wp-block-paragraph\">L\u2019impact de l\u2019IA se fait d\u00e9j\u00e0 ressentir dans le secteur de la traduction avec l\u2019\u00e9mergence de DeepL et Chat GPT, avec, \u00e0 la cl\u00e9, davantage de t\u00e2ches de post-\u00e9dition ou de r\u00e9vision pour les traducteurs.trices. Concernant l\u2019interpr\u00e9tation, des projets d\u2019interpr\u00e9tation automatique (Kudo) et de co-cabinier virtuel (U-Gent\/Commission europ\u00e9enne) sont d\u00e9j\u00e0 bien avanc\u00e9s.<\/p>\n\n\n\n<p class=\"wp-block-paragraph\">Plusieurs points d\u2019attention ont \u00e9galement \u00e9t\u00e9 r\u00e9pertori\u00e9s, \u00e0 savoir la confidentialit\u00e9 des donn\u00e9es, les aspects aff\u00e9rents \u00e0 la propri\u00e9t\u00e9 intellectuelle et \u00e0 l\u2019approvisionnement en donn\u00e9es.<\/p>\n\n\n\n<p class=\"wp-block-paragraph\">Quant aux attentes \u00e0 l\u2019\u00e9gard de la CBTI, elles concernent principalement la mise sur pied d\u2019un inventaire des produits disponibles avec un tableau comparatif, la compilation d\u2019une s\u00e9rie d\u2019articles\/conf\u00e9rences sur le sujet et l\u2019organisation de formations afin de permettre aux traducteurs.trices et interpr\u00e8tes de ma\u00eetriser les nouveaux outils et surtout de sensibiliser leurs clients aux points positifs et n\u00e9gatifs que pr\u00e9sentent ces innovations.<\/p>\n\n\n\n<p class=\"wp-block-paragraph\">Si le sujet vous int\u00e9resse, n\u2019h\u00e9sitez pas \u00e0 manifester votre int\u00e9r\u00eat en envoyant un message \u00e0&nbsp;:&nbsp;<a href=\"mailto:secretariat@cbti-bktv.org\">secretariat@cbti-bktv.org<\/a>.<\/p>\n","protected":false},"excerpt":{"rendered":"<p>Une premi\u00e8re rencontre organis\u00e9e ce 18&nbsp;avril&nbsp;2023 a permis de dresser un \u00e9tat des lieux qui a fait appara\u00eetre la n\u00e9cessit\u00e9 de composer avec cette nouvelle r\u00e9alit\u00e9, l\u2019importance de compiler un maximum d\u2019informations sur le sujet ainsi que l\u2019utilit\u00e9 de faire preuve de proactivit\u00e9 pour ne pas avoir \u00e0 agir dans la pr\u00e9cipitation. L\u2019impact de l\u2019IA&hellip;&nbsp;<a href=\"https:\/\/www.cbti-bkvt.org\/de\/la-cbti-lance-un-groupe-de-travail-sur-lintelligence-artificielle-et-son-impact-sur-nos-professions\/\" rel=\"bookmark\">Read More &raquo;<span class=\"screen-reader-text\">La CBTI lance un groupe de travail sur l\u2019intelligence artificielle et son impact sur nos professions<\/span><\/a><\/p>\n","protected":false},"author":179,"featured_media":24652,"comment_status":"open","ping_status":"open","sticky":false,"template":"","format":"standard","meta":{"_acf_changed":false,"pmpro_default_level":"","neve_meta_sidebar":"","neve_meta_container":"","neve_meta_enable_content_width":"","neve_meta_content_width":0,"neve_meta_title_alignment":"","neve_meta_author_avatar":"","neve_post_elements_order":"","neve_meta_disable_header":"","neve_meta_disable_footer":"","neve_meta_disable_title":"","neve_meta_reading_time":"","footnotes":"","_links_to":"","_links_to_target":""},"categories":[376],"tags":[],"class_list":["post-26289","post","type-post","status-publish","format-standard","has-post-thumbnail","hentry","category-veranstaltungen","pmpro-has-access"],"acf":[],"yoast_head":"<!-- This site is optimized with the Yoast SEO plugin v28.3 - https:\/\/yoast.com\/product\/yoast-seo-wordpress\/ -->\n<title>Chambre Belge des Traducteurs et Interpr\u00e8tes | Belgische Kamer van Vertalers en Tolken<\/title>\n<meta name=\"robots\" content=\"index, follow, max-snippet:-1, max-image-preview:large, max-video-preview:-1\" \/>\n<link rel=\"canonical\" href=\"https:\/\/www.cbti-bkvt.org\/de\/la-cbti-lance-un-groupe-de-travail-sur-lintelligence-artificielle-et-son-impact-sur-nos-professions\/\" \/>\n<meta property=\"og:locale\" content=\"de_DE\" \/>\n<meta property=\"og:type\" content=\"article\" \/>\n<meta property=\"og:title\" content=\"La CBTI lance un groupe de travail sur l\u2019intelligence artificielle et son impact sur nos professions - Chambre Belge des Traducteurs et Interpr\u00e8tes | Belgische Kamer van Vertalers en Tolken\" \/>\n<meta property=\"og:description\" content=\"Une premi\u00e8re rencontre organis\u00e9e ce 18&nbsp;avril&nbsp;2023 a permis de dresser un \u00e9tat des lieux qui a fait appara\u00eetre la n\u00e9cessit\u00e9 de composer avec cette nouvelle r\u00e9alit\u00e9, l\u2019importance de compiler un maximum d\u2019informations sur le sujet ainsi que l\u2019utilit\u00e9 de faire preuve de proactivit\u00e9 pour ne pas avoir \u00e0 agir dans la pr\u00e9cipitation. L\u2019impact de l\u2019IA&hellip;&nbsp;Read More &raquo;La CBTI lance un groupe de travail sur l\u2019intelligence artificielle et son impact sur nos professions\" \/>\n<meta property=\"og:url\" content=\"https:\/\/www.cbti-bkvt.org\/de\/la-cbti-lance-un-groupe-de-travail-sur-lintelligence-artificielle-et-son-impact-sur-nos-professions\/\" \/>\n<meta property=\"og:site_name\" content=\"Chambre Belge des Traducteurs et Interpr\u00e8tes | Belgische Kamer van Vertalers en Tolken\" \/>\n<meta property=\"article:published_time\" content=\"2023-05-08T14:33:00+00:00\" \/>\n<meta name=\"author\" content=\"Nicolas Lefevre\" \/>\n<meta name=\"twitter:card\" content=\"summary_large_image\" \/>\n<meta name=\"twitter:label1\" content=\"Written by\" \/>\n\t<meta name=\"twitter:data1\" content=\"Nicolas Lefevre\" \/>\n\t<meta name=\"twitter:label2\" content=\"Est. reading time\" \/>\n\t<meta name=\"twitter:data2\" content=\"1 minute\" \/>\n<script type=\"application\/ld+json\" class=\"yoast-schema-graph\">{\"@context\":\"https:\\\/\\\/schema.org\",\"@graph\":[{\"@type\":\"Article\",\"@id\":\"https:\\\/\\\/www.cbti-bkvt.org\\\/de\\\/la-cbti-lance-un-groupe-de-travail-sur-lintelligence-artificielle-et-son-impact-sur-nos-professions\\\/#article\",\"isPartOf\":{\"@id\":\"https:\\\/\\\/www.cbti-bkvt.org\\\/de\\\/la-cbti-lance-un-groupe-de-travail-sur-lintelligence-artificielle-et-son-impact-sur-nos-professions\\\/\"},\"author\":{\"name\":\"Nicolas Lefevre\",\"@id\":\"https:\\\/\\\/www.cbti-bkvt.org\\\/de\\\/#\\\/schema\\\/person\\\/94feea4b4dde5b891f2362f5ce29317f\"},\"headline\":\"La CBTI lance un groupe de travail sur l\u2019intelligence artificielle et son impact sur nos professions\",\"datePublished\":\"2023-05-08T14:33:00+00:00\",\"mainEntityOfPage\":{\"@id\":\"https:\\\/\\\/www.cbti-bkvt.org\\\/de\\\/la-cbti-lance-un-groupe-de-travail-sur-lintelligence-artificielle-et-son-impact-sur-nos-professions\\\/\"},\"wordCount\":275,\"commentCount\":0,\"image\":{\"@id\":\"https:\\\/\\\/www.cbti-bkvt.org\\\/de\\\/la-cbti-lance-un-groupe-de-travail-sur-lintelligence-artificielle-et-son-impact-sur-nos-professions\\\/#primaryimage\"},\"thumbnailUrl\":\"https:\\\/\\\/www.cbti-bkvt.org\\\/wp-content\\\/uploads\\\/artificial-intelligence-gdcd4c7c59_1920-min.jpg\",\"articleSection\":[\"Veranstaltungen\"],\"inLanguage\":\"de-DE\",\"potentialAction\":[{\"@type\":\"CommentAction\",\"name\":\"Comment\",\"target\":[\"https:\\\/\\\/www.cbti-bkvt.org\\\/de\\\/la-cbti-lance-un-groupe-de-travail-sur-lintelligence-artificielle-et-son-impact-sur-nos-professions\\\/#respond\"]}]},{\"@type\":\"WebPage\",\"@id\":\"https:\\\/\\\/www.cbti-bkvt.org\\\/de\\\/la-cbti-lance-un-groupe-de-travail-sur-lintelligence-artificielle-et-son-impact-sur-nos-professions\\\/\",\"url\":\"https:\\\/\\\/www.cbti-bkvt.org\\\/de\\\/la-cbti-lance-un-groupe-de-travail-sur-lintelligence-artificielle-et-son-impact-sur-nos-professions\\\/\",\"name\":\"La CBTI lance un groupe de travail sur l\u2019intelligence artificielle et son impact sur nos professions - Chambre Belge des Traducteurs et Interpr\u00e8tes | Belgische Kamer van Vertalers en Tolken\",\"isPartOf\":{\"@id\":\"https:\\\/\\\/www.cbti-bkvt.org\\\/de\\\/#website\"},\"primaryImageOfPage\":{\"@id\":\"https:\\\/\\\/www.cbti-bkvt.org\\\/de\\\/la-cbti-lance-un-groupe-de-travail-sur-lintelligence-artificielle-et-son-impact-sur-nos-professions\\\/#primaryimage\"},\"image\":{\"@id\":\"https:\\\/\\\/www.cbti-bkvt.org\\\/de\\\/la-cbti-lance-un-groupe-de-travail-sur-lintelligence-artificielle-et-son-impact-sur-nos-professions\\\/#primaryimage\"},\"thumbnailUrl\":\"https:\\\/\\\/www.cbti-bkvt.org\\\/wp-content\\\/uploads\\\/artificial-intelligence-gdcd4c7c59_1920-min.jpg\",\"datePublished\":\"2023-05-08T14:33:00+00:00\",\"author\":{\"@id\":\"https:\\\/\\\/www.cbti-bkvt.org\\\/de\\\/#\\\/schema\\\/person\\\/94feea4b4dde5b891f2362f5ce29317f\"},\"breadcrumb\":{\"@id\":\"https:\\\/\\\/www.cbti-bkvt.org\\\/de\\\/la-cbti-lance-un-groupe-de-travail-sur-lintelligence-artificielle-et-son-impact-sur-nos-professions\\\/#breadcrumb\"},\"inLanguage\":\"de-DE\",\"potentialAction\":[{\"@type\":\"ReadAction\",\"target\":[\"https:\\\/\\\/www.cbti-bkvt.org\\\/de\\\/la-cbti-lance-un-groupe-de-travail-sur-lintelligence-artificielle-et-son-impact-sur-nos-professions\\\/\"]}]},{\"@type\":\"ImageObject\",\"inLanguage\":\"de-DE\",\"@id\":\"https:\\\/\\\/www.cbti-bkvt.org\\\/de\\\/la-cbti-lance-un-groupe-de-travail-sur-lintelligence-artificielle-et-son-impact-sur-nos-professions\\\/#primaryimage\",\"url\":\"https:\\\/\\\/www.cbti-bkvt.org\\\/wp-content\\\/uploads\\\/artificial-intelligence-gdcd4c7c59_1920-min.jpg\",\"contentUrl\":\"https:\\\/\\\/www.cbti-bkvt.org\\\/wp-content\\\/uploads\\\/artificial-intelligence-gdcd4c7c59_1920-min.jpg\",\"width\":1000,\"height\":666},{\"@type\":\"BreadcrumbList\",\"@id\":\"https:\\\/\\\/www.cbti-bkvt.org\\\/de\\\/la-cbti-lance-un-groupe-de-travail-sur-lintelligence-artificielle-et-son-impact-sur-nos-professions\\\/#breadcrumb\",\"itemListElement\":[{\"@type\":\"ListItem\",\"position\":1,\"name\":\"Home\",\"item\":\"https:\\\/\\\/www.cbti-bkvt.org\\\/de\\\/\"},{\"@type\":\"ListItem\",\"position\":2,\"name\":\"La CBTI lance un groupe de travail sur l\u2019intelligence artificielle et son impact sur nos professions\"}]},{\"@type\":\"WebSite\",\"@id\":\"https:\\\/\\\/www.cbti-bkvt.org\\\/de\\\/#website\",\"url\":\"https:\\\/\\\/www.cbti-bkvt.org\\\/de\\\/\",\"name\":\"Chambre Belge des Traducteurs et Interpr\u00e8tes | Belgische Kamer van Vertalers en Tolken\",\"description\":\"M\u00e9tiers de la traduction \u00e9crite, l\u2019interpr\u00e9tation de conf\u00e9rence, la traduction et l\u2019interpr\u00e9tation en milieu judiciaire.\",\"potentialAction\":[{\"@type\":\"SearchAction\",\"target\":{\"@type\":\"EntryPoint\",\"urlTemplate\":\"https:\\\/\\\/www.cbti-bkvt.org\\\/de\\\/?s={search_term_string}\"},\"query-input\":{\"@type\":\"PropertyValueSpecification\",\"valueRequired\":true,\"valueName\":\"search_term_string\"}}],\"inLanguage\":\"de-DE\"},{\"@type\":\"Person\",\"@id\":\"https:\\\/\\\/www.cbti-bkvt.org\\\/de\\\/#\\\/schema\\\/person\\\/94feea4b4dde5b891f2362f5ce29317f\",\"name\":\"Nicolas Lefevre\",\"image\":{\"@type\":\"ImageObject\",\"inLanguage\":\"de-DE\",\"@id\":\"https:\\\/\\\/secure.gravatar.com\\\/avatar\\\/47ebb8e09f73adf88664d661a811b16b308426e2f164dc0ff91916dcc586177b?s=96&d=mm&r=g\",\"url\":\"https:\\\/\\\/secure.gravatar.com\\\/avatar\\\/47ebb8e09f73adf88664d661a811b16b308426e2f164dc0ff91916dcc586177b?s=96&d=mm&r=g\",\"contentUrl\":\"https:\\\/\\\/secure.gravatar.com\\\/avatar\\\/47ebb8e09f73adf88664d661a811b16b308426e2f164dc0ff91916dcc586177b?s=96&d=mm&r=g\",\"caption\":\"Nicolas Lefevre\"},\"url\":\"https:\\\/\\\/www.cbti-bkvt.org\\\/de\\\/author\\\/nicolas-lefevre\\\/\"}]}<\/script>\n<!-- \/ Yoast SEO plugin. -->","yoast_head_json":{"title":"Chambre Belge des Traducteurs et Interpr\u00e8tes | Belgische Kamer van Vertalers en Tolken","robots":{"index":"index","follow":"follow","max-snippet":"max-snippet:-1","max-image-preview":"max-image-preview:large","max-video-preview":"max-video-preview:-1"},"canonical":"https:\/\/www.cbti-bkvt.org\/de\/la-cbti-lance-un-groupe-de-travail-sur-lintelligence-artificielle-et-son-impact-sur-nos-professions\/","og_locale":"de_DE","og_type":"article","og_title":"La CBTI lance un groupe de travail sur l\u2019intelligence artificielle et son impact sur nos professions - Chambre Belge des Traducteurs et Interpr\u00e8tes | Belgische Kamer van Vertalers en Tolken","og_description":"Une premi\u00e8re rencontre organis\u00e9e ce 18&nbsp;avril&nbsp;2023 a permis de dresser un \u00e9tat des lieux qui a fait appara\u00eetre la n\u00e9cessit\u00e9 de composer avec cette nouvelle r\u00e9alit\u00e9, l\u2019importance de compiler un maximum d\u2019informations sur le sujet ainsi que l\u2019utilit\u00e9 de faire preuve de proactivit\u00e9 pour ne pas avoir \u00e0 agir dans la pr\u00e9cipitation. L\u2019impact de l\u2019IA&hellip;&nbsp;Read More &raquo;La CBTI lance un groupe de travail sur l\u2019intelligence artificielle et son impact sur nos professions","og_url":"https:\/\/www.cbti-bkvt.org\/de\/la-cbti-lance-un-groupe-de-travail-sur-lintelligence-artificielle-et-son-impact-sur-nos-professions\/","og_site_name":"Chambre Belge des Traducteurs et Interpr\u00e8tes | Belgische Kamer van Vertalers en Tolken","article_published_time":"2023-05-08T14:33:00+00:00","author":"Nicolas Lefevre","twitter_card":"summary_large_image","twitter_misc":{"Written by":"Nicolas Lefevre","Est. reading time":"1 minute"},"schema":{"@context":"https:\/\/schema.org","@graph":[{"@type":"Article","@id":"https:\/\/www.cbti-bkvt.org\/de\/la-cbti-lance-un-groupe-de-travail-sur-lintelligence-artificielle-et-son-impact-sur-nos-professions\/#article","isPartOf":{"@id":"https:\/\/www.cbti-bkvt.org\/de\/la-cbti-lance-un-groupe-de-travail-sur-lintelligence-artificielle-et-son-impact-sur-nos-professions\/"},"author":{"name":"Nicolas Lefevre","@id":"https:\/\/www.cbti-bkvt.org\/de\/#\/schema\/person\/94feea4b4dde5b891f2362f5ce29317f"},"headline":"La CBTI lance un groupe de travail sur l\u2019intelligence artificielle et son impact sur nos professions","datePublished":"2023-05-08T14:33:00+00:00","mainEntityOfPage":{"@id":"https:\/\/www.cbti-bkvt.org\/de\/la-cbti-lance-un-groupe-de-travail-sur-lintelligence-artificielle-et-son-impact-sur-nos-professions\/"},"wordCount":275,"commentCount":0,"image":{"@id":"https:\/\/www.cbti-bkvt.org\/de\/la-cbti-lance-un-groupe-de-travail-sur-lintelligence-artificielle-et-son-impact-sur-nos-professions\/#primaryimage"},"thumbnailUrl":"https:\/\/www.cbti-bkvt.org\/wp-content\/uploads\/artificial-intelligence-gdcd4c7c59_1920-min.jpg","articleSection":["Veranstaltungen"],"inLanguage":"de-DE","potentialAction":[{"@type":"CommentAction","name":"Comment","target":["https:\/\/www.cbti-bkvt.org\/de\/la-cbti-lance-un-groupe-de-travail-sur-lintelligence-artificielle-et-son-impact-sur-nos-professions\/#respond"]}]},{"@type":"WebPage","@id":"https:\/\/www.cbti-bkvt.org\/de\/la-cbti-lance-un-groupe-de-travail-sur-lintelligence-artificielle-et-son-impact-sur-nos-professions\/","url":"https:\/\/www.cbti-bkvt.org\/de\/la-cbti-lance-un-groupe-de-travail-sur-lintelligence-artificielle-et-son-impact-sur-nos-professions\/","name":"La CBTI lance un groupe de travail sur l\u2019intelligence artificielle et son impact sur nos professions - Chambre Belge des Traducteurs et Interpr\u00e8tes | Belgische Kamer van Vertalers en Tolken","isPartOf":{"@id":"https:\/\/www.cbti-bkvt.org\/de\/#website"},"primaryImageOfPage":{"@id":"https:\/\/www.cbti-bkvt.org\/de\/la-cbti-lance-un-groupe-de-travail-sur-lintelligence-artificielle-et-son-impact-sur-nos-professions\/#primaryimage"},"image":{"@id":"https:\/\/www.cbti-bkvt.org\/de\/la-cbti-lance-un-groupe-de-travail-sur-lintelligence-artificielle-et-son-impact-sur-nos-professions\/#primaryimage"},"thumbnailUrl":"https:\/\/www.cbti-bkvt.org\/wp-content\/uploads\/artificial-intelligence-gdcd4c7c59_1920-min.jpg","datePublished":"2023-05-08T14:33:00+00:00","author":{"@id":"https:\/\/www.cbti-bkvt.org\/de\/#\/schema\/person\/94feea4b4dde5b891f2362f5ce29317f"},"breadcrumb":{"@id":"https:\/\/www.cbti-bkvt.org\/de\/la-cbti-lance-un-groupe-de-travail-sur-lintelligence-artificielle-et-son-impact-sur-nos-professions\/#breadcrumb"},"inLanguage":"de-DE","potentialAction":[{"@type":"ReadAction","target":["https:\/\/www.cbti-bkvt.org\/de\/la-cbti-lance-un-groupe-de-travail-sur-lintelligence-artificielle-et-son-impact-sur-nos-professions\/"]}]},{"@type":"ImageObject","inLanguage":"de-DE","@id":"https:\/\/www.cbti-bkvt.org\/de\/la-cbti-lance-un-groupe-de-travail-sur-lintelligence-artificielle-et-son-impact-sur-nos-professions\/#primaryimage","url":"https:\/\/www.cbti-bkvt.org\/wp-content\/uploads\/artificial-intelligence-gdcd4c7c59_1920-min.jpg","contentUrl":"https:\/\/www.cbti-bkvt.org\/wp-content\/uploads\/artificial-intelligence-gdcd4c7c59_1920-min.jpg","width":1000,"height":666},{"@type":"BreadcrumbList","@id":"https:\/\/www.cbti-bkvt.org\/de\/la-cbti-lance-un-groupe-de-travail-sur-lintelligence-artificielle-et-son-impact-sur-nos-professions\/#breadcrumb","itemListElement":[{"@type":"ListItem","position":1,"name":"Home","item":"https:\/\/www.cbti-bkvt.org\/de\/"},{"@type":"ListItem","position":2,"name":"La CBTI lance un groupe de travail sur l\u2019intelligence artificielle et son impact sur nos professions"}]},{"@type":"WebSite","@id":"https:\/\/www.cbti-bkvt.org\/de\/#website","url":"https:\/\/www.cbti-bkvt.org\/de\/","name":"Chambre Belge des Traducteurs et Interpr\u00e8tes | Belgische Kamer van Vertalers en Tolken","description":"M\u00e9tiers de la traduction \u00e9crite, l\u2019interpr\u00e9tation de conf\u00e9rence, la traduction et l\u2019interpr\u00e9tation en milieu judiciaire.","potentialAction":[{"@type":"SearchAction","target":{"@type":"EntryPoint","urlTemplate":"https:\/\/www.cbti-bkvt.org\/de\/?s={search_term_string}"},"query-input":{"@type":"PropertyValueSpecification","valueRequired":true,"valueName":"search_term_string"}}],"inLanguage":"de-DE"},{"@type":"Person","@id":"https:\/\/www.cbti-bkvt.org\/de\/#\/schema\/person\/94feea4b4dde5b891f2362f5ce29317f","name":"Nicolas Lefevre","image":{"@type":"ImageObject","inLanguage":"de-DE","@id":"https:\/\/secure.gravatar.com\/avatar\/47ebb8e09f73adf88664d661a811b16b308426e2f164dc0ff91916dcc586177b?s=96&d=mm&r=g","url":"https:\/\/secure.gravatar.com\/avatar\/47ebb8e09f73adf88664d661a811b16b308426e2f164dc0ff91916dcc586177b?s=96&d=mm&r=g","contentUrl":"https:\/\/secure.gravatar.com\/avatar\/47ebb8e09f73adf88664d661a811b16b308426e2f164dc0ff91916dcc586177b?s=96&d=mm&r=g","caption":"Nicolas Lefevre"},"url":"https:\/\/www.cbti-bkvt.org\/de\/author\/nicolas-lefevre\/"}]}},"_links":{"self":[{"href":"https:\/\/www.cbti-bkvt.org\/de\/wp-json\/wp\/v2\/posts\/26289","targetHints":{"allow":["GET"]}}],"collection":[{"href":"https:\/\/www.cbti-bkvt.org\/de\/wp-json\/wp\/v2\/posts"}],"about":[{"href":"https:\/\/www.cbti-bkvt.org\/de\/wp-json\/wp\/v2\/types\/post"}],"author":[{"embeddable":true,"href":"https:\/\/www.cbti-bkvt.org\/de\/wp-json\/wp\/v2\/users\/179"}],"replies":[{"embeddable":true,"href":"https:\/\/www.cbti-bkvt.org\/de\/wp-json\/wp\/v2\/comments?post=26289"}],"version-history":[{"count":0,"href":"https:\/\/www.cbti-bkvt.org\/de\/wp-json\/wp\/v2\/posts\/26289\/revisions"}],"wp:featuredmedia":[{"embeddable":true,"href":"https:\/\/www.cbti-bkvt.org\/de\/wp-json\/wp\/v2\/media\/24652"}],"wp:attachment":[{"href":"https:\/\/www.cbti-bkvt.org\/de\/wp-json\/wp\/v2\/media?parent=26289"}],"wp:term":[{"taxonomy":"category","embeddable":true,"href":"https:\/\/www.cbti-bkvt.org\/de\/wp-json\/wp\/v2\/categories?post=26289"},{"taxonomy":"post_tag","embeddable":true,"href":"https:\/\/www.cbti-bkvt.org\/de\/wp-json\/wp\/v2\/tags?post=26289"}],"curies":[{"name":"wp","href":"https:\/\/api.w.org\/{rel}","templated":true}]}}