{"id":34937,"date":"2026-03-02T10:48:55","date_gmt":"2026-03-02T09:48:55","guid":{"rendered":"https:\/\/www.cbti-bkvt.org\/lettre-ouverte-du-forum-des-interpretes-aux-representants-du-spf-affaires-etrangeres\/"},"modified":"2026-03-02T10:54:55","modified_gmt":"2026-03-02T09:54:55","slug":"lettre-ouverte-du-forum-des-interpretes-aux-representants-du-spf-affaires-etrangeres","status":"publish","type":"post","link":"https:\/\/www.cbti-bkvt.org\/de\/lettre-ouverte-du-forum-des-interpretes-aux-representants-du-spf-affaires-etrangeres\/","title":{"rendered":"Lettre ouverte du Forum des Interpr\u00e8tes aux repr\u00e9sentants du SPF Affaires \u00e9trang\u00e8res"},"content":{"rendered":"\n<p>Le Forum des Interpr\u00e8tes, la commission repr\u00e9sentant les interpr\u00e8tes de la Chambre belge des traducteurs et interpr\u00e8tes (CBTI) a r\u00e9cemment pris connaissance de l\u2019appel d\u2019offres lanc\u00e9 par le SPF Affaires \u00e9trang\u00e8res pour des services d\u2019interpr\u00e9tation (march\u00e9 public BZAE\/P2\/2025 portant sur la fourniture de services professionnels dans le domaine de l\u2019interpr\u00e9tation simultan\u00e9e et\/ou cons\u00e9cutive pour diverses r\u00e9unions et conf\u00e9rences organis\u00e9es au SPF Affaires \u00e9trang\u00e8res \u00e0 Bruxelles) et a examin\u00e9 avec attention les conditions propos\u00e9es dans le cadre de ce march\u00e9 public.&nbsp;<\/p>\n\n\n\n<p>La CBTI est l\u2019association professionnelle belge qui repr\u00e9sente et d\u00e9fend les int\u00e9r\u00eats des traducteurs et interpr\u00e8tes, et qui a r\u00e9dig\u00e9 des documents de r\u00e9f\u00e9rence tels que le Vad\u00e9m\u00e9cum pour les march\u00e9s publics de services d\u2019interpr\u00e9tation, con\u00e7u pour guider les pouvoirs adjudicateurs dans la formulation de cahiers des charges \u00e9quilibr\u00e9s et respectueux des pratiques professionnelles reconnues.<\/p>\n\n\n\n<p>A cet \u00e9gard, nous avons tenu \u00e0 partager avec les parties prenantes les bonnes pratiques dans le cadre d&#8217;un appel d&#8217;offre sur le march\u00e9 public \u00e0 travers ce Vad\u00e9m\u00e9cum.<\/p>\n\n\n\n<p>Le Forum des interpr\u00e8tes partagera avec ses membres les r\u00e9sultats de ces \u00e9changes.<\/p>\n\n\n\n<p>\ud83d\udc49 <a href=\"https:\/\/www.cbti-bkvt.org\/wp-content\/uploads\/2026-02-Lettre-SPF-Affaires-etrangeres_Forum-interpretes.pdf\">T\u00e9l\u00e9charger la lettre ouverte<\/a><\/p>\n","protected":false},"excerpt":{"rendered":"<p>Le Forum des Interpr\u00e8tes, la commission repr\u00e9sentant les interpr\u00e8tes de la Chambre belge des traducteurs et interpr\u00e8tes (CBTI) a r\u00e9cemment pris connaissance de l\u2019appel d\u2019offres lanc\u00e9 par le SPF Affaires \u00e9trang\u00e8res pour des services d\u2019interpr\u00e9tation (march\u00e9 public BZAE\/P2\/2025 portant sur la fourniture de services professionnels dans le domaine de l\u2019interpr\u00e9tation simultan\u00e9e et\/ou cons\u00e9cutive pour diverses&hellip;&nbsp;<a href=\"https:\/\/www.cbti-bkvt.org\/de\/lettre-ouverte-du-forum-des-interpretes-aux-representants-du-spf-affaires-etrangeres\/\" rel=\"bookmark\">Read More &raquo;<span class=\"screen-reader-text\">Lettre ouverte du Forum des Interpr\u00e8tes aux repr\u00e9sentants du SPF Affaires \u00e9trang\u00e8res<\/span><\/a><\/p>\n","protected":false},"author":265,"featured_media":34941,"comment_status":"closed","ping_status":"closed","sticky":false,"template":"","format":"standard","meta":{"_acf_changed":false,"pmpro_default_level":"","neve_meta_sidebar":"","neve_meta_container":"","neve_meta_enable_content_width":"","neve_meta_content_width":0,"neve_meta_title_alignment":"","neve_meta_author_avatar":"","neve_post_elements_order":"","neve_meta_disable_header":"","neve_meta_disable_footer":"","neve_meta_disable_title":"","neve_meta_reading_time":"","footnotes":"","_links_to":"","_links_to_target":""},"categories":[408,380],"tags":[],"class_list":["post-34937","post","type-post","status-publish","format-standard","has-post-thumbnail","hentry","category-position-statements-de","category-sektorkomitees","pmpro-has-access"],"acf":[],"yoast_head":"<!-- This site is optimized with the Yoast SEO plugin v27.4 - https:\/\/yoast.com\/product\/yoast-seo-wordpress\/ -->\n<title>Chambre Belge des Traducteurs et Interpr\u00e8tes | Belgische Kamer van Vertalers en Tolken<\/title>\n<meta name=\"robots\" content=\"index, follow, max-snippet:-1, max-image-preview:large, max-video-preview:-1\" \/>\n<link rel=\"canonical\" href=\"https:\/\/www.cbti-bkvt.org\/de\/lettre-ouverte-du-forum-des-interpretes-aux-representants-du-spf-affaires-etrangeres\/\" \/>\n<meta property=\"og:locale\" content=\"de_DE\" \/>\n<meta property=\"og:type\" content=\"article\" \/>\n<meta property=\"og:title\" content=\"Lettre ouverte du Forum des Interpr\u00e8tes aux repr\u00e9sentants du SPF Affaires \u00e9trang\u00e8res - Chambre Belge des Traducteurs et Interpr\u00e8tes | Belgische Kamer van Vertalers en Tolken\" \/>\n<meta property=\"og:description\" content=\"Le Forum des Interpr\u00e8tes, la commission repr\u00e9sentant les interpr\u00e8tes de la Chambre belge des traducteurs et interpr\u00e8tes (CBTI) a r\u00e9cemment pris connaissance de l\u2019appel d\u2019offres lanc\u00e9 par le SPF Affaires \u00e9trang\u00e8res pour des services d\u2019interpr\u00e9tation (march\u00e9 public BZAE\/P2\/2025 portant sur la fourniture de services professionnels dans le domaine de l\u2019interpr\u00e9tation simultan\u00e9e et\/ou cons\u00e9cutive pour diverses&hellip;&nbsp;Read More &raquo;Lettre ouverte du Forum des Interpr\u00e8tes aux repr\u00e9sentants du SPF Affaires \u00e9trang\u00e8res\" \/>\n<meta property=\"og:url\" content=\"https:\/\/www.cbti-bkvt.org\/de\/lettre-ouverte-du-forum-des-interpretes-aux-representants-du-spf-affaires-etrangeres\/\" \/>\n<meta property=\"og:site_name\" content=\"Chambre Belge des Traducteurs et Interpr\u00e8tes | Belgische Kamer van Vertalers en Tolken\" \/>\n<meta property=\"article:published_time\" content=\"2026-03-02T09:48:55+00:00\" \/>\n<meta property=\"article:modified_time\" content=\"2026-03-02T09:54:55+00:00\" \/>\n<meta name=\"author\" content=\"C\u00e9line Maes\" \/>\n<meta name=\"twitter:card\" content=\"summary_large_image\" \/>\n<meta name=\"twitter:label1\" content=\"Written by\" \/>\n\t<meta name=\"twitter:data1\" content=\"C\u00e9line Maes\" \/>\n\t<meta name=\"twitter:label2\" content=\"Est. reading time\" \/>\n\t<meta name=\"twitter:data2\" content=\"1 minute\" \/>\n<script type=\"application\/ld+json\" class=\"yoast-schema-graph\">{\"@context\":\"https:\\\/\\\/schema.org\",\"@graph\":[{\"@type\":\"Article\",\"@id\":\"https:\\\/\\\/www.cbti-bkvt.org\\\/de\\\/lettre-ouverte-du-forum-des-interpretes-aux-representants-du-spf-affaires-etrangeres\\\/#article\",\"isPartOf\":{\"@id\":\"https:\\\/\\\/www.cbti-bkvt.org\\\/de\\\/lettre-ouverte-du-forum-des-interpretes-aux-representants-du-spf-affaires-etrangeres\\\/\"},\"author\":{\"name\":\"C\u00e9line Maes\",\"@id\":\"https:\\\/\\\/www.cbti-bkvt.org\\\/de\\\/#\\\/schema\\\/person\\\/618be4a1eba65d61684e3a8d473272d0\"},\"headline\":\"Lettre ouverte du Forum des Interpr\u00e8tes aux repr\u00e9sentants du SPF Affaires \u00e9trang\u00e8res\",\"datePublished\":\"2026-03-02T09:48:55+00:00\",\"dateModified\":\"2026-03-02T09:54:55+00:00\",\"mainEntityOfPage\":{\"@id\":\"https:\\\/\\\/www.cbti-bkvt.org\\\/de\\\/lettre-ouverte-du-forum-des-interpretes-aux-representants-du-spf-affaires-etrangeres\\\/\"},\"wordCount\":239,\"image\":{\"@id\":\"https:\\\/\\\/www.cbti-bkvt.org\\\/de\\\/lettre-ouverte-du-forum-des-interpretes-aux-representants-du-spf-affaires-etrangeres\\\/#primaryimage\"},\"thumbnailUrl\":\"https:\\\/\\\/www.cbti-bkvt.org\\\/wp-content\\\/uploads\\\/Lettre-Forum-interpretes.png\",\"articleSection\":[\"Position Statements\",\"Sektorkomitees\"],\"inLanguage\":\"de-DE\"},{\"@type\":\"WebPage\",\"@id\":\"https:\\\/\\\/www.cbti-bkvt.org\\\/de\\\/lettre-ouverte-du-forum-des-interpretes-aux-representants-du-spf-affaires-etrangeres\\\/\",\"url\":\"https:\\\/\\\/www.cbti-bkvt.org\\\/de\\\/lettre-ouverte-du-forum-des-interpretes-aux-representants-du-spf-affaires-etrangeres\\\/\",\"name\":\"Lettre ouverte du Forum des Interpr\u00e8tes aux repr\u00e9sentants du SPF Affaires \u00e9trang\u00e8res - Chambre Belge des Traducteurs et Interpr\u00e8tes | Belgische Kamer van Vertalers en Tolken\",\"isPartOf\":{\"@id\":\"https:\\\/\\\/www.cbti-bkvt.org\\\/de\\\/#website\"},\"primaryImageOfPage\":{\"@id\":\"https:\\\/\\\/www.cbti-bkvt.org\\\/de\\\/lettre-ouverte-du-forum-des-interpretes-aux-representants-du-spf-affaires-etrangeres\\\/#primaryimage\"},\"image\":{\"@id\":\"https:\\\/\\\/www.cbti-bkvt.org\\\/de\\\/lettre-ouverte-du-forum-des-interpretes-aux-representants-du-spf-affaires-etrangeres\\\/#primaryimage\"},\"thumbnailUrl\":\"https:\\\/\\\/www.cbti-bkvt.org\\\/wp-content\\\/uploads\\\/Lettre-Forum-interpretes.png\",\"datePublished\":\"2026-03-02T09:48:55+00:00\",\"dateModified\":\"2026-03-02T09:54:55+00:00\",\"author\":{\"@id\":\"https:\\\/\\\/www.cbti-bkvt.org\\\/de\\\/#\\\/schema\\\/person\\\/618be4a1eba65d61684e3a8d473272d0\"},\"breadcrumb\":{\"@id\":\"https:\\\/\\\/www.cbti-bkvt.org\\\/de\\\/lettre-ouverte-du-forum-des-interpretes-aux-representants-du-spf-affaires-etrangeres\\\/#breadcrumb\"},\"inLanguage\":\"de-DE\",\"potentialAction\":[{\"@type\":\"ReadAction\",\"target\":[\"https:\\\/\\\/www.cbti-bkvt.org\\\/de\\\/lettre-ouverte-du-forum-des-interpretes-aux-representants-du-spf-affaires-etrangeres\\\/\"]}]},{\"@type\":\"ImageObject\",\"inLanguage\":\"de-DE\",\"@id\":\"https:\\\/\\\/www.cbti-bkvt.org\\\/de\\\/lettre-ouverte-du-forum-des-interpretes-aux-representants-du-spf-affaires-etrangeres\\\/#primaryimage\",\"url\":\"https:\\\/\\\/www.cbti-bkvt.org\\\/wp-content\\\/uploads\\\/Lettre-Forum-interpretes.png\",\"contentUrl\":\"https:\\\/\\\/www.cbti-bkvt.org\\\/wp-content\\\/uploads\\\/Lettre-Forum-interpretes.png\",\"width\":1536,\"height\":1024},{\"@type\":\"BreadcrumbList\",\"@id\":\"https:\\\/\\\/www.cbti-bkvt.org\\\/de\\\/lettre-ouverte-du-forum-des-interpretes-aux-representants-du-spf-affaires-etrangeres\\\/#breadcrumb\",\"itemListElement\":[{\"@type\":\"ListItem\",\"position\":1,\"name\":\"Home\",\"item\":\"https:\\\/\\\/www.cbti-bkvt.org\\\/de\\\/\"},{\"@type\":\"ListItem\",\"position\":2,\"name\":\"Lettre ouverte du Forum des Interpr\u00e8tes aux repr\u00e9sentants du SPF Affaires \u00e9trang\u00e8res\"}]},{\"@type\":\"WebSite\",\"@id\":\"https:\\\/\\\/www.cbti-bkvt.org\\\/de\\\/#website\",\"url\":\"https:\\\/\\\/www.cbti-bkvt.org\\\/de\\\/\",\"name\":\"Chambre Belge des Traducteurs et Interpr\u00e8tes | Belgische Kamer van Vertalers en Tolken\",\"description\":\"M\u00e9tiers de la traduction \u00e9crite, l\u2019interpr\u00e9tation de conf\u00e9rence, la traduction et l\u2019interpr\u00e9tation en milieu judiciaire.\",\"potentialAction\":[{\"@type\":\"SearchAction\",\"target\":{\"@type\":\"EntryPoint\",\"urlTemplate\":\"https:\\\/\\\/www.cbti-bkvt.org\\\/de\\\/?s={search_term_string}\"},\"query-input\":{\"@type\":\"PropertyValueSpecification\",\"valueRequired\":true,\"valueName\":\"search_term_string\"}}],\"inLanguage\":\"de-DE\"},{\"@type\":\"Person\",\"@id\":\"https:\\\/\\\/www.cbti-bkvt.org\\\/de\\\/#\\\/schema\\\/person\\\/618be4a1eba65d61684e3a8d473272d0\",\"name\":\"C\u00e9line Maes\",\"image\":{\"@type\":\"ImageObject\",\"inLanguage\":\"de-DE\",\"@id\":\"https:\\\/\\\/secure.gravatar.com\\\/avatar\\\/6dab3ef828603e99aa932e67eee22b03c8af9eedd530af71e0d723f323241dad?s=96&d=mm&r=g\",\"url\":\"https:\\\/\\\/secure.gravatar.com\\\/avatar\\\/6dab3ef828603e99aa932e67eee22b03c8af9eedd530af71e0d723f323241dad?s=96&d=mm&r=g\",\"contentUrl\":\"https:\\\/\\\/secure.gravatar.com\\\/avatar\\\/6dab3ef828603e99aa932e67eee22b03c8af9eedd530af71e0d723f323241dad?s=96&d=mm&r=g\",\"caption\":\"C\u00e9line Maes\"},\"url\":\"https:\\\/\\\/www.cbti-bkvt.org\\\/de\\\/author\\\/celine-maes\\\/\"}]}<\/script>\n<!-- \/ Yoast SEO plugin. -->","yoast_head_json":{"title":"Chambre Belge des Traducteurs et Interpr\u00e8tes | Belgische Kamer van Vertalers en Tolken","robots":{"index":"index","follow":"follow","max-snippet":"max-snippet:-1","max-image-preview":"max-image-preview:large","max-video-preview":"max-video-preview:-1"},"canonical":"https:\/\/www.cbti-bkvt.org\/de\/lettre-ouverte-du-forum-des-interpretes-aux-representants-du-spf-affaires-etrangeres\/","og_locale":"de_DE","og_type":"article","og_title":"Lettre ouverte du Forum des Interpr\u00e8tes aux repr\u00e9sentants du SPF Affaires \u00e9trang\u00e8res - Chambre Belge des Traducteurs et Interpr\u00e8tes | Belgische Kamer van Vertalers en Tolken","og_description":"Le Forum des Interpr\u00e8tes, la commission repr\u00e9sentant les interpr\u00e8tes de la Chambre belge des traducteurs et interpr\u00e8tes (CBTI) a r\u00e9cemment pris connaissance de l\u2019appel d\u2019offres lanc\u00e9 par le SPF Affaires \u00e9trang\u00e8res pour des services d\u2019interpr\u00e9tation (march\u00e9 public BZAE\/P2\/2025 portant sur la fourniture de services professionnels dans le domaine de l\u2019interpr\u00e9tation simultan\u00e9e et\/ou cons\u00e9cutive pour diverses&hellip;&nbsp;Read More &raquo;Lettre ouverte du Forum des Interpr\u00e8tes aux repr\u00e9sentants du SPF Affaires \u00e9trang\u00e8res","og_url":"https:\/\/www.cbti-bkvt.org\/de\/lettre-ouverte-du-forum-des-interpretes-aux-representants-du-spf-affaires-etrangeres\/","og_site_name":"Chambre Belge des Traducteurs et Interpr\u00e8tes | Belgische Kamer van Vertalers en Tolken","article_published_time":"2026-03-02T09:48:55+00:00","article_modified_time":"2026-03-02T09:54:55+00:00","author":"C\u00e9line Maes","twitter_card":"summary_large_image","twitter_misc":{"Written by":"C\u00e9line Maes","Est. reading time":"1 minute"},"schema":{"@context":"https:\/\/schema.org","@graph":[{"@type":"Article","@id":"https:\/\/www.cbti-bkvt.org\/de\/lettre-ouverte-du-forum-des-interpretes-aux-representants-du-spf-affaires-etrangeres\/#article","isPartOf":{"@id":"https:\/\/www.cbti-bkvt.org\/de\/lettre-ouverte-du-forum-des-interpretes-aux-representants-du-spf-affaires-etrangeres\/"},"author":{"name":"C\u00e9line Maes","@id":"https:\/\/www.cbti-bkvt.org\/de\/#\/schema\/person\/618be4a1eba65d61684e3a8d473272d0"},"headline":"Lettre ouverte du Forum des Interpr\u00e8tes aux repr\u00e9sentants du SPF Affaires \u00e9trang\u00e8res","datePublished":"2026-03-02T09:48:55+00:00","dateModified":"2026-03-02T09:54:55+00:00","mainEntityOfPage":{"@id":"https:\/\/www.cbti-bkvt.org\/de\/lettre-ouverte-du-forum-des-interpretes-aux-representants-du-spf-affaires-etrangeres\/"},"wordCount":239,"image":{"@id":"https:\/\/www.cbti-bkvt.org\/de\/lettre-ouverte-du-forum-des-interpretes-aux-representants-du-spf-affaires-etrangeres\/#primaryimage"},"thumbnailUrl":"https:\/\/www.cbti-bkvt.org\/wp-content\/uploads\/Lettre-Forum-interpretes.png","articleSection":["Position Statements","Sektorkomitees"],"inLanguage":"de-DE"},{"@type":"WebPage","@id":"https:\/\/www.cbti-bkvt.org\/de\/lettre-ouverte-du-forum-des-interpretes-aux-representants-du-spf-affaires-etrangeres\/","url":"https:\/\/www.cbti-bkvt.org\/de\/lettre-ouverte-du-forum-des-interpretes-aux-representants-du-spf-affaires-etrangeres\/","name":"Lettre ouverte du Forum des Interpr\u00e8tes aux repr\u00e9sentants du SPF Affaires \u00e9trang\u00e8res - Chambre Belge des Traducteurs et Interpr\u00e8tes | Belgische Kamer van Vertalers en Tolken","isPartOf":{"@id":"https:\/\/www.cbti-bkvt.org\/de\/#website"},"primaryImageOfPage":{"@id":"https:\/\/www.cbti-bkvt.org\/de\/lettre-ouverte-du-forum-des-interpretes-aux-representants-du-spf-affaires-etrangeres\/#primaryimage"},"image":{"@id":"https:\/\/www.cbti-bkvt.org\/de\/lettre-ouverte-du-forum-des-interpretes-aux-representants-du-spf-affaires-etrangeres\/#primaryimage"},"thumbnailUrl":"https:\/\/www.cbti-bkvt.org\/wp-content\/uploads\/Lettre-Forum-interpretes.png","datePublished":"2026-03-02T09:48:55+00:00","dateModified":"2026-03-02T09:54:55+00:00","author":{"@id":"https:\/\/www.cbti-bkvt.org\/de\/#\/schema\/person\/618be4a1eba65d61684e3a8d473272d0"},"breadcrumb":{"@id":"https:\/\/www.cbti-bkvt.org\/de\/lettre-ouverte-du-forum-des-interpretes-aux-representants-du-spf-affaires-etrangeres\/#breadcrumb"},"inLanguage":"de-DE","potentialAction":[{"@type":"ReadAction","target":["https:\/\/www.cbti-bkvt.org\/de\/lettre-ouverte-du-forum-des-interpretes-aux-representants-du-spf-affaires-etrangeres\/"]}]},{"@type":"ImageObject","inLanguage":"de-DE","@id":"https:\/\/www.cbti-bkvt.org\/de\/lettre-ouverte-du-forum-des-interpretes-aux-representants-du-spf-affaires-etrangeres\/#primaryimage","url":"https:\/\/www.cbti-bkvt.org\/wp-content\/uploads\/Lettre-Forum-interpretes.png","contentUrl":"https:\/\/www.cbti-bkvt.org\/wp-content\/uploads\/Lettre-Forum-interpretes.png","width":1536,"height":1024},{"@type":"BreadcrumbList","@id":"https:\/\/www.cbti-bkvt.org\/de\/lettre-ouverte-du-forum-des-interpretes-aux-representants-du-spf-affaires-etrangeres\/#breadcrumb","itemListElement":[{"@type":"ListItem","position":1,"name":"Home","item":"https:\/\/www.cbti-bkvt.org\/de\/"},{"@type":"ListItem","position":2,"name":"Lettre ouverte du Forum des Interpr\u00e8tes aux repr\u00e9sentants du SPF Affaires \u00e9trang\u00e8res"}]},{"@type":"WebSite","@id":"https:\/\/www.cbti-bkvt.org\/de\/#website","url":"https:\/\/www.cbti-bkvt.org\/de\/","name":"Chambre Belge des Traducteurs et Interpr\u00e8tes | Belgische Kamer van Vertalers en Tolken","description":"M\u00e9tiers de la traduction \u00e9crite, l\u2019interpr\u00e9tation de conf\u00e9rence, la traduction et l\u2019interpr\u00e9tation en milieu judiciaire.","potentialAction":[{"@type":"SearchAction","target":{"@type":"EntryPoint","urlTemplate":"https:\/\/www.cbti-bkvt.org\/de\/?s={search_term_string}"},"query-input":{"@type":"PropertyValueSpecification","valueRequired":true,"valueName":"search_term_string"}}],"inLanguage":"de-DE"},{"@type":"Person","@id":"https:\/\/www.cbti-bkvt.org\/de\/#\/schema\/person\/618be4a1eba65d61684e3a8d473272d0","name":"C\u00e9line Maes","image":{"@type":"ImageObject","inLanguage":"de-DE","@id":"https:\/\/secure.gravatar.com\/avatar\/6dab3ef828603e99aa932e67eee22b03c8af9eedd530af71e0d723f323241dad?s=96&d=mm&r=g","url":"https:\/\/secure.gravatar.com\/avatar\/6dab3ef828603e99aa932e67eee22b03c8af9eedd530af71e0d723f323241dad?s=96&d=mm&r=g","contentUrl":"https:\/\/secure.gravatar.com\/avatar\/6dab3ef828603e99aa932e67eee22b03c8af9eedd530af71e0d723f323241dad?s=96&d=mm&r=g","caption":"C\u00e9line Maes"},"url":"https:\/\/www.cbti-bkvt.org\/de\/author\/celine-maes\/"}]}},"_links":{"self":[{"href":"https:\/\/www.cbti-bkvt.org\/de\/wp-json\/wp\/v2\/posts\/34937","targetHints":{"allow":["GET"]}}],"collection":[{"href":"https:\/\/www.cbti-bkvt.org\/de\/wp-json\/wp\/v2\/posts"}],"about":[{"href":"https:\/\/www.cbti-bkvt.org\/de\/wp-json\/wp\/v2\/types\/post"}],"author":[{"embeddable":true,"href":"https:\/\/www.cbti-bkvt.org\/de\/wp-json\/wp\/v2\/users\/265"}],"replies":[{"embeddable":true,"href":"https:\/\/www.cbti-bkvt.org\/de\/wp-json\/wp\/v2\/comments?post=34937"}],"version-history":[{"count":1,"href":"https:\/\/www.cbti-bkvt.org\/de\/wp-json\/wp\/v2\/posts\/34937\/revisions"}],"predecessor-version":[{"id":34944,"href":"https:\/\/www.cbti-bkvt.org\/de\/wp-json\/wp\/v2\/posts\/34937\/revisions\/34944"}],"wp:featuredmedia":[{"embeddable":true,"href":"https:\/\/www.cbti-bkvt.org\/de\/wp-json\/wp\/v2\/media\/34941"}],"wp:attachment":[{"href":"https:\/\/www.cbti-bkvt.org\/de\/wp-json\/wp\/v2\/media?parent=34937"}],"wp:term":[{"taxonomy":"category","embeddable":true,"href":"https:\/\/www.cbti-bkvt.org\/de\/wp-json\/wp\/v2\/categories?post=34937"},{"taxonomy":"post_tag","embeddable":true,"href":"https:\/\/www.cbti-bkvt.org\/de\/wp-json\/wp\/v2\/tags?post=34937"}],"curies":[{"name":"wp","href":"https:\/\/api.w.org\/{rel}","templated":true}]}}