{"id":35197,"date":"2026-03-25T09:13:05","date_gmt":"2026-03-25T08:13:05","guid":{"rendered":"https:\/\/www.cbti-bkvt.org\/tij-validite-des-certificats-des-cartes-didentite-anterieures-a-2020\/"},"modified":"2026-03-25T09:13:05","modified_gmt":"2026-03-25T08:13:05","slug":"tij-validite-des-certificats-des-cartes-didentite-anterieures-a-2020","status":"publish","type":"post","link":"https:\/\/www.cbti-bkvt.org\/de\/tij-validite-des-certificats-des-cartes-didentite-anterieures-a-2020\/","title":{"rendered":"TIJ : Validit\u00e9 des certificats des cartes d\u2019identit\u00e9 ant\u00e9rieures \u00e0 2020"},"content":{"rendered":"\n<p>Chers coll\u00e8gues,<\/p>\n\n\n\n<p>Des informations nous sont parvenues indiquant qu\u2019en mai prochain, le gouvernement pourrait proc\u00e9der \u00e0 la d\u00e9sactivation des certificats \u00e9lectroniques associ\u00e9s aux anciennes g\u00e9n\u00e9rations de cartes d\u2019identit\u00e9 \u00e9lectroniques, \u00e0 savoir celles comportant une puce en face avant et d\u00e9livr\u00e9es avant le 14 janvier 2020.<\/p>\n\n\n\n<p><strong>Si cette information \u00e9tait confirm\u00e9e, les citoyens disposant de telles cartes ne seraient plus en mesure d\u2019effectuer des signatures \u00e9lectroniques qualifi\u00e9es \u00e0 compter du 20\u00a0mai, bien que leur carte d\u2019identit\u00e9 reste valable.<\/strong><\/p>\n\n\n\n<p>Cette mise hors service s\u2019inscrirait dans le cadre de la mise en conformit\u00e9 avec les nouvelles normes europ\u00e9ennes en mati\u00e8re de s\u00e9curit\u00e9. Elle serait obligatoire, sans possibilit\u00e9 de report ni d\u2019exception.<\/p>\n\n\n\n<p>Le gouvernement travaille cependant \u00e0 l\u2019instauration d\u2019un nouveau syst\u00e8me de certification.<\/p>\n\n\n\n<p>Nous avons demand\u00e9 aux ministres concern\u00e9s de plus amples explications sur les moyens mis en \u0153uvre pour permettre aux traducteurs jur\u00e9s de continuer \u00e0 l\u00e9galiser leurs traductions malgr\u00e9 cette d\u00e9sactivation n\u00e9cessaire.<\/p>\n\n\n\n<p><strong>Nous vous transmettons ces \u00e9l\u00e9ments \u00e0 titre informatif, sous r\u00e9serve de confirmation officielle. Nous ne manquerons pas de vous tenir inform\u00e9s de l\u2019\u00e9volution de la situation compte tenu des pr\u00e9cisions que nous attendons de la part des autorit\u00e9s.<\/strong><\/p>\n\n\n\n<p>Cordialement,<br>LinguaJuris<\/p>\n","protected":false},"excerpt":{"rendered":"<p>Chers coll\u00e8gues, Des informations nous sont parvenues indiquant qu\u2019en mai prochain, le gouvernement pourrait proc\u00e9der \u00e0 la d\u00e9sactivation des certificats \u00e9lectroniques associ\u00e9s aux anciennes g\u00e9n\u00e9rations de cartes d\u2019identit\u00e9 \u00e9lectroniques, \u00e0 savoir celles comportant une puce en face avant et d\u00e9livr\u00e9es avant le 14 janvier 2020. Si cette information \u00e9tait confirm\u00e9e, les citoyens disposant de telles&hellip;&nbsp;<a href=\"https:\/\/www.cbti-bkvt.org\/de\/tij-validite-des-certificats-des-cartes-didentite-anterieures-a-2020\/\" rel=\"bookmark\">Read More &raquo;<span class=\"screen-reader-text\">TIJ : Validit\u00e9 des certificats des cartes d\u2019identit\u00e9 ant\u00e9rieures \u00e0 2020<\/span><\/a><\/p>\n","protected":false},"author":265,"featured_media":35191,"comment_status":"closed","ping_status":"closed","sticky":false,"template":"","format":"standard","meta":{"_acf_changed":false,"pmpro_default_level":"","neve_meta_sidebar":"","neve_meta_container":"","neve_meta_enable_content_width":"","neve_meta_content_width":0,"neve_meta_title_alignment":"","neve_meta_author_avatar":"","neve_post_elements_order":"","neve_meta_disable_header":"","neve_meta_disable_footer":"","neve_meta_disable_title":"","neve_meta_reading_time":"","footnotes":"","_links_to":"","_links_to_target":""},"categories":[380,404],"tags":[],"class_list":["post-35197","post","type-post","status-publish","format-standard","has-post-thumbnail","hentry","category-sektorkomitees","category-vereidigte-uebersetzer-dolmetscher","pmpro-has-access"],"acf":[],"yoast_head":"<!-- This site is optimized with the Yoast SEO plugin v27.4 - https:\/\/yoast.com\/product\/yoast-seo-wordpress\/ -->\n<title>Chambre Belge des Traducteurs et Interpr\u00e8tes | Belgische Kamer van Vertalers en Tolken<\/title>\n<meta name=\"robots\" content=\"index, follow, max-snippet:-1, max-image-preview:large, max-video-preview:-1\" \/>\n<link rel=\"canonical\" href=\"https:\/\/www.cbti-bkvt.org\/de\/tij-validite-des-certificats-des-cartes-didentite-anterieures-a-2020\/\" \/>\n<meta property=\"og:locale\" content=\"de_DE\" \/>\n<meta property=\"og:type\" content=\"article\" \/>\n<meta property=\"og:title\" content=\"TIJ : Validit\u00e9 des certificats des cartes d\u2019identit\u00e9 ant\u00e9rieures \u00e0 2020 - Chambre Belge des Traducteurs et Interpr\u00e8tes | Belgische Kamer van Vertalers en Tolken\" \/>\n<meta property=\"og:description\" content=\"Chers coll\u00e8gues, Des informations nous sont parvenues indiquant qu\u2019en mai prochain, le gouvernement pourrait proc\u00e9der \u00e0 la d\u00e9sactivation des certificats \u00e9lectroniques associ\u00e9s aux anciennes g\u00e9n\u00e9rations de cartes d\u2019identit\u00e9 \u00e9lectroniques, \u00e0 savoir celles comportant une puce en face avant et d\u00e9livr\u00e9es avant le 14 janvier 2020. Si cette information \u00e9tait confirm\u00e9e, les citoyens disposant de telles&hellip;&nbsp;Read More &raquo;TIJ : Validit\u00e9 des certificats des cartes d\u2019identit\u00e9 ant\u00e9rieures \u00e0 2020\" \/>\n<meta property=\"og:url\" content=\"https:\/\/www.cbti-bkvt.org\/de\/tij-validite-des-certificats-des-cartes-didentite-anterieures-a-2020\/\" \/>\n<meta property=\"og:site_name\" content=\"Chambre Belge des Traducteurs et Interpr\u00e8tes | Belgische Kamer van Vertalers en Tolken\" \/>\n<meta property=\"article:published_time\" content=\"2026-03-25T08:13:05+00:00\" \/>\n<meta name=\"author\" content=\"C\u00e9line Maes\" \/>\n<meta name=\"twitter:card\" content=\"summary_large_image\" \/>\n<meta name=\"twitter:label1\" content=\"Written by\" \/>\n\t<meta name=\"twitter:data1\" content=\"C\u00e9line Maes\" \/>\n\t<meta name=\"twitter:label2\" content=\"Est. reading time\" \/>\n\t<meta name=\"twitter:data2\" content=\"1 minute\" \/>\n<script type=\"application\/ld+json\" class=\"yoast-schema-graph\">{\"@context\":\"https:\\\/\\\/schema.org\",\"@graph\":[{\"@type\":\"Article\",\"@id\":\"https:\\\/\\\/www.cbti-bkvt.org\\\/de\\\/tij-validite-des-certificats-des-cartes-didentite-anterieures-a-2020\\\/#article\",\"isPartOf\":{\"@id\":\"https:\\\/\\\/www.cbti-bkvt.org\\\/de\\\/tij-validite-des-certificats-des-cartes-didentite-anterieures-a-2020\\\/\"},\"author\":{\"name\":\"C\u00e9line Maes\",\"@id\":\"https:\\\/\\\/www.cbti-bkvt.org\\\/de\\\/#\\\/schema\\\/person\\\/618be4a1eba65d61684e3a8d473272d0\"},\"headline\":\"TIJ : Validit\u00e9 des certificats des cartes d\u2019identit\u00e9 ant\u00e9rieures \u00e0 2020\",\"datePublished\":\"2026-03-25T08:13:05+00:00\",\"mainEntityOfPage\":{\"@id\":\"https:\\\/\\\/www.cbti-bkvt.org\\\/de\\\/tij-validite-des-certificats-des-cartes-didentite-anterieures-a-2020\\\/\"},\"wordCount\":225,\"image\":{\"@id\":\"https:\\\/\\\/www.cbti-bkvt.org\\\/de\\\/tij-validite-des-certificats-des-cartes-didentite-anterieures-a-2020\\\/#primaryimage\"},\"thumbnailUrl\":\"https:\\\/\\\/www.cbti-bkvt.org\\\/wp-content\\\/uploads\\\/Carte-didentite-belge-et-cybersecurite.png\",\"articleSection\":[\"Sektorkomitees\",\"Vereidigte \u00dcbersetzer\\\/Dolmetscher\"],\"inLanguage\":\"de-DE\"},{\"@type\":\"WebPage\",\"@id\":\"https:\\\/\\\/www.cbti-bkvt.org\\\/de\\\/tij-validite-des-certificats-des-cartes-didentite-anterieures-a-2020\\\/\",\"url\":\"https:\\\/\\\/www.cbti-bkvt.org\\\/de\\\/tij-validite-des-certificats-des-cartes-didentite-anterieures-a-2020\\\/\",\"name\":\"TIJ : Validit\u00e9 des certificats des cartes d\u2019identit\u00e9 ant\u00e9rieures \u00e0 2020 - Chambre Belge des Traducteurs et Interpr\u00e8tes | Belgische Kamer van Vertalers en Tolken\",\"isPartOf\":{\"@id\":\"https:\\\/\\\/www.cbti-bkvt.org\\\/de\\\/#website\"},\"primaryImageOfPage\":{\"@id\":\"https:\\\/\\\/www.cbti-bkvt.org\\\/de\\\/tij-validite-des-certificats-des-cartes-didentite-anterieures-a-2020\\\/#primaryimage\"},\"image\":{\"@id\":\"https:\\\/\\\/www.cbti-bkvt.org\\\/de\\\/tij-validite-des-certificats-des-cartes-didentite-anterieures-a-2020\\\/#primaryimage\"},\"thumbnailUrl\":\"https:\\\/\\\/www.cbti-bkvt.org\\\/wp-content\\\/uploads\\\/Carte-didentite-belge-et-cybersecurite.png\",\"datePublished\":\"2026-03-25T08:13:05+00:00\",\"author\":{\"@id\":\"https:\\\/\\\/www.cbti-bkvt.org\\\/de\\\/#\\\/schema\\\/person\\\/618be4a1eba65d61684e3a8d473272d0\"},\"breadcrumb\":{\"@id\":\"https:\\\/\\\/www.cbti-bkvt.org\\\/de\\\/tij-validite-des-certificats-des-cartes-didentite-anterieures-a-2020\\\/#breadcrumb\"},\"inLanguage\":\"de-DE\",\"potentialAction\":[{\"@type\":\"ReadAction\",\"target\":[\"https:\\\/\\\/www.cbti-bkvt.org\\\/de\\\/tij-validite-des-certificats-des-cartes-didentite-anterieures-a-2020\\\/\"]}]},{\"@type\":\"ImageObject\",\"inLanguage\":\"de-DE\",\"@id\":\"https:\\\/\\\/www.cbti-bkvt.org\\\/de\\\/tij-validite-des-certificats-des-cartes-didentite-anterieures-a-2020\\\/#primaryimage\",\"url\":\"https:\\\/\\\/www.cbti-bkvt.org\\\/wp-content\\\/uploads\\\/Carte-didentite-belge-et-cybersecurite.png\",\"contentUrl\":\"https:\\\/\\\/www.cbti-bkvt.org\\\/wp-content\\\/uploads\\\/Carte-didentite-belge-et-cybersecurite.png\",\"width\":1536,\"height\":1024},{\"@type\":\"BreadcrumbList\",\"@id\":\"https:\\\/\\\/www.cbti-bkvt.org\\\/de\\\/tij-validite-des-certificats-des-cartes-didentite-anterieures-a-2020\\\/#breadcrumb\",\"itemListElement\":[{\"@type\":\"ListItem\",\"position\":1,\"name\":\"Home\",\"item\":\"https:\\\/\\\/www.cbti-bkvt.org\\\/de\\\/\"},{\"@type\":\"ListItem\",\"position\":2,\"name\":\"TIJ : Validit\u00e9 des certificats des cartes d\u2019identit\u00e9 ant\u00e9rieures \u00e0 2020\"}]},{\"@type\":\"WebSite\",\"@id\":\"https:\\\/\\\/www.cbti-bkvt.org\\\/de\\\/#website\",\"url\":\"https:\\\/\\\/www.cbti-bkvt.org\\\/de\\\/\",\"name\":\"Chambre Belge des Traducteurs et Interpr\u00e8tes | Belgische Kamer van Vertalers en Tolken\",\"description\":\"M\u00e9tiers de la traduction \u00e9crite, l\u2019interpr\u00e9tation de conf\u00e9rence, la traduction et l\u2019interpr\u00e9tation en milieu judiciaire.\",\"potentialAction\":[{\"@type\":\"SearchAction\",\"target\":{\"@type\":\"EntryPoint\",\"urlTemplate\":\"https:\\\/\\\/www.cbti-bkvt.org\\\/de\\\/?s={search_term_string}\"},\"query-input\":{\"@type\":\"PropertyValueSpecification\",\"valueRequired\":true,\"valueName\":\"search_term_string\"}}],\"inLanguage\":\"de-DE\"},{\"@type\":\"Person\",\"@id\":\"https:\\\/\\\/www.cbti-bkvt.org\\\/de\\\/#\\\/schema\\\/person\\\/618be4a1eba65d61684e3a8d473272d0\",\"name\":\"C\u00e9line Maes\",\"image\":{\"@type\":\"ImageObject\",\"inLanguage\":\"de-DE\",\"@id\":\"https:\\\/\\\/secure.gravatar.com\\\/avatar\\\/6dab3ef828603e99aa932e67eee22b03c8af9eedd530af71e0d723f323241dad?s=96&d=mm&r=g\",\"url\":\"https:\\\/\\\/secure.gravatar.com\\\/avatar\\\/6dab3ef828603e99aa932e67eee22b03c8af9eedd530af71e0d723f323241dad?s=96&d=mm&r=g\",\"contentUrl\":\"https:\\\/\\\/secure.gravatar.com\\\/avatar\\\/6dab3ef828603e99aa932e67eee22b03c8af9eedd530af71e0d723f323241dad?s=96&d=mm&r=g\",\"caption\":\"C\u00e9line Maes\"},\"url\":\"https:\\\/\\\/www.cbti-bkvt.org\\\/de\\\/author\\\/celine-maes\\\/\"}]}<\/script>\n<!-- \/ Yoast SEO plugin. -->","yoast_head_json":{"title":"Chambre Belge des Traducteurs et Interpr\u00e8tes | Belgische Kamer van Vertalers en Tolken","robots":{"index":"index","follow":"follow","max-snippet":"max-snippet:-1","max-image-preview":"max-image-preview:large","max-video-preview":"max-video-preview:-1"},"canonical":"https:\/\/www.cbti-bkvt.org\/de\/tij-validite-des-certificats-des-cartes-didentite-anterieures-a-2020\/","og_locale":"de_DE","og_type":"article","og_title":"TIJ : Validit\u00e9 des certificats des cartes d\u2019identit\u00e9 ant\u00e9rieures \u00e0 2020 - Chambre Belge des Traducteurs et Interpr\u00e8tes | Belgische Kamer van Vertalers en Tolken","og_description":"Chers coll\u00e8gues, Des informations nous sont parvenues indiquant qu\u2019en mai prochain, le gouvernement pourrait proc\u00e9der \u00e0 la d\u00e9sactivation des certificats \u00e9lectroniques associ\u00e9s aux anciennes g\u00e9n\u00e9rations de cartes d\u2019identit\u00e9 \u00e9lectroniques, \u00e0 savoir celles comportant une puce en face avant et d\u00e9livr\u00e9es avant le 14 janvier 2020. Si cette information \u00e9tait confirm\u00e9e, les citoyens disposant de telles&hellip;&nbsp;Read More &raquo;TIJ : Validit\u00e9 des certificats des cartes d\u2019identit\u00e9 ant\u00e9rieures \u00e0 2020","og_url":"https:\/\/www.cbti-bkvt.org\/de\/tij-validite-des-certificats-des-cartes-didentite-anterieures-a-2020\/","og_site_name":"Chambre Belge des Traducteurs et Interpr\u00e8tes | Belgische Kamer van Vertalers en Tolken","article_published_time":"2026-03-25T08:13:05+00:00","author":"C\u00e9line Maes","twitter_card":"summary_large_image","twitter_misc":{"Written by":"C\u00e9line Maes","Est. reading time":"1 minute"},"schema":{"@context":"https:\/\/schema.org","@graph":[{"@type":"Article","@id":"https:\/\/www.cbti-bkvt.org\/de\/tij-validite-des-certificats-des-cartes-didentite-anterieures-a-2020\/#article","isPartOf":{"@id":"https:\/\/www.cbti-bkvt.org\/de\/tij-validite-des-certificats-des-cartes-didentite-anterieures-a-2020\/"},"author":{"name":"C\u00e9line Maes","@id":"https:\/\/www.cbti-bkvt.org\/de\/#\/schema\/person\/618be4a1eba65d61684e3a8d473272d0"},"headline":"TIJ : Validit\u00e9 des certificats des cartes d\u2019identit\u00e9 ant\u00e9rieures \u00e0 2020","datePublished":"2026-03-25T08:13:05+00:00","mainEntityOfPage":{"@id":"https:\/\/www.cbti-bkvt.org\/de\/tij-validite-des-certificats-des-cartes-didentite-anterieures-a-2020\/"},"wordCount":225,"image":{"@id":"https:\/\/www.cbti-bkvt.org\/de\/tij-validite-des-certificats-des-cartes-didentite-anterieures-a-2020\/#primaryimage"},"thumbnailUrl":"https:\/\/www.cbti-bkvt.org\/wp-content\/uploads\/Carte-didentite-belge-et-cybersecurite.png","articleSection":["Sektorkomitees","Vereidigte \u00dcbersetzer\/Dolmetscher"],"inLanguage":"de-DE"},{"@type":"WebPage","@id":"https:\/\/www.cbti-bkvt.org\/de\/tij-validite-des-certificats-des-cartes-didentite-anterieures-a-2020\/","url":"https:\/\/www.cbti-bkvt.org\/de\/tij-validite-des-certificats-des-cartes-didentite-anterieures-a-2020\/","name":"TIJ : Validit\u00e9 des certificats des cartes d\u2019identit\u00e9 ant\u00e9rieures \u00e0 2020 - Chambre Belge des Traducteurs et Interpr\u00e8tes | Belgische Kamer van Vertalers en Tolken","isPartOf":{"@id":"https:\/\/www.cbti-bkvt.org\/de\/#website"},"primaryImageOfPage":{"@id":"https:\/\/www.cbti-bkvt.org\/de\/tij-validite-des-certificats-des-cartes-didentite-anterieures-a-2020\/#primaryimage"},"image":{"@id":"https:\/\/www.cbti-bkvt.org\/de\/tij-validite-des-certificats-des-cartes-didentite-anterieures-a-2020\/#primaryimage"},"thumbnailUrl":"https:\/\/www.cbti-bkvt.org\/wp-content\/uploads\/Carte-didentite-belge-et-cybersecurite.png","datePublished":"2026-03-25T08:13:05+00:00","author":{"@id":"https:\/\/www.cbti-bkvt.org\/de\/#\/schema\/person\/618be4a1eba65d61684e3a8d473272d0"},"breadcrumb":{"@id":"https:\/\/www.cbti-bkvt.org\/de\/tij-validite-des-certificats-des-cartes-didentite-anterieures-a-2020\/#breadcrumb"},"inLanguage":"de-DE","potentialAction":[{"@type":"ReadAction","target":["https:\/\/www.cbti-bkvt.org\/de\/tij-validite-des-certificats-des-cartes-didentite-anterieures-a-2020\/"]}]},{"@type":"ImageObject","inLanguage":"de-DE","@id":"https:\/\/www.cbti-bkvt.org\/de\/tij-validite-des-certificats-des-cartes-didentite-anterieures-a-2020\/#primaryimage","url":"https:\/\/www.cbti-bkvt.org\/wp-content\/uploads\/Carte-didentite-belge-et-cybersecurite.png","contentUrl":"https:\/\/www.cbti-bkvt.org\/wp-content\/uploads\/Carte-didentite-belge-et-cybersecurite.png","width":1536,"height":1024},{"@type":"BreadcrumbList","@id":"https:\/\/www.cbti-bkvt.org\/de\/tij-validite-des-certificats-des-cartes-didentite-anterieures-a-2020\/#breadcrumb","itemListElement":[{"@type":"ListItem","position":1,"name":"Home","item":"https:\/\/www.cbti-bkvt.org\/de\/"},{"@type":"ListItem","position":2,"name":"TIJ : Validit\u00e9 des certificats des cartes d\u2019identit\u00e9 ant\u00e9rieures \u00e0 2020"}]},{"@type":"WebSite","@id":"https:\/\/www.cbti-bkvt.org\/de\/#website","url":"https:\/\/www.cbti-bkvt.org\/de\/","name":"Chambre Belge des Traducteurs et Interpr\u00e8tes | Belgische Kamer van Vertalers en Tolken","description":"M\u00e9tiers de la traduction \u00e9crite, l\u2019interpr\u00e9tation de conf\u00e9rence, la traduction et l\u2019interpr\u00e9tation en milieu judiciaire.","potentialAction":[{"@type":"SearchAction","target":{"@type":"EntryPoint","urlTemplate":"https:\/\/www.cbti-bkvt.org\/de\/?s={search_term_string}"},"query-input":{"@type":"PropertyValueSpecification","valueRequired":true,"valueName":"search_term_string"}}],"inLanguage":"de-DE"},{"@type":"Person","@id":"https:\/\/www.cbti-bkvt.org\/de\/#\/schema\/person\/618be4a1eba65d61684e3a8d473272d0","name":"C\u00e9line Maes","image":{"@type":"ImageObject","inLanguage":"de-DE","@id":"https:\/\/secure.gravatar.com\/avatar\/6dab3ef828603e99aa932e67eee22b03c8af9eedd530af71e0d723f323241dad?s=96&d=mm&r=g","url":"https:\/\/secure.gravatar.com\/avatar\/6dab3ef828603e99aa932e67eee22b03c8af9eedd530af71e0d723f323241dad?s=96&d=mm&r=g","contentUrl":"https:\/\/secure.gravatar.com\/avatar\/6dab3ef828603e99aa932e67eee22b03c8af9eedd530af71e0d723f323241dad?s=96&d=mm&r=g","caption":"C\u00e9line Maes"},"url":"https:\/\/www.cbti-bkvt.org\/de\/author\/celine-maes\/"}]}},"_links":{"self":[{"href":"https:\/\/www.cbti-bkvt.org\/de\/wp-json\/wp\/v2\/posts\/35197","targetHints":{"allow":["GET"]}}],"collection":[{"href":"https:\/\/www.cbti-bkvt.org\/de\/wp-json\/wp\/v2\/posts"}],"about":[{"href":"https:\/\/www.cbti-bkvt.org\/de\/wp-json\/wp\/v2\/types\/post"}],"author":[{"embeddable":true,"href":"https:\/\/www.cbti-bkvt.org\/de\/wp-json\/wp\/v2\/users\/265"}],"replies":[{"embeddable":true,"href":"https:\/\/www.cbti-bkvt.org\/de\/wp-json\/wp\/v2\/comments?post=35197"}],"version-history":[{"count":0,"href":"https:\/\/www.cbti-bkvt.org\/de\/wp-json\/wp\/v2\/posts\/35197\/revisions"}],"wp:featuredmedia":[{"embeddable":true,"href":"https:\/\/www.cbti-bkvt.org\/de\/wp-json\/wp\/v2\/media\/35191"}],"wp:attachment":[{"href":"https:\/\/www.cbti-bkvt.org\/de\/wp-json\/wp\/v2\/media?parent=35197"}],"wp:term":[{"taxonomy":"category","embeddable":true,"href":"https:\/\/www.cbti-bkvt.org\/de\/wp-json\/wp\/v2\/categories?post=35197"},{"taxonomy":"post_tag","embeddable":true,"href":"https:\/\/www.cbti-bkvt.org\/de\/wp-json\/wp\/v2\/tags?post=35197"}],"curies":[{"name":"wp","href":"https:\/\/api.w.org\/{rel}","templated":true}]}}