{"id":35252,"date":"2026-03-30T10:16:01","date_gmt":"2026-03-30T08:16:01","guid":{"rendered":"https:\/\/www.cbti-bkvt.org\/tij-validite-des-cartes-didentite-pour-la-signature-numerique-remplacement-necessaire-des-cartes-delivrees-avant-le-4-juillet-2016\/"},"modified":"2026-03-30T10:21:32","modified_gmt":"2026-03-30T08:21:32","slug":"tij-validite-des-cartes-didentite-pour-la-signature-numerique-remplacement-necessaire-des-cartes-delivrees-avant-le-4-juillet-2016","status":"publish","type":"post","link":"https:\/\/www.cbti-bkvt.org\/de\/tij-validite-des-cartes-didentite-pour-la-signature-numerique-remplacement-necessaire-des-cartes-delivrees-avant-le-4-juillet-2016\/","title":{"rendered":"TIJ\u00a0: Validit\u00e9 des cartes d&#8217;identit\u00e9 pour la signature num\u00e9rique &#8211; remplacement n\u00e9cessaire des cartes d\u00e9livr\u00e9es avant le 4 juillet 2016"},"content":{"rendered":"\n<p>En r\u00e9ponse \u00e0 une question pos\u00e9e en urgence par LinguaJuris, la commission des traducteurs et interpr\u00e8tes jur\u00e9s de la CBTI, le cabinet du ministre Quintin se dit tout \u00e0 fait conscient que la signature \u00e9lectronique au moyen de l\u2019eID est un outil essentiel \u00e0 l&#8217;exercice de la profession des traductrices et traducteurs jur\u00e9s.<\/p>\n\n\n\n<p>Une modification sera effectivement apport\u00e9e aux certificats de signature figurant sur les anciennes cartes d&#8217;identit\u00e9 \u00e9lectroniques. Cette modification fait suite \u00e0 la mise \u00e0 jour de la r\u00e9glementation europ\u00e9enne (le r\u00e8glement eIDAS) qui d\u00e9termine comment fournir des signatures \u00e9lectroniques authentifi\u00e9es.<\/p>\n\n\n\n<p>La carte d\u2019identit\u00e9 elle-m\u00eame reste valable et ne doit pas \u00eatre remplac\u00e9e.<\/p>\n\n\n\n<p>Seul le certificat de signature figurant sur les anciennes cartes d\u2019identit\u00e9 est progressivement retir\u00e9, conform\u00e9ment \u00e0 une obligation europ\u00e9enne.<\/p>\n\n\n\n<p><span style=\"text-decoration: underline;\">Important\u00a0:<\/span><\/p>\n\n\n\n<p>Le nombre de citoyens concern\u00e9s par la modification du 21 mai 2026 est limit\u00e9. <span style=\"text-decoration: underline;\">Seuls les certificats de signature figurant sur les cartes d&#8217;identit\u00e9 d\u00e9livr\u00e9es avant le 4\u00a0juillet 2016 perdront leur validit\u00e9 \u00e0 cette date.<\/span><\/p>\n\n\n\n<p>Tous les autres certificats restent valides jusqu&#8217;au prochain d\u00e9lai du 21 mai 2027.<\/p>\n\n\n\n<p><strong><u>Nous recommandons aux citoyens titulaires d&#8217;une carte d\u00e9livr\u00e9e avant le 4 juillet 2016 de la renouveler dans les meilleurs d\u00e9lais, de pr\u00e9f\u00e9rence avant le 1er\u00a0mai 2026<\/u><span style=\"text-decoration: underline;\">.<\/span><\/strong> Cela leur permettra de continuer \u00e0 signer \u00e9lectroniquement sans interruption de la validit\u00e9.<\/p>\n\n\n\n<p>Afin de garantir la continuit\u00e9 de l&#8217;activit\u00e9 professionnelle des citoyens, notamment des traducteurs asserment\u00e9s, un nouveau service en ligne de signature \u00e9lectronique authentifi\u00e9e a \u00e9t\u00e9 d\u00e9velopp\u00e9 en collaboration avec le SPF BOSA&nbsp;: eSign.belgium.be.<\/p>\n\n\n\n<p>Ce service permettra aux utilisateurs de continuer \u00e0 signer \u00e9lectroniquement conform\u00e9ment aux nouvelles normes europ\u00e9ennes, m\u00eame lorsque le certificat de signature figurant sur leur carte d&#8217;identit\u00e9 \u00e9lectronique (eID) ne sera plus valide.<\/p>\n\n\n\n<p>Pour les citoyens titulaires d&#8217;une carte d&#8217;identit\u00e9 d\u00e9livr\u00e9e apr\u00e8s le 4 juillet 2016, rien ne change pour le moment. Leur carte reste totalement utilisable, y compris pour les signatures \u00e9lectroniques.<\/p>\n","protected":false},"excerpt":{"rendered":"<p>En r\u00e9ponse \u00e0 une question pos\u00e9e en urgence par LinguaJuris, la commission des traducteurs et interpr\u00e8tes jur\u00e9s de la CBTI, le cabinet du ministre Quintin se dit tout \u00e0 fait conscient que la signature \u00e9lectronique au moyen de l\u2019eID est un outil essentiel \u00e0 l&#8217;exercice de la profession des traductrices et traducteurs jur\u00e9s. Une modification&hellip;&nbsp;<a href=\"https:\/\/www.cbti-bkvt.org\/de\/tij-validite-des-cartes-didentite-pour-la-signature-numerique-remplacement-necessaire-des-cartes-delivrees-avant-le-4-juillet-2016\/\" rel=\"bookmark\">Read More &raquo;<span class=\"screen-reader-text\">TIJ\u00a0: Validit\u00e9 des cartes d&#8217;identit\u00e9 pour la signature num\u00e9rique &#8211; remplacement n\u00e9cessaire des cartes d\u00e9livr\u00e9es avant le 4 juillet 2016<\/span><\/a><\/p>\n","protected":false},"author":265,"featured_media":35260,"comment_status":"closed","ping_status":"closed","sticky":false,"template":"","format":"standard","meta":{"_acf_changed":false,"pmpro_default_level":"","neve_meta_sidebar":"","neve_meta_container":"","neve_meta_enable_content_width":"","neve_meta_content_width":0,"neve_meta_title_alignment":"","neve_meta_author_avatar":"","neve_post_elements_order":"","neve_meta_disable_header":"","neve_meta_disable_footer":"","neve_meta_disable_title":"","neve_meta_reading_time":"","footnotes":"","_links_to":"","_links_to_target":""},"categories":[380,404],"tags":[],"class_list":["post-35252","post","type-post","status-publish","format-standard","has-post-thumbnail","hentry","category-sektorkomitees","category-vereidigte-uebersetzer-dolmetscher","pmpro-has-access"],"acf":[],"yoast_head":"<!-- This site is optimized with the Yoast SEO plugin v27.4 - https:\/\/yoast.com\/product\/yoast-seo-wordpress\/ -->\n<title>Chambre Belge des Traducteurs et Interpr\u00e8tes | Belgische Kamer van Vertalers en Tolken<\/title>\n<meta name=\"robots\" content=\"index, follow, max-snippet:-1, max-image-preview:large, max-video-preview:-1\" \/>\n<link rel=\"canonical\" href=\"https:\/\/www.cbti-bkvt.org\/de\/tij-validite-des-cartes-didentite-pour-la-signature-numerique-remplacement-necessaire-des-cartes-delivrees-avant-le-4-juillet-2016\/\" \/>\n<meta property=\"og:locale\" content=\"de_DE\" \/>\n<meta property=\"og:type\" content=\"article\" \/>\n<meta property=\"og:title\" content=\"TIJ\u00a0: Validit\u00e9 des cartes d&#039;identit\u00e9 pour la signature num\u00e9rique - remplacement n\u00e9cessaire des cartes d\u00e9livr\u00e9es avant le 4 juillet 2016 - Chambre Belge des Traducteurs et Interpr\u00e8tes | Belgische Kamer van Vertalers en Tolken\" \/>\n<meta property=\"og:description\" content=\"En r\u00e9ponse \u00e0 une question pos\u00e9e en urgence par LinguaJuris, la commission des traducteurs et interpr\u00e8tes jur\u00e9s de la CBTI, le cabinet du ministre Quintin se dit tout \u00e0 fait conscient que la signature \u00e9lectronique au moyen de l\u2019eID est un outil essentiel \u00e0 l&#8217;exercice de la profession des traductrices et traducteurs jur\u00e9s. Une modification&hellip;&nbsp;Read More &raquo;TIJ\u00a0: Validit\u00e9 des cartes d&#8217;identit\u00e9 pour la signature num\u00e9rique &#8211; remplacement n\u00e9cessaire des cartes d\u00e9livr\u00e9es avant le 4 juillet 2016\" \/>\n<meta property=\"og:url\" content=\"https:\/\/www.cbti-bkvt.org\/de\/tij-validite-des-cartes-didentite-pour-la-signature-numerique-remplacement-necessaire-des-cartes-delivrees-avant-le-4-juillet-2016\/\" \/>\n<meta property=\"og:site_name\" content=\"Chambre Belge des Traducteurs et Interpr\u00e8tes | Belgische Kamer van Vertalers en Tolken\" \/>\n<meta property=\"article:published_time\" content=\"2026-03-30T08:16:01+00:00\" \/>\n<meta property=\"article:modified_time\" content=\"2026-03-30T08:21:32+00:00\" \/>\n<meta property=\"og:image\" content=\"https:\/\/www.cbti-bkvt.org\/wp-content\/uploads\/Carte-didentite-electronique-belge-et-securite-1024x683.png\" \/>\n\t<meta property=\"og:image:width\" content=\"1024\" \/>\n\t<meta property=\"og:image:height\" content=\"683\" \/>\n\t<meta property=\"og:image:type\" content=\"image\/png\" \/>\n<meta name=\"author\" content=\"C\u00e9line Maes\" \/>\n<meta name=\"twitter:card\" content=\"summary_large_image\" \/>\n<meta name=\"twitter:label1\" content=\"Written by\" \/>\n\t<meta name=\"twitter:data1\" content=\"C\u00e9line Maes\" \/>\n\t<meta name=\"twitter:label2\" content=\"Est. reading time\" \/>\n\t<meta name=\"twitter:data2\" content=\"2 minutes\" \/>\n<script type=\"application\/ld+json\" class=\"yoast-schema-graph\">{\"@context\":\"https:\\\/\\\/schema.org\",\"@graph\":[{\"@type\":\"Article\",\"@id\":\"https:\\\/\\\/www.cbti-bkvt.org\\\/de\\\/tij-validite-des-cartes-didentite-pour-la-signature-numerique-remplacement-necessaire-des-cartes-delivrees-avant-le-4-juillet-2016\\\/#article\",\"isPartOf\":{\"@id\":\"https:\\\/\\\/www.cbti-bkvt.org\\\/de\\\/tij-validite-des-cartes-didentite-pour-la-signature-numerique-remplacement-necessaire-des-cartes-delivrees-avant-le-4-juillet-2016\\\/\"},\"author\":{\"name\":\"C\u00e9line Maes\",\"@id\":\"https:\\\/\\\/www.cbti-bkvt.org\\\/de\\\/#\\\/schema\\\/person\\\/618be4a1eba65d61684e3a8d473272d0\"},\"headline\":\"TIJ\u00a0: Validit\u00e9 des cartes d&#8217;identit\u00e9 pour la signature num\u00e9rique &#8211; remplacement n\u00e9cessaire des cartes d\u00e9livr\u00e9es avant le 4 juillet 2016\",\"datePublished\":\"2026-03-30T08:16:01+00:00\",\"dateModified\":\"2026-03-30T08:21:32+00:00\",\"mainEntityOfPage\":{\"@id\":\"https:\\\/\\\/www.cbti-bkvt.org\\\/de\\\/tij-validite-des-cartes-didentite-pour-la-signature-numerique-remplacement-necessaire-des-cartes-delivrees-avant-le-4-juillet-2016\\\/\"},\"wordCount\":360,\"image\":{\"@id\":\"https:\\\/\\\/www.cbti-bkvt.org\\\/de\\\/tij-validite-des-cartes-didentite-pour-la-signature-numerique-remplacement-necessaire-des-cartes-delivrees-avant-le-4-juillet-2016\\\/#primaryimage\"},\"thumbnailUrl\":\"https:\\\/\\\/www.cbti-bkvt.org\\\/wp-content\\\/uploads\\\/Carte-didentite-electronique-belge-et-securite-1.png\",\"articleSection\":[\"Sektorkomitees\",\"Vereidigte \u00dcbersetzer\\\/Dolmetscher\"],\"inLanguage\":\"de-DE\"},{\"@type\":\"WebPage\",\"@id\":\"https:\\\/\\\/www.cbti-bkvt.org\\\/de\\\/tij-validite-des-cartes-didentite-pour-la-signature-numerique-remplacement-necessaire-des-cartes-delivrees-avant-le-4-juillet-2016\\\/\",\"url\":\"https:\\\/\\\/www.cbti-bkvt.org\\\/de\\\/tij-validite-des-cartes-didentite-pour-la-signature-numerique-remplacement-necessaire-des-cartes-delivrees-avant-le-4-juillet-2016\\\/\",\"name\":\"TIJ\u00a0: Validit\u00e9 des cartes d'identit\u00e9 pour la signature num\u00e9rique - remplacement n\u00e9cessaire des cartes d\u00e9livr\u00e9es avant le 4 juillet 2016 - Chambre Belge des Traducteurs et Interpr\u00e8tes | Belgische Kamer van Vertalers en Tolken\",\"isPartOf\":{\"@id\":\"https:\\\/\\\/www.cbti-bkvt.org\\\/de\\\/#website\"},\"primaryImageOfPage\":{\"@id\":\"https:\\\/\\\/www.cbti-bkvt.org\\\/de\\\/tij-validite-des-cartes-didentite-pour-la-signature-numerique-remplacement-necessaire-des-cartes-delivrees-avant-le-4-juillet-2016\\\/#primaryimage\"},\"image\":{\"@id\":\"https:\\\/\\\/www.cbti-bkvt.org\\\/de\\\/tij-validite-des-cartes-didentite-pour-la-signature-numerique-remplacement-necessaire-des-cartes-delivrees-avant-le-4-juillet-2016\\\/#primaryimage\"},\"thumbnailUrl\":\"https:\\\/\\\/www.cbti-bkvt.org\\\/wp-content\\\/uploads\\\/Carte-didentite-electronique-belge-et-securite-1.png\",\"datePublished\":\"2026-03-30T08:16:01+00:00\",\"dateModified\":\"2026-03-30T08:21:32+00:00\",\"author\":{\"@id\":\"https:\\\/\\\/www.cbti-bkvt.org\\\/de\\\/#\\\/schema\\\/person\\\/618be4a1eba65d61684e3a8d473272d0\"},\"breadcrumb\":{\"@id\":\"https:\\\/\\\/www.cbti-bkvt.org\\\/de\\\/tij-validite-des-cartes-didentite-pour-la-signature-numerique-remplacement-necessaire-des-cartes-delivrees-avant-le-4-juillet-2016\\\/#breadcrumb\"},\"inLanguage\":\"de-DE\",\"potentialAction\":[{\"@type\":\"ReadAction\",\"target\":[\"https:\\\/\\\/www.cbti-bkvt.org\\\/de\\\/tij-validite-des-cartes-didentite-pour-la-signature-numerique-remplacement-necessaire-des-cartes-delivrees-avant-le-4-juillet-2016\\\/\"]}]},{\"@type\":\"ImageObject\",\"inLanguage\":\"de-DE\",\"@id\":\"https:\\\/\\\/www.cbti-bkvt.org\\\/de\\\/tij-validite-des-cartes-didentite-pour-la-signature-numerique-remplacement-necessaire-des-cartes-delivrees-avant-le-4-juillet-2016\\\/#primaryimage\",\"url\":\"https:\\\/\\\/www.cbti-bkvt.org\\\/wp-content\\\/uploads\\\/Carte-didentite-electronique-belge-et-securite-1.png\",\"contentUrl\":\"https:\\\/\\\/www.cbti-bkvt.org\\\/wp-content\\\/uploads\\\/Carte-didentite-electronique-belge-et-securite-1.png\",\"width\":1536,\"height\":1024},{\"@type\":\"BreadcrumbList\",\"@id\":\"https:\\\/\\\/www.cbti-bkvt.org\\\/de\\\/tij-validite-des-cartes-didentite-pour-la-signature-numerique-remplacement-necessaire-des-cartes-delivrees-avant-le-4-juillet-2016\\\/#breadcrumb\",\"itemListElement\":[{\"@type\":\"ListItem\",\"position\":1,\"name\":\"Home\",\"item\":\"https:\\\/\\\/www.cbti-bkvt.org\\\/de\\\/\"},{\"@type\":\"ListItem\",\"position\":2,\"name\":\"TIJ\u00a0: Validit\u00e9 des cartes d&rsquo;identit\u00e9 pour la signature num\u00e9rique &#8211; remplacement n\u00e9cessaire des cartes d\u00e9livr\u00e9es avant le 4 juillet 2016\"}]},{\"@type\":\"WebSite\",\"@id\":\"https:\\\/\\\/www.cbti-bkvt.org\\\/de\\\/#website\",\"url\":\"https:\\\/\\\/www.cbti-bkvt.org\\\/de\\\/\",\"name\":\"Chambre Belge des Traducteurs et Interpr\u00e8tes | Belgische Kamer van Vertalers en Tolken\",\"description\":\"M\u00e9tiers de la traduction \u00e9crite, l\u2019interpr\u00e9tation de conf\u00e9rence, la traduction et l\u2019interpr\u00e9tation en milieu judiciaire.\",\"potentialAction\":[{\"@type\":\"SearchAction\",\"target\":{\"@type\":\"EntryPoint\",\"urlTemplate\":\"https:\\\/\\\/www.cbti-bkvt.org\\\/de\\\/?s={search_term_string}\"},\"query-input\":{\"@type\":\"PropertyValueSpecification\",\"valueRequired\":true,\"valueName\":\"search_term_string\"}}],\"inLanguage\":\"de-DE\"},{\"@type\":\"Person\",\"@id\":\"https:\\\/\\\/www.cbti-bkvt.org\\\/de\\\/#\\\/schema\\\/person\\\/618be4a1eba65d61684e3a8d473272d0\",\"name\":\"C\u00e9line Maes\",\"image\":{\"@type\":\"ImageObject\",\"inLanguage\":\"de-DE\",\"@id\":\"https:\\\/\\\/secure.gravatar.com\\\/avatar\\\/6dab3ef828603e99aa932e67eee22b03c8af9eedd530af71e0d723f323241dad?s=96&d=mm&r=g\",\"url\":\"https:\\\/\\\/secure.gravatar.com\\\/avatar\\\/6dab3ef828603e99aa932e67eee22b03c8af9eedd530af71e0d723f323241dad?s=96&d=mm&r=g\",\"contentUrl\":\"https:\\\/\\\/secure.gravatar.com\\\/avatar\\\/6dab3ef828603e99aa932e67eee22b03c8af9eedd530af71e0d723f323241dad?s=96&d=mm&r=g\",\"caption\":\"C\u00e9line Maes\"},\"url\":\"https:\\\/\\\/www.cbti-bkvt.org\\\/de\\\/author\\\/celine-maes\\\/\"}]}<\/script>\n<!-- \/ Yoast SEO plugin. -->","yoast_head_json":{"title":"Chambre Belge des Traducteurs et Interpr\u00e8tes | Belgische Kamer van Vertalers en Tolken","robots":{"index":"index","follow":"follow","max-snippet":"max-snippet:-1","max-image-preview":"max-image-preview:large","max-video-preview":"max-video-preview:-1"},"canonical":"https:\/\/www.cbti-bkvt.org\/de\/tij-validite-des-cartes-didentite-pour-la-signature-numerique-remplacement-necessaire-des-cartes-delivrees-avant-le-4-juillet-2016\/","og_locale":"de_DE","og_type":"article","og_title":"TIJ\u00a0: Validit\u00e9 des cartes d'identit\u00e9 pour la signature num\u00e9rique - remplacement n\u00e9cessaire des cartes d\u00e9livr\u00e9es avant le 4 juillet 2016 - Chambre Belge des Traducteurs et Interpr\u00e8tes | Belgische Kamer van Vertalers en Tolken","og_description":"En r\u00e9ponse \u00e0 une question pos\u00e9e en urgence par LinguaJuris, la commission des traducteurs et interpr\u00e8tes jur\u00e9s de la CBTI, le cabinet du ministre Quintin se dit tout \u00e0 fait conscient que la signature \u00e9lectronique au moyen de l\u2019eID est un outil essentiel \u00e0 l&#8217;exercice de la profession des traductrices et traducteurs jur\u00e9s. Une modification&hellip;&nbsp;Read More &raquo;TIJ\u00a0: Validit\u00e9 des cartes d&#8217;identit\u00e9 pour la signature num\u00e9rique &#8211; remplacement n\u00e9cessaire des cartes d\u00e9livr\u00e9es avant le 4 juillet 2016","og_url":"https:\/\/www.cbti-bkvt.org\/de\/tij-validite-des-cartes-didentite-pour-la-signature-numerique-remplacement-necessaire-des-cartes-delivrees-avant-le-4-juillet-2016\/","og_site_name":"Chambre Belge des Traducteurs et Interpr\u00e8tes | Belgische Kamer van Vertalers en Tolken","article_published_time":"2026-03-30T08:16:01+00:00","article_modified_time":"2026-03-30T08:21:32+00:00","og_image":[{"width":1024,"height":683,"url":"https:\/\/www.cbti-bkvt.org\/wp-content\/uploads\/Carte-didentite-electronique-belge-et-securite-1024x683.png","type":"image\/png"}],"author":"C\u00e9line Maes","twitter_card":"summary_large_image","twitter_misc":{"Written by":"C\u00e9line Maes","Est. reading time":"2 minutes"},"schema":{"@context":"https:\/\/schema.org","@graph":[{"@type":"Article","@id":"https:\/\/www.cbti-bkvt.org\/de\/tij-validite-des-cartes-didentite-pour-la-signature-numerique-remplacement-necessaire-des-cartes-delivrees-avant-le-4-juillet-2016\/#article","isPartOf":{"@id":"https:\/\/www.cbti-bkvt.org\/de\/tij-validite-des-cartes-didentite-pour-la-signature-numerique-remplacement-necessaire-des-cartes-delivrees-avant-le-4-juillet-2016\/"},"author":{"name":"C\u00e9line Maes","@id":"https:\/\/www.cbti-bkvt.org\/de\/#\/schema\/person\/618be4a1eba65d61684e3a8d473272d0"},"headline":"TIJ\u00a0: Validit\u00e9 des cartes d&#8217;identit\u00e9 pour la signature num\u00e9rique &#8211; remplacement n\u00e9cessaire des cartes d\u00e9livr\u00e9es avant le 4 juillet 2016","datePublished":"2026-03-30T08:16:01+00:00","dateModified":"2026-03-30T08:21:32+00:00","mainEntityOfPage":{"@id":"https:\/\/www.cbti-bkvt.org\/de\/tij-validite-des-cartes-didentite-pour-la-signature-numerique-remplacement-necessaire-des-cartes-delivrees-avant-le-4-juillet-2016\/"},"wordCount":360,"image":{"@id":"https:\/\/www.cbti-bkvt.org\/de\/tij-validite-des-cartes-didentite-pour-la-signature-numerique-remplacement-necessaire-des-cartes-delivrees-avant-le-4-juillet-2016\/#primaryimage"},"thumbnailUrl":"https:\/\/www.cbti-bkvt.org\/wp-content\/uploads\/Carte-didentite-electronique-belge-et-securite-1.png","articleSection":["Sektorkomitees","Vereidigte \u00dcbersetzer\/Dolmetscher"],"inLanguage":"de-DE"},{"@type":"WebPage","@id":"https:\/\/www.cbti-bkvt.org\/de\/tij-validite-des-cartes-didentite-pour-la-signature-numerique-remplacement-necessaire-des-cartes-delivrees-avant-le-4-juillet-2016\/","url":"https:\/\/www.cbti-bkvt.org\/de\/tij-validite-des-cartes-didentite-pour-la-signature-numerique-remplacement-necessaire-des-cartes-delivrees-avant-le-4-juillet-2016\/","name":"TIJ\u00a0: Validit\u00e9 des cartes d'identit\u00e9 pour la signature num\u00e9rique - remplacement n\u00e9cessaire des cartes d\u00e9livr\u00e9es avant le 4 juillet 2016 - Chambre Belge des Traducteurs et Interpr\u00e8tes | Belgische Kamer van Vertalers en Tolken","isPartOf":{"@id":"https:\/\/www.cbti-bkvt.org\/de\/#website"},"primaryImageOfPage":{"@id":"https:\/\/www.cbti-bkvt.org\/de\/tij-validite-des-cartes-didentite-pour-la-signature-numerique-remplacement-necessaire-des-cartes-delivrees-avant-le-4-juillet-2016\/#primaryimage"},"image":{"@id":"https:\/\/www.cbti-bkvt.org\/de\/tij-validite-des-cartes-didentite-pour-la-signature-numerique-remplacement-necessaire-des-cartes-delivrees-avant-le-4-juillet-2016\/#primaryimage"},"thumbnailUrl":"https:\/\/www.cbti-bkvt.org\/wp-content\/uploads\/Carte-didentite-electronique-belge-et-securite-1.png","datePublished":"2026-03-30T08:16:01+00:00","dateModified":"2026-03-30T08:21:32+00:00","author":{"@id":"https:\/\/www.cbti-bkvt.org\/de\/#\/schema\/person\/618be4a1eba65d61684e3a8d473272d0"},"breadcrumb":{"@id":"https:\/\/www.cbti-bkvt.org\/de\/tij-validite-des-cartes-didentite-pour-la-signature-numerique-remplacement-necessaire-des-cartes-delivrees-avant-le-4-juillet-2016\/#breadcrumb"},"inLanguage":"de-DE","potentialAction":[{"@type":"ReadAction","target":["https:\/\/www.cbti-bkvt.org\/de\/tij-validite-des-cartes-didentite-pour-la-signature-numerique-remplacement-necessaire-des-cartes-delivrees-avant-le-4-juillet-2016\/"]}]},{"@type":"ImageObject","inLanguage":"de-DE","@id":"https:\/\/www.cbti-bkvt.org\/de\/tij-validite-des-cartes-didentite-pour-la-signature-numerique-remplacement-necessaire-des-cartes-delivrees-avant-le-4-juillet-2016\/#primaryimage","url":"https:\/\/www.cbti-bkvt.org\/wp-content\/uploads\/Carte-didentite-electronique-belge-et-securite-1.png","contentUrl":"https:\/\/www.cbti-bkvt.org\/wp-content\/uploads\/Carte-didentite-electronique-belge-et-securite-1.png","width":1536,"height":1024},{"@type":"BreadcrumbList","@id":"https:\/\/www.cbti-bkvt.org\/de\/tij-validite-des-cartes-didentite-pour-la-signature-numerique-remplacement-necessaire-des-cartes-delivrees-avant-le-4-juillet-2016\/#breadcrumb","itemListElement":[{"@type":"ListItem","position":1,"name":"Home","item":"https:\/\/www.cbti-bkvt.org\/de\/"},{"@type":"ListItem","position":2,"name":"TIJ\u00a0: Validit\u00e9 des cartes d&rsquo;identit\u00e9 pour la signature num\u00e9rique &#8211; remplacement n\u00e9cessaire des cartes d\u00e9livr\u00e9es avant le 4 juillet 2016"}]},{"@type":"WebSite","@id":"https:\/\/www.cbti-bkvt.org\/de\/#website","url":"https:\/\/www.cbti-bkvt.org\/de\/","name":"Chambre Belge des Traducteurs et Interpr\u00e8tes | Belgische Kamer van Vertalers en Tolken","description":"M\u00e9tiers de la traduction \u00e9crite, l\u2019interpr\u00e9tation de conf\u00e9rence, la traduction et l\u2019interpr\u00e9tation en milieu judiciaire.","potentialAction":[{"@type":"SearchAction","target":{"@type":"EntryPoint","urlTemplate":"https:\/\/www.cbti-bkvt.org\/de\/?s={search_term_string}"},"query-input":{"@type":"PropertyValueSpecification","valueRequired":true,"valueName":"search_term_string"}}],"inLanguage":"de-DE"},{"@type":"Person","@id":"https:\/\/www.cbti-bkvt.org\/de\/#\/schema\/person\/618be4a1eba65d61684e3a8d473272d0","name":"C\u00e9line Maes","image":{"@type":"ImageObject","inLanguage":"de-DE","@id":"https:\/\/secure.gravatar.com\/avatar\/6dab3ef828603e99aa932e67eee22b03c8af9eedd530af71e0d723f323241dad?s=96&d=mm&r=g","url":"https:\/\/secure.gravatar.com\/avatar\/6dab3ef828603e99aa932e67eee22b03c8af9eedd530af71e0d723f323241dad?s=96&d=mm&r=g","contentUrl":"https:\/\/secure.gravatar.com\/avatar\/6dab3ef828603e99aa932e67eee22b03c8af9eedd530af71e0d723f323241dad?s=96&d=mm&r=g","caption":"C\u00e9line Maes"},"url":"https:\/\/www.cbti-bkvt.org\/de\/author\/celine-maes\/"}]}},"_links":{"self":[{"href":"https:\/\/www.cbti-bkvt.org\/de\/wp-json\/wp\/v2\/posts\/35252","targetHints":{"allow":["GET"]}}],"collection":[{"href":"https:\/\/www.cbti-bkvt.org\/de\/wp-json\/wp\/v2\/posts"}],"about":[{"href":"https:\/\/www.cbti-bkvt.org\/de\/wp-json\/wp\/v2\/types\/post"}],"author":[{"embeddable":true,"href":"https:\/\/www.cbti-bkvt.org\/de\/wp-json\/wp\/v2\/users\/265"}],"replies":[{"embeddable":true,"href":"https:\/\/www.cbti-bkvt.org\/de\/wp-json\/wp\/v2\/comments?post=35252"}],"version-history":[{"count":1,"href":"https:\/\/www.cbti-bkvt.org\/de\/wp-json\/wp\/v2\/posts\/35252\/revisions"}],"predecessor-version":[{"id":35254,"href":"https:\/\/www.cbti-bkvt.org\/de\/wp-json\/wp\/v2\/posts\/35252\/revisions\/35254"}],"wp:featuredmedia":[{"embeddable":true,"href":"https:\/\/www.cbti-bkvt.org\/de\/wp-json\/wp\/v2\/media\/35260"}],"wp:attachment":[{"href":"https:\/\/www.cbti-bkvt.org\/de\/wp-json\/wp\/v2\/media?parent=35252"}],"wp:term":[{"taxonomy":"category","embeddable":true,"href":"https:\/\/www.cbti-bkvt.org\/de\/wp-json\/wp\/v2\/categories?post=35252"},{"taxonomy":"post_tag","embeddable":true,"href":"https:\/\/www.cbti-bkvt.org\/de\/wp-json\/wp\/v2\/tags?post=35252"}],"curies":[{"name":"wp","href":"https:\/\/api.w.org\/{rel}","templated":true}]}}