{"id":25620,"date":"2013-09-19T06:00:00","date_gmt":"2013-09-19T06:00:00","guid":{"rendered":"https:\/\/www.cbti-bkvt.org\/ontwerp-van-kb-tot-aanpassing-van-de-gerechtskosten\/"},"modified":"2013-09-19T06:00:00","modified_gmt":"2013-09-19T06:00:00","slug":"ontwerp-van-kb-tot-aanpassing-van-de-gerechtskosten","status":"publish","type":"post","link":"https:\/\/www.cbti-bkvt.org\/en\/ontwerp-van-kb-tot-aanpassing-van-de-gerechtskosten\/","title":{"rendered":"Ontwerp van KB tot aanpassing van de gerechtskosten"},"content":{"rendered":"<h3>Minister Turtelboom loopt de spuigaten uit<\/h3>\n<p>De be\u00ebdigd vertalers en tolken zijn onthutst over het ontwerp van koninklijk besluit tot aanpassing van de gerechtskosten.<\/p>\n<p>Op 5 juli 2013 heeft de ministerraad op initiatief<br \/>\nvan minister van Justitie Turtelboom een ontwerp van koninklijk besluit<br \/>\ngoedgekeurd dat de gerechtskosten voor een aantal opdrachten aanpast.<br \/>\nHet gaat om een tussenstap naar een nieuwe reglementering van de<br \/>\ngerechtskosten.<\/p>\n<p>Er zijn een aantal algemene aanpassingen van het<br \/>\ntariefschema: zo wordt onder andere het nachttarief beperkt voor de<br \/>\nperiode van 24 uur (middernacht) tot 8 uur, het uitzonderlijke tarief<br \/>\ntijdens de nacht, weekeinden en op feestdagen gereduceerd van 200% naar<br \/>\n150%, de jaarlijkse indexering vervangen door een mogelijke<br \/>\ntweejaarlijkse aanpassing en het tarief voor vertalers en tolken<br \/>\nverlaagd. Het ontwerp ligt nu voor advies bij de Raad van State.<\/p>\n<p>Nu al zijn de tarieven voor be\u00ebdigd vertalers en tolken in de laagste<br \/>\ncategorie\u00ebn vernederend laag, voor de schriftelijke vertalingen<br \/>\nNederlands &#8211; Frans voor een land als Belgi\u00eb zelfs meer dan beschamend<br \/>\n(gemiddelde uurloon minder dan 10 EUR bruto) &#8211; en hebben politie en<br \/>\nrechtbanken in het algemeen en zeker &#8216;s nachts grote moeilijkheden om<br \/>\ntolken te vinden. We vragen ons af hoe het kan dat in Duitsland het<br \/>\nminimumereloon voor tolken zopas van 55 EUR\/uur naar 70 EUR werd<br \/>\nopgetrokken en voor vertalers per begonnen regel van 1,25 EUR naar 1,55<br \/>\nEUR en de Belgische ministers menen dat de al meer dan onvoldoende<br \/>\ntarieven nog omlaag moeten? En we hebben het hier wel degelijk over<br \/>\nbrutotarieven!<\/p>\n<p>De laatste verhoging van de tarieven in Belgi\u00eb vond plaats in 1994 (20 jaar geleden)!<\/p>\n<p>Hoe kan het dat voor de nu al zwaksten de indexering wordt vervangen door een mogelijke tweejaarlijkse aanpassing?<\/p>\n<p>De Europese richtlijn 2010\/64\/EU betreffende het recht op vertolking en<br \/>\nvertaling in strafprocedures bepaalt: &#8220;De lidstaten nemen concrete<br \/>\nmaatregelen om ervoor te zorgen dat de verstrekte vertolking en<br \/>\nvertaling voldoen aan de kwaliteitsvereisten&#8221;. We vragen ons af hoe dat<br \/>\nmogelijk zal zijn, wanneer het nu al, gezien de lage tarieven, moeilijk<br \/>\nis om gekwalificeerde collega&#8217;s als be\u00ebdigd vertalers en tolken aan te<br \/>\ntrekken. Bovendien heeft Belgi\u00eb gestemd v\u00f3\u00f3r deze richtlijn, die<br \/>\nstipuleert dat de kosten worden gedragen door de nationale overheid en<br \/>\nniet door de vertalers en tolken.<\/p>\n<p>Zeker, de regering moet besparen,<br \/>\nen justitie heeft sinds jaren al geen geld meer om gerechtstolken,<br \/>\n-vertalers en \u2013deskundigen stipt te betalen. De Belgische Kamer van<br \/>\nVertalers en Tolken (BKVT) heeft er al meerdere keren op gewezen dat een<br \/>\nhoop geld voor zinloze vertalingen verkwist wordt en haar medewerking<br \/>\naangeboden om deze teksten te identificeren. De BKVT is zelf voorstander<br \/>\nvan \u00e9\u00e9n gelijk tarief voor alle talen: gelijk loon voor gelijk werk.<\/p>\n<p>De BKVT heeft al vele keren contact gezocht met de minister, maar hoewel<br \/>\nmen zou menen dat in een democratie burgers recht zouden hebben op een<br \/>\nantwoord, worden we, ten minste door de minister van Justitie, straal<br \/>\ngenegeerd.<\/p>\n<p>De wrevel onder de gerechtstolken en -vertalers was al groot, maar nu gaat mevrouw Turtelboom echt te ver.<\/p>\n","protected":false},"excerpt":{"rendered":"<p>Minister Turtelboom loopt de spuigaten uit De be\u00ebdigd vertalers en tolken zijn onthutst over het ontwerp van koninklijk besluit tot aanpassing van de gerechtskosten. Op 5 juli 2013 heeft de ministerraad op initiatief van minister van Justitie Turtelboom een ontwerp van koninklijk besluit goedgekeurd dat de gerechtskosten voor een aantal opdrachten aanpast. Het gaat om&hellip;&nbsp;<a href=\"https:\/\/www.cbti-bkvt.org\/en\/ontwerp-van-kb-tot-aanpassing-van-de-gerechtskosten\/\" rel=\"bookmark\">Read More &raquo;<span class=\"screen-reader-text\">Ontwerp van KB tot aanpassing van de gerechtskosten<\/span><\/a><\/p>\n","protected":false},"author":1,"featured_media":8569,"comment_status":"open","ping_status":"open","sticky":false,"template":"","format":"standard","meta":{"_acf_changed":false,"pmpro_default_level":"","neve_meta_sidebar":"","neve_meta_container":"","neve_meta_enable_content_width":"","neve_meta_content_width":0,"neve_meta_title_alignment":"","neve_meta_author_avatar":"","neve_post_elements_order":"","neve_meta_disable_header":"","neve_meta_disable_footer":"","neve_meta_disable_title":"","neve_meta_reading_time":"","footnotes":"","_links_to":"","_links_to_target":""},"categories":[381,403],"tags":[],"class_list":["post-25620","post","type-post","status-publish","format-standard","has-post-thumbnail","hentry","category-press-releases","category-sworn-translators-interpreters","pmpro-has-access"],"acf":[],"yoast_head":"<!-- This site is optimized with the Yoast SEO plugin v27.4 - https:\/\/yoast.com\/product\/yoast-seo-wordpress\/ -->\n<title>Chambre Belge des Traducteurs et Interpr\u00e8tes | Belgische Kamer van Vertalers en Tolken<\/title>\n<meta name=\"robots\" content=\"index, follow, max-snippet:-1, max-image-preview:large, max-video-preview:-1\" \/>\n<link rel=\"canonical\" href=\"https:\/\/www.cbti-bkvt.org\/en\/ontwerp-van-kb-tot-aanpassing-van-de-gerechtskosten\/\" \/>\n<meta property=\"og:locale\" content=\"en_US\" \/>\n<meta property=\"og:type\" content=\"article\" \/>\n<meta property=\"og:title\" content=\"Ontwerp van KB tot aanpassing van de gerechtskosten - Chambre Belge des Traducteurs et Interpr\u00e8tes | Belgische Kamer van Vertalers en Tolken\" \/>\n<meta property=\"og:description\" content=\"Minister Turtelboom loopt de spuigaten uit De be\u00ebdigd vertalers en tolken zijn onthutst over het ontwerp van koninklijk besluit tot aanpassing van de gerechtskosten. Op 5 juli 2013 heeft de ministerraad op initiatief van minister van Justitie Turtelboom een ontwerp van koninklijk besluit goedgekeurd dat de gerechtskosten voor een aantal opdrachten aanpast. Het gaat om&hellip;&nbsp;Read More &raquo;Ontwerp van KB tot aanpassing van de gerechtskosten\" \/>\n<meta property=\"og:url\" content=\"https:\/\/www.cbti-bkvt.org\/en\/ontwerp-van-kb-tot-aanpassing-van-de-gerechtskosten\/\" \/>\n<meta property=\"og:site_name\" content=\"Chambre Belge des Traducteurs et Interpr\u00e8tes | Belgische Kamer van Vertalers en Tolken\" \/>\n<meta property=\"article:published_time\" content=\"2013-09-19T06:00:00+00:00\" \/>\n<meta property=\"og:image\" content=\"https:\/\/www.cbti-bkvt.org\/wp-content\/uploads\/12105797654_04ac3fc326_o-2.jpg\" \/>\n\t<meta property=\"og:image:width\" content=\"1429\" \/>\n\t<meta property=\"og:image:height\" content=\"950\" \/>\n\t<meta property=\"og:image:type\" content=\"image\/jpeg\" \/>\n<meta name=\"author\" content=\"CBTI Team\" \/>\n<meta name=\"twitter:card\" content=\"summary_large_image\" \/>\n<meta name=\"twitter:label1\" content=\"Written by\" \/>\n\t<meta name=\"twitter:data1\" content=\"CBTI Team\" \/>\n\t<meta name=\"twitter:label2\" content=\"Est. reading time\" \/>\n\t<meta name=\"twitter:data2\" content=\"3 minutes\" \/>\n<script type=\"application\/ld+json\" class=\"yoast-schema-graph\">{\"@context\":\"https:\\\/\\\/schema.org\",\"@graph\":[{\"@type\":\"Article\",\"@id\":\"https:\\\/\\\/www.cbti-bkvt.org\\\/en\\\/ontwerp-van-kb-tot-aanpassing-van-de-gerechtskosten\\\/#article\",\"isPartOf\":{\"@id\":\"https:\\\/\\\/www.cbti-bkvt.org\\\/en\\\/ontwerp-van-kb-tot-aanpassing-van-de-gerechtskosten\\\/\"},\"author\":{\"name\":\"CBTI Team\",\"@id\":\"https:\\\/\\\/www.cbti-bkvt.org\\\/en\\\/#\\\/schema\\\/person\\\/39694e286cbdc709aed8641743fa4591\"},\"headline\":\"Ontwerp van KB tot aanpassing van de gerechtskosten\",\"datePublished\":\"2013-09-19T06:00:00+00:00\",\"mainEntityOfPage\":{\"@id\":\"https:\\\/\\\/www.cbti-bkvt.org\\\/en\\\/ontwerp-van-kb-tot-aanpassing-van-de-gerechtskosten\\\/\"},\"wordCount\":501,\"commentCount\":0,\"image\":{\"@id\":\"https:\\\/\\\/www.cbti-bkvt.org\\\/en\\\/ontwerp-van-kb-tot-aanpassing-van-de-gerechtskosten\\\/#primaryimage\"},\"thumbnailUrl\":\"https:\\\/\\\/www.cbti-bkvt.org\\\/wp-content\\\/uploads\\\/12105797654_04ac3fc326_o-2.jpg\",\"articleSection\":[\"Press Releases\",\"Sworn Translators\\\/Interpreters\"],\"inLanguage\":\"en-US\",\"potentialAction\":[{\"@type\":\"CommentAction\",\"name\":\"Comment\",\"target\":[\"https:\\\/\\\/www.cbti-bkvt.org\\\/en\\\/ontwerp-van-kb-tot-aanpassing-van-de-gerechtskosten\\\/#respond\"]}]},{\"@type\":\"WebPage\",\"@id\":\"https:\\\/\\\/www.cbti-bkvt.org\\\/en\\\/ontwerp-van-kb-tot-aanpassing-van-de-gerechtskosten\\\/\",\"url\":\"https:\\\/\\\/www.cbti-bkvt.org\\\/en\\\/ontwerp-van-kb-tot-aanpassing-van-de-gerechtskosten\\\/\",\"name\":\"Ontwerp van KB tot aanpassing van de gerechtskosten - Chambre Belge des Traducteurs et Interpr\u00e8tes | Belgische Kamer van Vertalers en Tolken\",\"isPartOf\":{\"@id\":\"https:\\\/\\\/www.cbti-bkvt.org\\\/en\\\/#website\"},\"primaryImageOfPage\":{\"@id\":\"https:\\\/\\\/www.cbti-bkvt.org\\\/en\\\/ontwerp-van-kb-tot-aanpassing-van-de-gerechtskosten\\\/#primaryimage\"},\"image\":{\"@id\":\"https:\\\/\\\/www.cbti-bkvt.org\\\/en\\\/ontwerp-van-kb-tot-aanpassing-van-de-gerechtskosten\\\/#primaryimage\"},\"thumbnailUrl\":\"https:\\\/\\\/www.cbti-bkvt.org\\\/wp-content\\\/uploads\\\/12105797654_04ac3fc326_o-2.jpg\",\"datePublished\":\"2013-09-19T06:00:00+00:00\",\"author\":{\"@id\":\"https:\\\/\\\/www.cbti-bkvt.org\\\/en\\\/#\\\/schema\\\/person\\\/39694e286cbdc709aed8641743fa4591\"},\"breadcrumb\":{\"@id\":\"https:\\\/\\\/www.cbti-bkvt.org\\\/en\\\/ontwerp-van-kb-tot-aanpassing-van-de-gerechtskosten\\\/#breadcrumb\"},\"inLanguage\":\"en-US\",\"potentialAction\":[{\"@type\":\"ReadAction\",\"target\":[\"https:\\\/\\\/www.cbti-bkvt.org\\\/en\\\/ontwerp-van-kb-tot-aanpassing-van-de-gerechtskosten\\\/\"]}]},{\"@type\":\"ImageObject\",\"inLanguage\":\"en-US\",\"@id\":\"https:\\\/\\\/www.cbti-bkvt.org\\\/en\\\/ontwerp-van-kb-tot-aanpassing-van-de-gerechtskosten\\\/#primaryimage\",\"url\":\"https:\\\/\\\/www.cbti-bkvt.org\\\/wp-content\\\/uploads\\\/12105797654_04ac3fc326_o-2.jpg\",\"contentUrl\":\"https:\\\/\\\/www.cbti-bkvt.org\\\/wp-content\\\/uploads\\\/12105797654_04ac3fc326_o-2.jpg\",\"width\":1429,\"height\":950},{\"@type\":\"BreadcrumbList\",\"@id\":\"https:\\\/\\\/www.cbti-bkvt.org\\\/en\\\/ontwerp-van-kb-tot-aanpassing-van-de-gerechtskosten\\\/#breadcrumb\",\"itemListElement\":[{\"@type\":\"ListItem\",\"position\":1,\"name\":\"Home\",\"item\":\"https:\\\/\\\/www.cbti-bkvt.org\\\/en\\\/\"},{\"@type\":\"ListItem\",\"position\":2,\"name\":\"Ontwerp van KB tot aanpassing van de gerechtskosten\"}]},{\"@type\":\"WebSite\",\"@id\":\"https:\\\/\\\/www.cbti-bkvt.org\\\/en\\\/#website\",\"url\":\"https:\\\/\\\/www.cbti-bkvt.org\\\/en\\\/\",\"name\":\"Chambre Belge des Traducteurs et Interpr\u00e8tes | Belgische Kamer van Vertalers en Tolken\",\"description\":\"M\u00e9tiers de la traduction \u00e9crite, l\u2019interpr\u00e9tation de conf\u00e9rence, la traduction et l\u2019interpr\u00e9tation en milieu judiciaire.\",\"potentialAction\":[{\"@type\":\"SearchAction\",\"target\":{\"@type\":\"EntryPoint\",\"urlTemplate\":\"https:\\\/\\\/www.cbti-bkvt.org\\\/en\\\/?s={search_term_string}\"},\"query-input\":{\"@type\":\"PropertyValueSpecification\",\"valueRequired\":true,\"valueName\":\"search_term_string\"}}],\"inLanguage\":\"en-US\"},{\"@type\":\"Person\",\"@id\":\"https:\\\/\\\/www.cbti-bkvt.org\\\/en\\\/#\\\/schema\\\/person\\\/39694e286cbdc709aed8641743fa4591\",\"name\":\"CBTI Team\",\"image\":{\"@type\":\"ImageObject\",\"inLanguage\":\"en-US\",\"@id\":\"https:\\\/\\\/secure.gravatar.com\\\/avatar\\\/46840e5c253419e7ddd36cf1b42202f1266a0347bb63a6b4f82b38f71ada6150?s=96&d=mm&r=g\",\"url\":\"https:\\\/\\\/secure.gravatar.com\\\/avatar\\\/46840e5c253419e7ddd36cf1b42202f1266a0347bb63a6b4f82b38f71ada6150?s=96&d=mm&r=g\",\"contentUrl\":\"https:\\\/\\\/secure.gravatar.com\\\/avatar\\\/46840e5c253419e7ddd36cf1b42202f1266a0347bb63a6b4f82b38f71ada6150?s=96&d=mm&r=g\",\"caption\":\"CBTI Team\"},\"sameAs\":[\"http:\\\/\\\/www.cbti-bkvt.org\"],\"url\":\"https:\\\/\\\/www.cbti-bkvt.org\\\/en\\\/author\\\/cbtitrad__gestion\\\/\"}]}<\/script>\n<!-- \/ Yoast SEO plugin. -->","yoast_head_json":{"title":"Chambre Belge des Traducteurs et Interpr\u00e8tes | Belgische Kamer van Vertalers en Tolken","robots":{"index":"index","follow":"follow","max-snippet":"max-snippet:-1","max-image-preview":"max-image-preview:large","max-video-preview":"max-video-preview:-1"},"canonical":"https:\/\/www.cbti-bkvt.org\/en\/ontwerp-van-kb-tot-aanpassing-van-de-gerechtskosten\/","og_locale":"en_US","og_type":"article","og_title":"Ontwerp van KB tot aanpassing van de gerechtskosten - Chambre Belge des Traducteurs et Interpr\u00e8tes | Belgische Kamer van Vertalers en Tolken","og_description":"Minister Turtelboom loopt de spuigaten uit De be\u00ebdigd vertalers en tolken zijn onthutst over het ontwerp van koninklijk besluit tot aanpassing van de gerechtskosten. Op 5 juli 2013 heeft de ministerraad op initiatief van minister van Justitie Turtelboom een ontwerp van koninklijk besluit goedgekeurd dat de gerechtskosten voor een aantal opdrachten aanpast. Het gaat om&hellip;&nbsp;Read More &raquo;Ontwerp van KB tot aanpassing van de gerechtskosten","og_url":"https:\/\/www.cbti-bkvt.org\/en\/ontwerp-van-kb-tot-aanpassing-van-de-gerechtskosten\/","og_site_name":"Chambre Belge des Traducteurs et Interpr\u00e8tes | Belgische Kamer van Vertalers en Tolken","article_published_time":"2013-09-19T06:00:00+00:00","og_image":[{"width":1429,"height":950,"url":"https:\/\/www.cbti-bkvt.org\/wp-content\/uploads\/12105797654_04ac3fc326_o-2.jpg","type":"image\/jpeg"}],"author":"CBTI Team","twitter_card":"summary_large_image","twitter_misc":{"Written by":"CBTI Team","Est. reading time":"3 minutes"},"schema":{"@context":"https:\/\/schema.org","@graph":[{"@type":"Article","@id":"https:\/\/www.cbti-bkvt.org\/en\/ontwerp-van-kb-tot-aanpassing-van-de-gerechtskosten\/#article","isPartOf":{"@id":"https:\/\/www.cbti-bkvt.org\/en\/ontwerp-van-kb-tot-aanpassing-van-de-gerechtskosten\/"},"author":{"name":"CBTI Team","@id":"https:\/\/www.cbti-bkvt.org\/en\/#\/schema\/person\/39694e286cbdc709aed8641743fa4591"},"headline":"Ontwerp van KB tot aanpassing van de gerechtskosten","datePublished":"2013-09-19T06:00:00+00:00","mainEntityOfPage":{"@id":"https:\/\/www.cbti-bkvt.org\/en\/ontwerp-van-kb-tot-aanpassing-van-de-gerechtskosten\/"},"wordCount":501,"commentCount":0,"image":{"@id":"https:\/\/www.cbti-bkvt.org\/en\/ontwerp-van-kb-tot-aanpassing-van-de-gerechtskosten\/#primaryimage"},"thumbnailUrl":"https:\/\/www.cbti-bkvt.org\/wp-content\/uploads\/12105797654_04ac3fc326_o-2.jpg","articleSection":["Press Releases","Sworn Translators\/Interpreters"],"inLanguage":"en-US","potentialAction":[{"@type":"CommentAction","name":"Comment","target":["https:\/\/www.cbti-bkvt.org\/en\/ontwerp-van-kb-tot-aanpassing-van-de-gerechtskosten\/#respond"]}]},{"@type":"WebPage","@id":"https:\/\/www.cbti-bkvt.org\/en\/ontwerp-van-kb-tot-aanpassing-van-de-gerechtskosten\/","url":"https:\/\/www.cbti-bkvt.org\/en\/ontwerp-van-kb-tot-aanpassing-van-de-gerechtskosten\/","name":"Ontwerp van KB tot aanpassing van de gerechtskosten - Chambre Belge des Traducteurs et Interpr\u00e8tes | Belgische Kamer van Vertalers en Tolken","isPartOf":{"@id":"https:\/\/www.cbti-bkvt.org\/en\/#website"},"primaryImageOfPage":{"@id":"https:\/\/www.cbti-bkvt.org\/en\/ontwerp-van-kb-tot-aanpassing-van-de-gerechtskosten\/#primaryimage"},"image":{"@id":"https:\/\/www.cbti-bkvt.org\/en\/ontwerp-van-kb-tot-aanpassing-van-de-gerechtskosten\/#primaryimage"},"thumbnailUrl":"https:\/\/www.cbti-bkvt.org\/wp-content\/uploads\/12105797654_04ac3fc326_o-2.jpg","datePublished":"2013-09-19T06:00:00+00:00","author":{"@id":"https:\/\/www.cbti-bkvt.org\/en\/#\/schema\/person\/39694e286cbdc709aed8641743fa4591"},"breadcrumb":{"@id":"https:\/\/www.cbti-bkvt.org\/en\/ontwerp-van-kb-tot-aanpassing-van-de-gerechtskosten\/#breadcrumb"},"inLanguage":"en-US","potentialAction":[{"@type":"ReadAction","target":["https:\/\/www.cbti-bkvt.org\/en\/ontwerp-van-kb-tot-aanpassing-van-de-gerechtskosten\/"]}]},{"@type":"ImageObject","inLanguage":"en-US","@id":"https:\/\/www.cbti-bkvt.org\/en\/ontwerp-van-kb-tot-aanpassing-van-de-gerechtskosten\/#primaryimage","url":"https:\/\/www.cbti-bkvt.org\/wp-content\/uploads\/12105797654_04ac3fc326_o-2.jpg","contentUrl":"https:\/\/www.cbti-bkvt.org\/wp-content\/uploads\/12105797654_04ac3fc326_o-2.jpg","width":1429,"height":950},{"@type":"BreadcrumbList","@id":"https:\/\/www.cbti-bkvt.org\/en\/ontwerp-van-kb-tot-aanpassing-van-de-gerechtskosten\/#breadcrumb","itemListElement":[{"@type":"ListItem","position":1,"name":"Home","item":"https:\/\/www.cbti-bkvt.org\/en\/"},{"@type":"ListItem","position":2,"name":"Ontwerp van KB tot aanpassing van de gerechtskosten"}]},{"@type":"WebSite","@id":"https:\/\/www.cbti-bkvt.org\/en\/#website","url":"https:\/\/www.cbti-bkvt.org\/en\/","name":"Chambre Belge des Traducteurs et Interpr\u00e8tes | Belgische Kamer van Vertalers en Tolken","description":"M\u00e9tiers de la traduction \u00e9crite, l\u2019interpr\u00e9tation de conf\u00e9rence, la traduction et l\u2019interpr\u00e9tation en milieu judiciaire.","potentialAction":[{"@type":"SearchAction","target":{"@type":"EntryPoint","urlTemplate":"https:\/\/www.cbti-bkvt.org\/en\/?s={search_term_string}"},"query-input":{"@type":"PropertyValueSpecification","valueRequired":true,"valueName":"search_term_string"}}],"inLanguage":"en-US"},{"@type":"Person","@id":"https:\/\/www.cbti-bkvt.org\/en\/#\/schema\/person\/39694e286cbdc709aed8641743fa4591","name":"CBTI Team","image":{"@type":"ImageObject","inLanguage":"en-US","@id":"https:\/\/secure.gravatar.com\/avatar\/46840e5c253419e7ddd36cf1b42202f1266a0347bb63a6b4f82b38f71ada6150?s=96&d=mm&r=g","url":"https:\/\/secure.gravatar.com\/avatar\/46840e5c253419e7ddd36cf1b42202f1266a0347bb63a6b4f82b38f71ada6150?s=96&d=mm&r=g","contentUrl":"https:\/\/secure.gravatar.com\/avatar\/46840e5c253419e7ddd36cf1b42202f1266a0347bb63a6b4f82b38f71ada6150?s=96&d=mm&r=g","caption":"CBTI Team"},"sameAs":["http:\/\/www.cbti-bkvt.org"],"url":"https:\/\/www.cbti-bkvt.org\/en\/author\/cbtitrad__gestion\/"}]}},"_links":{"self":[{"href":"https:\/\/www.cbti-bkvt.org\/en\/wp-json\/wp\/v2\/posts\/25620","targetHints":{"allow":["GET"]}}],"collection":[{"href":"https:\/\/www.cbti-bkvt.org\/en\/wp-json\/wp\/v2\/posts"}],"about":[{"href":"https:\/\/www.cbti-bkvt.org\/en\/wp-json\/wp\/v2\/types\/post"}],"author":[{"embeddable":true,"href":"https:\/\/www.cbti-bkvt.org\/en\/wp-json\/wp\/v2\/users\/1"}],"replies":[{"embeddable":true,"href":"https:\/\/www.cbti-bkvt.org\/en\/wp-json\/wp\/v2\/comments?post=25620"}],"version-history":[{"count":0,"href":"https:\/\/www.cbti-bkvt.org\/en\/wp-json\/wp\/v2\/posts\/25620\/revisions"}],"wp:featuredmedia":[{"embeddable":true,"href":"https:\/\/www.cbti-bkvt.org\/en\/wp-json\/wp\/v2\/media\/8569"}],"wp:attachment":[{"href":"https:\/\/www.cbti-bkvt.org\/en\/wp-json\/wp\/v2\/media?parent=25620"}],"wp:term":[{"taxonomy":"category","embeddable":true,"href":"https:\/\/www.cbti-bkvt.org\/en\/wp-json\/wp\/v2\/categories?post=25620"},{"taxonomy":"post_tag","embeddable":true,"href":"https:\/\/www.cbti-bkvt.org\/en\/wp-json\/wp\/v2\/tags?post=25620"}],"curies":[{"name":"wp","href":"https:\/\/api.w.org\/{rel}","templated":true}]}}