{"id":25638,"date":"2014-02-21T07:00:00","date_gmt":"2014-02-21T07:00:00","guid":{"rendered":"https:\/\/www.cbti-bkvt.org\/beedigd-vertalers-en-tolken-een-eerste-succes-voor-de-bkvt\/"},"modified":"2024-01-28T08:47:55","modified_gmt":"2024-01-28T08:47:55","slug":"beedigd-vertalers-en-tolken-een-eerste-succes-voor-de-bkvt","status":"publish","type":"post","link":"https:\/\/www.cbti-bkvt.org\/en\/beedigd-vertalers-en-tolken-een-eerste-succes-voor-de-bkvt\/","title":{"rendered":"Be\u00ebdigd vertalers en tolken: een eerste succes voor de BKVT!"},"content":{"rendered":"<p>Het wetsvoorstel van volksvertegenwoordiger Sonja Becq tot wijziging van<br \/>\nverschillende bepalingen met het oog op de oprichting van een <b>nationaal<br \/>\nregister voor gerechtsdeskundigen en tot oprichting van een nationaal<br \/>\nregister voor be\u00ebdigd vertalers, tolken en vertalers-tolken<\/b> werd op 20<br \/>\nfebruari 2014 goedgekeurd in de plenaire vergadering van de Kamer van<br \/>\nVolksvertegenwoordigers (zie <a href=\"http:\/\/www.dekamer.be\" target=\"_blank\" rel=\"noopener\">www.dekamer.be<\/a>).<\/p>\n<p>De goedkeuring van dit wetsvoorstel is een eerste succes voor de Belgische<br \/>\nKamer van Vertalers en Tolken, die al meer dan 30 jaar vecht voor een<br \/>\necht statuut voor de be\u00ebdigd vertalers en tolken in Belgi\u00eb.<\/p>\n<p>Naast de oprichting van een nationaal register verplicht dit wetsvoorstel de<br \/>\nkandidaten immers ook aan te tonen dat zij beschikken over de nodige<br \/>\nberoepsbekwaamheid en juridische kennis, een bepaling die niet enkel de<br \/>\nkwaliteit van de prestaties zal verbeteren, maar ook de bescherming van<br \/>\nde fundamentele rechten van alle rechtszoekenden.<\/p>\n<p>De Belgische Kamer van Vertalers en Tolken is verheugd vast te stellen dat een groot<br \/>\ndeel van haar aanbevelingen opgenomen werd in dit wetsvoorstel, maar is<br \/>\nook bijzonder opgelucht dat het v\u00f3\u00f3r de verkiezingen van 25 mei<br \/>\ngoedgekeurd werd. Onze strijd is echter nog niet gestreden.<\/p>\n<div>De Belgische Kamer van Vertalers en Tolken zal zich blijven inzetten om de<br \/>\nconcrete uitvoering van deze bepalingen op te volgen en vooral om een<br \/>\nechte herziening van de tarieven voor be\u00ebdigd vertalers en tolken te<br \/>\nbereiken. Het ontstellend lage tarief dreigt immers op lange termijn tot<br \/>\neen tekort aan professionele vertalers en tolken te leiden, waardoor<br \/>\nJustitie niet meer correct zou kunnen werken.<\/div>\n<div><\/div>\n<h4>Over de BKVT<\/h4>\n<div>De Belgische Kamer van Vertalers en Tolken werd opgericht in 1955. Ze is een<br \/>\nKoninklijke vereniging zonder winstoogmerk en de enige<br \/>\nberoepsorganisatie die vertalers en tolken in heel Belgi\u00eb verenigt en<br \/>\nofficieel vertegenwoordigt in de Hoge Raad voor de Zelfstandigen en de<br \/>\nKMO. Ze heeft tot doel natuurlijke personen die een beroep uitoefenen<br \/>\ndat rechtstreeks verband houdt met vertaal- of tolkwerk, te groeperen,<br \/>\nhun wederzijdse belangen te verdedigen, de professionele kennis te<br \/>\nvervolmaken door middel van permanente vorming, het prestige te verhogen<br \/>\nvan de beroepen die onder de statuten vallen en de collectieve<br \/>\nberoepsbelangen van de leden te verdedigen.<\/div>\n<h4>Contactpersoon<\/h4>\n<div><b>Belgische<br \/>\nKamer van Vertalers en Tolken (BKVT)<\/b><\/div>\n<div>Ludovic Pierard (voorzitter): 0487\/52.72.87 of <a target=\"_blank\" rel=\"noopener\">president@translators.be<\/a><\/div>\n\n\n<ul class=\"wp-block-list\">\n<li><a href=\"https:\/\/www.cbti-bkvt.org\/wp-content\/uploads\/53K1499006.pdf\" target=\"_blank\" rel=\"noreferrer noopener\">Wetvoorstel tot invoeging van een nationaal register voor gerechtsdeskundigen\u00a0<\/a>[PDF]<\/li>\n<\/ul>\n","protected":false},"excerpt":{"rendered":"<p>Het wetsvoorstel van volksvertegenwoordiger Sonja Becq tot wijziging van verschillende bepalingen met het oog op de oprichting van een nationaal register voor gerechtsdeskundigen en tot oprichting van een nationaal register voor be\u00ebdigd vertalers, tolken en vertalers-tolken werd op 20 februari 2014 goedgekeurd in de plenaire vergadering van de Kamer van Volksvertegenwoordigers (zie www.dekamer.be). De goedkeuring&hellip;&nbsp;<a href=\"https:\/\/www.cbti-bkvt.org\/en\/beedigd-vertalers-en-tolken-een-eerste-succes-voor-de-bkvt\/\" rel=\"bookmark\">Read More &raquo;<span class=\"screen-reader-text\">Be\u00ebdigd vertalers en tolken: een eerste succes voor de BKVT!<\/span><\/a><\/p>\n","protected":false},"author":1,"featured_media":8557,"comment_status":"open","ping_status":"open","sticky":false,"template":"","format":"standard","meta":{"_acf_changed":false,"pmpro_default_level":"","neve_meta_sidebar":"","neve_meta_container":"","neve_meta_enable_content_width":"","neve_meta_content_width":0,"neve_meta_title_alignment":"","neve_meta_author_avatar":"","neve_post_elements_order":"","neve_meta_disable_header":"","neve_meta_disable_footer":"","neve_meta_disable_title":"","neve_meta_reading_time":"","footnotes":"","_links_to":"","_links_to_target":""},"categories":[381,403],"tags":[],"class_list":["post-25638","post","type-post","status-publish","format-standard","has-post-thumbnail","hentry","category-press-releases","category-sworn-translators-interpreters","pmpro-has-access"],"acf":[],"yoast_head":"<!-- This site is optimized with the Yoast SEO plugin v27.4 - https:\/\/yoast.com\/product\/yoast-seo-wordpress\/ -->\n<title>Chambre Belge des Traducteurs et Interpr\u00e8tes | Belgische Kamer van Vertalers en Tolken<\/title>\n<meta name=\"robots\" content=\"index, follow, max-snippet:-1, max-image-preview:large, max-video-preview:-1\" \/>\n<link rel=\"canonical\" href=\"https:\/\/www.cbti-bkvt.org\/en\/beedigd-vertalers-en-tolken-een-eerste-succes-voor-de-bkvt\/\" \/>\n<meta property=\"og:locale\" content=\"en_US\" \/>\n<meta property=\"og:type\" content=\"article\" \/>\n<meta property=\"og:title\" content=\"Be\u00ebdigd vertalers en tolken: een eerste succes voor de BKVT! - Chambre Belge des Traducteurs et Interpr\u00e8tes | Belgische Kamer van Vertalers en Tolken\" \/>\n<meta property=\"og:description\" content=\"Het wetsvoorstel van volksvertegenwoordiger Sonja Becq tot wijziging van verschillende bepalingen met het oog op de oprichting van een nationaal register voor gerechtsdeskundigen en tot oprichting van een nationaal register voor be\u00ebdigd vertalers, tolken en vertalers-tolken werd op 20 februari 2014 goedgekeurd in de plenaire vergadering van de Kamer van Volksvertegenwoordigers (zie www.dekamer.be). De goedkeuring&hellip;&nbsp;Read More &raquo;Be\u00ebdigd vertalers en tolken: een eerste succes voor de BKVT!\" \/>\n<meta property=\"og:url\" content=\"https:\/\/www.cbti-bkvt.org\/en\/beedigd-vertalers-en-tolken-een-eerste-succes-voor-de-bkvt\/\" \/>\n<meta property=\"og:site_name\" content=\"Chambre Belge des Traducteurs et Interpr\u00e8tes | Belgische Kamer van Vertalers en Tolken\" \/>\n<meta property=\"article:published_time\" content=\"2014-02-21T07:00:00+00:00\" \/>\n<meta property=\"article:modified_time\" content=\"2024-01-28T08:47:55+00:00\" \/>\n<meta property=\"og:image\" content=\"https:\/\/www.cbti-bkvt.org\/wp-content\/uploads\/3756880888_0bc6af2aec_o-5.jpg\" \/>\n\t<meta property=\"og:image:width\" content=\"1494\" \/>\n\t<meta property=\"og:image:height\" content=\"996\" \/>\n\t<meta property=\"og:image:type\" content=\"image\/jpeg\" \/>\n<meta name=\"author\" content=\"CBTI Team\" \/>\n<meta name=\"twitter:card\" content=\"summary_large_image\" \/>\n<meta name=\"twitter:label1\" content=\"Written by\" \/>\n\t<meta name=\"twitter:data1\" content=\"CBTI Team\" \/>\n\t<meta name=\"twitter:label2\" content=\"Est. reading time\" \/>\n\t<meta name=\"twitter:data2\" content=\"3 minutes\" \/>\n<script type=\"application\/ld+json\" class=\"yoast-schema-graph\">{\"@context\":\"https:\\\/\\\/schema.org\",\"@graph\":[{\"@type\":\"Article\",\"@id\":\"https:\\\/\\\/www.cbti-bkvt.org\\\/en\\\/beedigd-vertalers-en-tolken-een-eerste-succes-voor-de-bkvt\\\/#article\",\"isPartOf\":{\"@id\":\"https:\\\/\\\/www.cbti-bkvt.org\\\/en\\\/beedigd-vertalers-en-tolken-een-eerste-succes-voor-de-bkvt\\\/\"},\"author\":{\"name\":\"CBTI Team\",\"@id\":\"https:\\\/\\\/www.cbti-bkvt.org\\\/en\\\/#\\\/schema\\\/person\\\/39694e286cbdc709aed8641743fa4591\"},\"headline\":\"Be\u00ebdigd vertalers en tolken: een eerste succes voor de BKVT!\",\"datePublished\":\"2014-02-21T07:00:00+00:00\",\"dateModified\":\"2024-01-28T08:47:55+00:00\",\"mainEntityOfPage\":{\"@id\":\"https:\\\/\\\/www.cbti-bkvt.org\\\/en\\\/beedigd-vertalers-en-tolken-een-eerste-succes-voor-de-bkvt\\\/\"},\"wordCount\":388,\"commentCount\":0,\"image\":{\"@id\":\"https:\\\/\\\/www.cbti-bkvt.org\\\/en\\\/beedigd-vertalers-en-tolken-een-eerste-succes-voor-de-bkvt\\\/#primaryimage\"},\"thumbnailUrl\":\"https:\\\/\\\/www.cbti-bkvt.org\\\/wp-content\\\/uploads\\\/3756880888_0bc6af2aec_o-5.jpg\",\"articleSection\":[\"Press Releases\",\"Sworn Translators\\\/Interpreters\"],\"inLanguage\":\"en-US\",\"potentialAction\":[{\"@type\":\"CommentAction\",\"name\":\"Comment\",\"target\":[\"https:\\\/\\\/www.cbti-bkvt.org\\\/en\\\/beedigd-vertalers-en-tolken-een-eerste-succes-voor-de-bkvt\\\/#respond\"]}]},{\"@type\":\"WebPage\",\"@id\":\"https:\\\/\\\/www.cbti-bkvt.org\\\/en\\\/beedigd-vertalers-en-tolken-een-eerste-succes-voor-de-bkvt\\\/\",\"url\":\"https:\\\/\\\/www.cbti-bkvt.org\\\/en\\\/beedigd-vertalers-en-tolken-een-eerste-succes-voor-de-bkvt\\\/\",\"name\":\"Be\u00ebdigd vertalers en tolken: een eerste succes voor de BKVT! - Chambre Belge des Traducteurs et Interpr\u00e8tes | Belgische Kamer van Vertalers en Tolken\",\"isPartOf\":{\"@id\":\"https:\\\/\\\/www.cbti-bkvt.org\\\/en\\\/#website\"},\"primaryImageOfPage\":{\"@id\":\"https:\\\/\\\/www.cbti-bkvt.org\\\/en\\\/beedigd-vertalers-en-tolken-een-eerste-succes-voor-de-bkvt\\\/#primaryimage\"},\"image\":{\"@id\":\"https:\\\/\\\/www.cbti-bkvt.org\\\/en\\\/beedigd-vertalers-en-tolken-een-eerste-succes-voor-de-bkvt\\\/#primaryimage\"},\"thumbnailUrl\":\"https:\\\/\\\/www.cbti-bkvt.org\\\/wp-content\\\/uploads\\\/3756880888_0bc6af2aec_o-5.jpg\",\"datePublished\":\"2014-02-21T07:00:00+00:00\",\"dateModified\":\"2024-01-28T08:47:55+00:00\",\"author\":{\"@id\":\"https:\\\/\\\/www.cbti-bkvt.org\\\/en\\\/#\\\/schema\\\/person\\\/39694e286cbdc709aed8641743fa4591\"},\"breadcrumb\":{\"@id\":\"https:\\\/\\\/www.cbti-bkvt.org\\\/en\\\/beedigd-vertalers-en-tolken-een-eerste-succes-voor-de-bkvt\\\/#breadcrumb\"},\"inLanguage\":\"en-US\",\"potentialAction\":[{\"@type\":\"ReadAction\",\"target\":[\"https:\\\/\\\/www.cbti-bkvt.org\\\/en\\\/beedigd-vertalers-en-tolken-een-eerste-succes-voor-de-bkvt\\\/\"]}]},{\"@type\":\"ImageObject\",\"inLanguage\":\"en-US\",\"@id\":\"https:\\\/\\\/www.cbti-bkvt.org\\\/en\\\/beedigd-vertalers-en-tolken-een-eerste-succes-voor-de-bkvt\\\/#primaryimage\",\"url\":\"https:\\\/\\\/www.cbti-bkvt.org\\\/wp-content\\\/uploads\\\/3756880888_0bc6af2aec_o-5.jpg\",\"contentUrl\":\"https:\\\/\\\/www.cbti-bkvt.org\\\/wp-content\\\/uploads\\\/3756880888_0bc6af2aec_o-5.jpg\",\"width\":1494,\"height\":996},{\"@type\":\"BreadcrumbList\",\"@id\":\"https:\\\/\\\/www.cbti-bkvt.org\\\/en\\\/beedigd-vertalers-en-tolken-een-eerste-succes-voor-de-bkvt\\\/#breadcrumb\",\"itemListElement\":[{\"@type\":\"ListItem\",\"position\":1,\"name\":\"Home\",\"item\":\"https:\\\/\\\/www.cbti-bkvt.org\\\/en\\\/\"},{\"@type\":\"ListItem\",\"position\":2,\"name\":\"Be\u00ebdigd vertalers en tolken: een eerste succes voor de BKVT!\"}]},{\"@type\":\"WebSite\",\"@id\":\"https:\\\/\\\/www.cbti-bkvt.org\\\/en\\\/#website\",\"url\":\"https:\\\/\\\/www.cbti-bkvt.org\\\/en\\\/\",\"name\":\"Chambre Belge des Traducteurs et Interpr\u00e8tes | Belgische Kamer van Vertalers en Tolken\",\"description\":\"M\u00e9tiers de la traduction \u00e9crite, l\u2019interpr\u00e9tation de conf\u00e9rence, la traduction et l\u2019interpr\u00e9tation en milieu judiciaire.\",\"potentialAction\":[{\"@type\":\"SearchAction\",\"target\":{\"@type\":\"EntryPoint\",\"urlTemplate\":\"https:\\\/\\\/www.cbti-bkvt.org\\\/en\\\/?s={search_term_string}\"},\"query-input\":{\"@type\":\"PropertyValueSpecification\",\"valueRequired\":true,\"valueName\":\"search_term_string\"}}],\"inLanguage\":\"en-US\"},{\"@type\":\"Person\",\"@id\":\"https:\\\/\\\/www.cbti-bkvt.org\\\/en\\\/#\\\/schema\\\/person\\\/39694e286cbdc709aed8641743fa4591\",\"name\":\"CBTI Team\",\"image\":{\"@type\":\"ImageObject\",\"inLanguage\":\"en-US\",\"@id\":\"https:\\\/\\\/secure.gravatar.com\\\/avatar\\\/46840e5c253419e7ddd36cf1b42202f1266a0347bb63a6b4f82b38f71ada6150?s=96&d=mm&r=g\",\"url\":\"https:\\\/\\\/secure.gravatar.com\\\/avatar\\\/46840e5c253419e7ddd36cf1b42202f1266a0347bb63a6b4f82b38f71ada6150?s=96&d=mm&r=g\",\"contentUrl\":\"https:\\\/\\\/secure.gravatar.com\\\/avatar\\\/46840e5c253419e7ddd36cf1b42202f1266a0347bb63a6b4f82b38f71ada6150?s=96&d=mm&r=g\",\"caption\":\"CBTI Team\"},\"sameAs\":[\"http:\\\/\\\/www.cbti-bkvt.org\"],\"url\":\"https:\\\/\\\/www.cbti-bkvt.org\\\/en\\\/author\\\/cbtitrad__gestion\\\/\"}]}<\/script>\n<!-- \/ Yoast SEO plugin. -->","yoast_head_json":{"title":"Chambre Belge des Traducteurs et Interpr\u00e8tes | Belgische Kamer van Vertalers en Tolken","robots":{"index":"index","follow":"follow","max-snippet":"max-snippet:-1","max-image-preview":"max-image-preview:large","max-video-preview":"max-video-preview:-1"},"canonical":"https:\/\/www.cbti-bkvt.org\/en\/beedigd-vertalers-en-tolken-een-eerste-succes-voor-de-bkvt\/","og_locale":"en_US","og_type":"article","og_title":"Be\u00ebdigd vertalers en tolken: een eerste succes voor de BKVT! - Chambre Belge des Traducteurs et Interpr\u00e8tes | Belgische Kamer van Vertalers en Tolken","og_description":"Het wetsvoorstel van volksvertegenwoordiger Sonja Becq tot wijziging van verschillende bepalingen met het oog op de oprichting van een nationaal register voor gerechtsdeskundigen en tot oprichting van een nationaal register voor be\u00ebdigd vertalers, tolken en vertalers-tolken werd op 20 februari 2014 goedgekeurd in de plenaire vergadering van de Kamer van Volksvertegenwoordigers (zie www.dekamer.be). De goedkeuring&hellip;&nbsp;Read More &raquo;Be\u00ebdigd vertalers en tolken: een eerste succes voor de BKVT!","og_url":"https:\/\/www.cbti-bkvt.org\/en\/beedigd-vertalers-en-tolken-een-eerste-succes-voor-de-bkvt\/","og_site_name":"Chambre Belge des Traducteurs et Interpr\u00e8tes | Belgische Kamer van Vertalers en Tolken","article_published_time":"2014-02-21T07:00:00+00:00","article_modified_time":"2024-01-28T08:47:55+00:00","og_image":[{"width":1494,"height":996,"url":"https:\/\/www.cbti-bkvt.org\/wp-content\/uploads\/3756880888_0bc6af2aec_o-5.jpg","type":"image\/jpeg"}],"author":"CBTI Team","twitter_card":"summary_large_image","twitter_misc":{"Written by":"CBTI Team","Est. reading time":"3 minutes"},"schema":{"@context":"https:\/\/schema.org","@graph":[{"@type":"Article","@id":"https:\/\/www.cbti-bkvt.org\/en\/beedigd-vertalers-en-tolken-een-eerste-succes-voor-de-bkvt\/#article","isPartOf":{"@id":"https:\/\/www.cbti-bkvt.org\/en\/beedigd-vertalers-en-tolken-een-eerste-succes-voor-de-bkvt\/"},"author":{"name":"CBTI Team","@id":"https:\/\/www.cbti-bkvt.org\/en\/#\/schema\/person\/39694e286cbdc709aed8641743fa4591"},"headline":"Be\u00ebdigd vertalers en tolken: een eerste succes voor de BKVT!","datePublished":"2014-02-21T07:00:00+00:00","dateModified":"2024-01-28T08:47:55+00:00","mainEntityOfPage":{"@id":"https:\/\/www.cbti-bkvt.org\/en\/beedigd-vertalers-en-tolken-een-eerste-succes-voor-de-bkvt\/"},"wordCount":388,"commentCount":0,"image":{"@id":"https:\/\/www.cbti-bkvt.org\/en\/beedigd-vertalers-en-tolken-een-eerste-succes-voor-de-bkvt\/#primaryimage"},"thumbnailUrl":"https:\/\/www.cbti-bkvt.org\/wp-content\/uploads\/3756880888_0bc6af2aec_o-5.jpg","articleSection":["Press Releases","Sworn Translators\/Interpreters"],"inLanguage":"en-US","potentialAction":[{"@type":"CommentAction","name":"Comment","target":["https:\/\/www.cbti-bkvt.org\/en\/beedigd-vertalers-en-tolken-een-eerste-succes-voor-de-bkvt\/#respond"]}]},{"@type":"WebPage","@id":"https:\/\/www.cbti-bkvt.org\/en\/beedigd-vertalers-en-tolken-een-eerste-succes-voor-de-bkvt\/","url":"https:\/\/www.cbti-bkvt.org\/en\/beedigd-vertalers-en-tolken-een-eerste-succes-voor-de-bkvt\/","name":"Be\u00ebdigd vertalers en tolken: een eerste succes voor de BKVT! - Chambre Belge des Traducteurs et Interpr\u00e8tes | Belgische Kamer van Vertalers en Tolken","isPartOf":{"@id":"https:\/\/www.cbti-bkvt.org\/en\/#website"},"primaryImageOfPage":{"@id":"https:\/\/www.cbti-bkvt.org\/en\/beedigd-vertalers-en-tolken-een-eerste-succes-voor-de-bkvt\/#primaryimage"},"image":{"@id":"https:\/\/www.cbti-bkvt.org\/en\/beedigd-vertalers-en-tolken-een-eerste-succes-voor-de-bkvt\/#primaryimage"},"thumbnailUrl":"https:\/\/www.cbti-bkvt.org\/wp-content\/uploads\/3756880888_0bc6af2aec_o-5.jpg","datePublished":"2014-02-21T07:00:00+00:00","dateModified":"2024-01-28T08:47:55+00:00","author":{"@id":"https:\/\/www.cbti-bkvt.org\/en\/#\/schema\/person\/39694e286cbdc709aed8641743fa4591"},"breadcrumb":{"@id":"https:\/\/www.cbti-bkvt.org\/en\/beedigd-vertalers-en-tolken-een-eerste-succes-voor-de-bkvt\/#breadcrumb"},"inLanguage":"en-US","potentialAction":[{"@type":"ReadAction","target":["https:\/\/www.cbti-bkvt.org\/en\/beedigd-vertalers-en-tolken-een-eerste-succes-voor-de-bkvt\/"]}]},{"@type":"ImageObject","inLanguage":"en-US","@id":"https:\/\/www.cbti-bkvt.org\/en\/beedigd-vertalers-en-tolken-een-eerste-succes-voor-de-bkvt\/#primaryimage","url":"https:\/\/www.cbti-bkvt.org\/wp-content\/uploads\/3756880888_0bc6af2aec_o-5.jpg","contentUrl":"https:\/\/www.cbti-bkvt.org\/wp-content\/uploads\/3756880888_0bc6af2aec_o-5.jpg","width":1494,"height":996},{"@type":"BreadcrumbList","@id":"https:\/\/www.cbti-bkvt.org\/en\/beedigd-vertalers-en-tolken-een-eerste-succes-voor-de-bkvt\/#breadcrumb","itemListElement":[{"@type":"ListItem","position":1,"name":"Home","item":"https:\/\/www.cbti-bkvt.org\/en\/"},{"@type":"ListItem","position":2,"name":"Be\u00ebdigd vertalers en tolken: een eerste succes voor de BKVT!"}]},{"@type":"WebSite","@id":"https:\/\/www.cbti-bkvt.org\/en\/#website","url":"https:\/\/www.cbti-bkvt.org\/en\/","name":"Chambre Belge des Traducteurs et Interpr\u00e8tes | Belgische Kamer van Vertalers en Tolken","description":"M\u00e9tiers de la traduction \u00e9crite, l\u2019interpr\u00e9tation de conf\u00e9rence, la traduction et l\u2019interpr\u00e9tation en milieu judiciaire.","potentialAction":[{"@type":"SearchAction","target":{"@type":"EntryPoint","urlTemplate":"https:\/\/www.cbti-bkvt.org\/en\/?s={search_term_string}"},"query-input":{"@type":"PropertyValueSpecification","valueRequired":true,"valueName":"search_term_string"}}],"inLanguage":"en-US"},{"@type":"Person","@id":"https:\/\/www.cbti-bkvt.org\/en\/#\/schema\/person\/39694e286cbdc709aed8641743fa4591","name":"CBTI Team","image":{"@type":"ImageObject","inLanguage":"en-US","@id":"https:\/\/secure.gravatar.com\/avatar\/46840e5c253419e7ddd36cf1b42202f1266a0347bb63a6b4f82b38f71ada6150?s=96&d=mm&r=g","url":"https:\/\/secure.gravatar.com\/avatar\/46840e5c253419e7ddd36cf1b42202f1266a0347bb63a6b4f82b38f71ada6150?s=96&d=mm&r=g","contentUrl":"https:\/\/secure.gravatar.com\/avatar\/46840e5c253419e7ddd36cf1b42202f1266a0347bb63a6b4f82b38f71ada6150?s=96&d=mm&r=g","caption":"CBTI Team"},"sameAs":["http:\/\/www.cbti-bkvt.org"],"url":"https:\/\/www.cbti-bkvt.org\/en\/author\/cbtitrad__gestion\/"}]}},"_links":{"self":[{"href":"https:\/\/www.cbti-bkvt.org\/en\/wp-json\/wp\/v2\/posts\/25638","targetHints":{"allow":["GET"]}}],"collection":[{"href":"https:\/\/www.cbti-bkvt.org\/en\/wp-json\/wp\/v2\/posts"}],"about":[{"href":"https:\/\/www.cbti-bkvt.org\/en\/wp-json\/wp\/v2\/types\/post"}],"author":[{"embeddable":true,"href":"https:\/\/www.cbti-bkvt.org\/en\/wp-json\/wp\/v2\/users\/1"}],"replies":[{"embeddable":true,"href":"https:\/\/www.cbti-bkvt.org\/en\/wp-json\/wp\/v2\/comments?post=25638"}],"version-history":[{"count":1,"href":"https:\/\/www.cbti-bkvt.org\/en\/wp-json\/wp\/v2\/posts\/25638\/revisions"}],"predecessor-version":[{"id":27533,"href":"https:\/\/www.cbti-bkvt.org\/en\/wp-json\/wp\/v2\/posts\/25638\/revisions\/27533"}],"wp:featuredmedia":[{"embeddable":true,"href":"https:\/\/www.cbti-bkvt.org\/en\/wp-json\/wp\/v2\/media\/8557"}],"wp:attachment":[{"href":"https:\/\/www.cbti-bkvt.org\/en\/wp-json\/wp\/v2\/media?parent=25638"}],"wp:term":[{"taxonomy":"category","embeddable":true,"href":"https:\/\/www.cbti-bkvt.org\/en\/wp-json\/wp\/v2\/categories?post=25638"},{"taxonomy":"post_tag","embeddable":true,"href":"https:\/\/www.cbti-bkvt.org\/en\/wp-json\/wp\/v2\/tags?post=25638"}],"curies":[{"name":"wp","href":"https:\/\/api.w.org\/{rel}","templated":true}]}}