{"id":25727,"date":"2015-03-20T19:00:00","date_gmt":"2015-03-20T19:00:00","guid":{"rendered":"https:\/\/www.cbti-bkvt.org\/toespraak-van-doris-grollmann-op-de-alarmdag\/"},"modified":"2024-01-27T14:25:38","modified_gmt":"2024-01-27T14:25:38","slug":"toespraak-van-doris-grollmann-op-de-alarmdag","status":"publish","type":"post","link":"https:\/\/www.cbti-bkvt.org\/en\/toespraak-van-doris-grollmann-op-de-alarmdag\/","title":{"rendered":"Toespraak van Doris Grollmann op de alarmdag"},"content":{"rendered":"<blockquote>\n<p>Toespraak van <strong>Doris Grollmann<\/strong> op de alarmdag<\/p>\n<\/blockquote>\n<p><em>Geachte dames en heren,<br \/>\nin uw titels, graden en hoedanigheden,<br \/>\nBeste Collega\u2019s,<\/em>  <\/p>\n<p><em>Dag en nacht zijn de be\u00ebdigd vertalers en gerechtstolken aan het werk om ervoor te zorgen dat er in onze multiculturele maatschappij recht kan worden gesproken, en dit over alle taalgrenzen heen. Zo worden de rechten van alle burgers gevrijwaard.<\/em><\/p>\n<p><em>Dit vereist een hoge mate aan professionele taalvaardigheid, betrouwbaarheid, integriteit, onpartijdigheid en discretie, maar ook aan beschikbaarheid. Je zou dan ook verwachten dat de be\u00ebdigd vertalers en gerechtstolken daarvoor billijk en stipt betaald worden. Helaas is noch het een noch het ander het geval.<\/em><\/p>\n<p><em>Het is deontologisch onverantwoord om mensen die zich ten dienste van Justitie stellen zo slecht te betalen dat ze er nauwelijks van kunnen leven. Bovendien worden ze vaak zo laat betaald dat hun overleven in het gedrang komt.<\/em> <\/p>\n<p><em>Daar komt nog bij dat de zelfstandigen onder hen zware boetes opgelegd krijgen als ze niet tijdig de btw betalen op bedragen die ze zelfs nog niet ontvangen hebben! Dat is onrechtvaardig. Daarenboven betaalt de Staat van zijn kant geen nalatigheidsinteresten bij laattijdige betaling van de facturen.<\/em><\/p>\n<p><em>De RICHTLIJN 2010\/64\/EU van het Europees Parlement en de Raad van 20 oktober 2010 betreffende het recht op vertolking en vertaling in strafprocedures, kwam er onder meer op initiatief van Belgi\u00eb. Die richtlijn werd omgezet in Belgisch recht door de wet van 10 april 2014.<\/em><\/p>\n<p><em>Het grote probleem is dat Justitie niet de middelen en de mensen heeft om die wet in de praktijk om te zetten. En toch is deze wet een investering in de toekomst: een nationaal register dat voortdurend bijgewerkt wordt en professionele be\u00ebdigd vertalers en gerechtstolken zouden tot grote tijdsbesparingen en dus ook kostenbesparingen leiden.<\/em><\/p>\n<p><em>Als een Staat zich niet de middelen geeft om zelf de wet na te leven, is het niet verwonderlijk dat de Staat en de burgers van elkaar vervreemden.<\/em><\/p>\n<p><em>De be\u00ebdigd vertalers en de gerechtstolken aanvaarden hun verplichtingen tegenover de Staat en wachten hopelijk niet tevergeefs dat ook de Staat zijn verplichtingen tegenover hen eindelijk nakomt. Ze verkeren in een onaanvaardbare situatie \u2013 net als trouwens de magistraten, hun medewerkers, de advocaten en alle andere experten.<\/em><\/p>\n<p><em>We staan solidair achter de eisen van de andere sprekers. Een goed werkende justitie staat garant voor een gezonde democratie.<\/em><\/p>\n<p><em>Ik dank u voor uw aandacht.<\/em><\/p>\n<p><strong>Doris Grollmann<\/strong><br \/>\nBelgische Kamer van Vertalers en Tolken<\/p>\n<h2>Contact<\/h2>\n<p><strong>Belgische Kamer van Vertalers en Tolken (CBTI-BKVT)<\/strong><br \/>\nMontoyerstraat 24 \/ B12<br \/>\nB-1000 Brussel<br \/>\nTel.: +32 2 513 09 15<br \/>\n<a href=\"mailto:secretariat@cbti-bkvt.org\">secretariat@cbti-bkvt.org<\/a><br \/>\n<a href=\"http:\/\/www.cbti-bkvt.org\">www.cbti-bkvt.org<\/a><\/p>\n\n\n<ul class=\"wp-block-list\">\n<li><a href=\"https:\/\/www.cbti-bkvt.org\/fr\/documents\/152\" target=\"_blank\" rel=\"noreferrer noopener\">\u00a0Journ\u00e9e d&#8217;alerte: dossier d<\/a><a href=\"https:\/\/www.cbti-bkvt.org\/wp-content\/uploads\/268_3__-_PERSMAP_ALARMDAG_20.03.2015-_DOSSIER_DE_PRESSE_JOURNEE_D_ALERTE_20.03.2015.pdf\" target=\"_blank\" rel=\"noreferrer noopener\">e<\/a><a href=\"https:\/\/www.cbti-bkvt.org\/fr\/documents\/152\" target=\"_blank\" rel=\"noreferrer noopener\"> presse \/ Alarmdag: persmap\u00a0<\/a>[PDF]<\/li>\n<\/ul>\n","protected":false},"excerpt":{"rendered":"<p>Toespraak van Doris Grollmann op de alarmdag Geachte dames en heren, in uw titels, graden en hoedanigheden, Beste Collega\u2019s, Dag en nacht zijn de be\u00ebdigd vertalers en gerechtstolken aan het werk om ervoor te zorgen dat er in onze multiculturele maatschappij recht kan worden gesproken, en dit over alle taalgrenzen heen. Zo worden de rechten&hellip;&nbsp;<a href=\"https:\/\/www.cbti-bkvt.org\/en\/toespraak-van-doris-grollmann-op-de-alarmdag\/\" rel=\"bookmark\">Read More &raquo;<span class=\"screen-reader-text\">Toespraak van Doris Grollmann op de alarmdag<\/span><\/a><\/p>\n","protected":false},"author":1,"featured_media":9141,"comment_status":"open","ping_status":"open","sticky":false,"template":"","format":"standard","meta":{"_acf_changed":false,"pmpro_default_level":"","neve_meta_sidebar":"","neve_meta_container":"","neve_meta_enable_content_width":"","neve_meta_content_width":0,"neve_meta_title_alignment":"","neve_meta_author_avatar":"","neve_post_elements_order":"","neve_meta_disable_header":"","neve_meta_disable_footer":"","neve_meta_disable_title":"","neve_meta_reading_time":"","footnotes":"","_links_to":"","_links_to_target":""},"categories":[375,403],"tags":[],"class_list":["post-25727","post","type-post","status-publish","format-standard","has-post-thumbnail","hentry","category-activities","category-sworn-translators-interpreters","pmpro-has-access"],"acf":[],"yoast_head":"<!-- This site is optimized with the Yoast SEO plugin v27.4 - https:\/\/yoast.com\/product\/yoast-seo-wordpress\/ -->\n<title>Chambre Belge des Traducteurs et Interpr\u00e8tes | Belgische Kamer van Vertalers en Tolken<\/title>\n<meta name=\"robots\" content=\"index, follow, max-snippet:-1, max-image-preview:large, max-video-preview:-1\" \/>\n<link rel=\"canonical\" href=\"https:\/\/www.cbti-bkvt.org\/en\/toespraak-van-doris-grollmann-op-de-alarmdag\/\" \/>\n<meta property=\"og:locale\" content=\"en_US\" \/>\n<meta property=\"og:type\" content=\"article\" \/>\n<meta property=\"og:title\" content=\"Toespraak van Doris Grollmann op de alarmdag - Chambre Belge des Traducteurs et Interpr\u00e8tes | Belgische Kamer van Vertalers en Tolken\" \/>\n<meta property=\"og:description\" content=\"Toespraak van Doris Grollmann op de alarmdag Geachte dames en heren, in uw titels, graden en hoedanigheden, Beste Collega\u2019s, Dag en nacht zijn de be\u00ebdigd vertalers en gerechtstolken aan het werk om ervoor te zorgen dat er in onze multiculturele maatschappij recht kan worden gesproken, en dit over alle taalgrenzen heen. Zo worden de rechten&hellip;&nbsp;Read More &raquo;Toespraak van Doris Grollmann op de alarmdag\" \/>\n<meta property=\"og:url\" content=\"https:\/\/www.cbti-bkvt.org\/en\/toespraak-van-doris-grollmann-op-de-alarmdag\/\" \/>\n<meta property=\"og:site_name\" content=\"Chambre Belge des Traducteurs et Interpr\u00e8tes | Belgische Kamer van Vertalers en Tolken\" \/>\n<meta property=\"article:published_time\" content=\"2015-03-20T19:00:00+00:00\" \/>\n<meta property=\"article:modified_time\" content=\"2024-01-27T14:25:38+00:00\" \/>\n<meta property=\"og:image\" content=\"https:\/\/www.cbti-bkvt.org\/wp-content\/uploads\/Palais_de_Justice_Bxl_-_Justitiepaleis_Brussel_mini-7.jpg\" \/>\n\t<meta property=\"og:image:width\" content=\"1000\" \/>\n\t<meta property=\"og:image:height\" content=\"750\" \/>\n\t<meta property=\"og:image:type\" content=\"image\/jpeg\" \/>\n<meta name=\"author\" content=\"CBTI Team\" \/>\n<meta name=\"twitter:card\" content=\"summary_large_image\" \/>\n<meta name=\"twitter:label1\" content=\"Written by\" \/>\n\t<meta name=\"twitter:data1\" content=\"CBTI Team\" \/>\n\t<meta name=\"twitter:label2\" content=\"Est. reading time\" \/>\n\t<meta name=\"twitter:data2\" content=\"2 minutes\" \/>\n<script type=\"application\/ld+json\" class=\"yoast-schema-graph\">{\"@context\":\"https:\\\/\\\/schema.org\",\"@graph\":[{\"@type\":\"Article\",\"@id\":\"https:\\\/\\\/www.cbti-bkvt.org\\\/en\\\/toespraak-van-doris-grollmann-op-de-alarmdag\\\/#article\",\"isPartOf\":{\"@id\":\"https:\\\/\\\/www.cbti-bkvt.org\\\/en\\\/toespraak-van-doris-grollmann-op-de-alarmdag\\\/\"},\"author\":{\"name\":\"CBTI Team\",\"@id\":\"https:\\\/\\\/www.cbti-bkvt.org\\\/en\\\/#\\\/schema\\\/person\\\/39694e286cbdc709aed8641743fa4591\"},\"headline\":\"Toespraak van Doris Grollmann op de alarmdag\",\"datePublished\":\"2015-03-20T19:00:00+00:00\",\"dateModified\":\"2024-01-27T14:25:38+00:00\",\"mainEntityOfPage\":{\"@id\":\"https:\\\/\\\/www.cbti-bkvt.org\\\/en\\\/toespraak-van-doris-grollmann-op-de-alarmdag\\\/\"},\"wordCount\":433,\"commentCount\":0,\"image\":{\"@id\":\"https:\\\/\\\/www.cbti-bkvt.org\\\/en\\\/toespraak-van-doris-grollmann-op-de-alarmdag\\\/#primaryimage\"},\"thumbnailUrl\":\"https:\\\/\\\/www.cbti-bkvt.org\\\/wp-content\\\/uploads\\\/Palais_de_Justice_Bxl_-_Justitiepaleis_Brussel_mini-7.jpg\",\"articleSection\":[\"Activities\",\"Sworn Translators\\\/Interpreters\"],\"inLanguage\":\"en-US\",\"potentialAction\":[{\"@type\":\"CommentAction\",\"name\":\"Comment\",\"target\":[\"https:\\\/\\\/www.cbti-bkvt.org\\\/en\\\/toespraak-van-doris-grollmann-op-de-alarmdag\\\/#respond\"]}]},{\"@type\":\"WebPage\",\"@id\":\"https:\\\/\\\/www.cbti-bkvt.org\\\/en\\\/toespraak-van-doris-grollmann-op-de-alarmdag\\\/\",\"url\":\"https:\\\/\\\/www.cbti-bkvt.org\\\/en\\\/toespraak-van-doris-grollmann-op-de-alarmdag\\\/\",\"name\":\"Toespraak van Doris Grollmann op de alarmdag - Chambre Belge des Traducteurs et Interpr\u00e8tes | Belgische Kamer van Vertalers en Tolken\",\"isPartOf\":{\"@id\":\"https:\\\/\\\/www.cbti-bkvt.org\\\/en\\\/#website\"},\"primaryImageOfPage\":{\"@id\":\"https:\\\/\\\/www.cbti-bkvt.org\\\/en\\\/toespraak-van-doris-grollmann-op-de-alarmdag\\\/#primaryimage\"},\"image\":{\"@id\":\"https:\\\/\\\/www.cbti-bkvt.org\\\/en\\\/toespraak-van-doris-grollmann-op-de-alarmdag\\\/#primaryimage\"},\"thumbnailUrl\":\"https:\\\/\\\/www.cbti-bkvt.org\\\/wp-content\\\/uploads\\\/Palais_de_Justice_Bxl_-_Justitiepaleis_Brussel_mini-7.jpg\",\"datePublished\":\"2015-03-20T19:00:00+00:00\",\"dateModified\":\"2024-01-27T14:25:38+00:00\",\"author\":{\"@id\":\"https:\\\/\\\/www.cbti-bkvt.org\\\/en\\\/#\\\/schema\\\/person\\\/39694e286cbdc709aed8641743fa4591\"},\"breadcrumb\":{\"@id\":\"https:\\\/\\\/www.cbti-bkvt.org\\\/en\\\/toespraak-van-doris-grollmann-op-de-alarmdag\\\/#breadcrumb\"},\"inLanguage\":\"en-US\",\"potentialAction\":[{\"@type\":\"ReadAction\",\"target\":[\"https:\\\/\\\/www.cbti-bkvt.org\\\/en\\\/toespraak-van-doris-grollmann-op-de-alarmdag\\\/\"]}]},{\"@type\":\"ImageObject\",\"inLanguage\":\"en-US\",\"@id\":\"https:\\\/\\\/www.cbti-bkvt.org\\\/en\\\/toespraak-van-doris-grollmann-op-de-alarmdag\\\/#primaryimage\",\"url\":\"https:\\\/\\\/www.cbti-bkvt.org\\\/wp-content\\\/uploads\\\/Palais_de_Justice_Bxl_-_Justitiepaleis_Brussel_mini-7.jpg\",\"contentUrl\":\"https:\\\/\\\/www.cbti-bkvt.org\\\/wp-content\\\/uploads\\\/Palais_de_Justice_Bxl_-_Justitiepaleis_Brussel_mini-7.jpg\",\"width\":1000,\"height\":750},{\"@type\":\"BreadcrumbList\",\"@id\":\"https:\\\/\\\/www.cbti-bkvt.org\\\/en\\\/toespraak-van-doris-grollmann-op-de-alarmdag\\\/#breadcrumb\",\"itemListElement\":[{\"@type\":\"ListItem\",\"position\":1,\"name\":\"Home\",\"item\":\"https:\\\/\\\/www.cbti-bkvt.org\\\/en\\\/\"},{\"@type\":\"ListItem\",\"position\":2,\"name\":\"Toespraak van Doris Grollmann op de alarmdag\"}]},{\"@type\":\"WebSite\",\"@id\":\"https:\\\/\\\/www.cbti-bkvt.org\\\/en\\\/#website\",\"url\":\"https:\\\/\\\/www.cbti-bkvt.org\\\/en\\\/\",\"name\":\"Chambre Belge des Traducteurs et Interpr\u00e8tes | Belgische Kamer van Vertalers en Tolken\",\"description\":\"M\u00e9tiers de la traduction \u00e9crite, l\u2019interpr\u00e9tation de conf\u00e9rence, la traduction et l\u2019interpr\u00e9tation en milieu judiciaire.\",\"potentialAction\":[{\"@type\":\"SearchAction\",\"target\":{\"@type\":\"EntryPoint\",\"urlTemplate\":\"https:\\\/\\\/www.cbti-bkvt.org\\\/en\\\/?s={search_term_string}\"},\"query-input\":{\"@type\":\"PropertyValueSpecification\",\"valueRequired\":true,\"valueName\":\"search_term_string\"}}],\"inLanguage\":\"en-US\"},{\"@type\":\"Person\",\"@id\":\"https:\\\/\\\/www.cbti-bkvt.org\\\/en\\\/#\\\/schema\\\/person\\\/39694e286cbdc709aed8641743fa4591\",\"name\":\"CBTI Team\",\"image\":{\"@type\":\"ImageObject\",\"inLanguage\":\"en-US\",\"@id\":\"https:\\\/\\\/secure.gravatar.com\\\/avatar\\\/46840e5c253419e7ddd36cf1b42202f1266a0347bb63a6b4f82b38f71ada6150?s=96&d=mm&r=g\",\"url\":\"https:\\\/\\\/secure.gravatar.com\\\/avatar\\\/46840e5c253419e7ddd36cf1b42202f1266a0347bb63a6b4f82b38f71ada6150?s=96&d=mm&r=g\",\"contentUrl\":\"https:\\\/\\\/secure.gravatar.com\\\/avatar\\\/46840e5c253419e7ddd36cf1b42202f1266a0347bb63a6b4f82b38f71ada6150?s=96&d=mm&r=g\",\"caption\":\"CBTI Team\"},\"sameAs\":[\"http:\\\/\\\/www.cbti-bkvt.org\"],\"url\":\"https:\\\/\\\/www.cbti-bkvt.org\\\/en\\\/author\\\/cbtitrad__gestion\\\/\"}]}<\/script>\n<!-- \/ Yoast SEO plugin. -->","yoast_head_json":{"title":"Chambre Belge des Traducteurs et Interpr\u00e8tes | Belgische Kamer van Vertalers en Tolken","robots":{"index":"index","follow":"follow","max-snippet":"max-snippet:-1","max-image-preview":"max-image-preview:large","max-video-preview":"max-video-preview:-1"},"canonical":"https:\/\/www.cbti-bkvt.org\/en\/toespraak-van-doris-grollmann-op-de-alarmdag\/","og_locale":"en_US","og_type":"article","og_title":"Toespraak van Doris Grollmann op de alarmdag - Chambre Belge des Traducteurs et Interpr\u00e8tes | Belgische Kamer van Vertalers en Tolken","og_description":"Toespraak van Doris Grollmann op de alarmdag Geachte dames en heren, in uw titels, graden en hoedanigheden, Beste Collega\u2019s, Dag en nacht zijn de be\u00ebdigd vertalers en gerechtstolken aan het werk om ervoor te zorgen dat er in onze multiculturele maatschappij recht kan worden gesproken, en dit over alle taalgrenzen heen. Zo worden de rechten&hellip;&nbsp;Read More &raquo;Toespraak van Doris Grollmann op de alarmdag","og_url":"https:\/\/www.cbti-bkvt.org\/en\/toespraak-van-doris-grollmann-op-de-alarmdag\/","og_site_name":"Chambre Belge des Traducteurs et Interpr\u00e8tes | Belgische Kamer van Vertalers en Tolken","article_published_time":"2015-03-20T19:00:00+00:00","article_modified_time":"2024-01-27T14:25:38+00:00","og_image":[{"width":1000,"height":750,"url":"https:\/\/www.cbti-bkvt.org\/wp-content\/uploads\/Palais_de_Justice_Bxl_-_Justitiepaleis_Brussel_mini-7.jpg","type":"image\/jpeg"}],"author":"CBTI Team","twitter_card":"summary_large_image","twitter_misc":{"Written by":"CBTI Team","Est. reading time":"2 minutes"},"schema":{"@context":"https:\/\/schema.org","@graph":[{"@type":"Article","@id":"https:\/\/www.cbti-bkvt.org\/en\/toespraak-van-doris-grollmann-op-de-alarmdag\/#article","isPartOf":{"@id":"https:\/\/www.cbti-bkvt.org\/en\/toespraak-van-doris-grollmann-op-de-alarmdag\/"},"author":{"name":"CBTI Team","@id":"https:\/\/www.cbti-bkvt.org\/en\/#\/schema\/person\/39694e286cbdc709aed8641743fa4591"},"headline":"Toespraak van Doris Grollmann op de alarmdag","datePublished":"2015-03-20T19:00:00+00:00","dateModified":"2024-01-27T14:25:38+00:00","mainEntityOfPage":{"@id":"https:\/\/www.cbti-bkvt.org\/en\/toespraak-van-doris-grollmann-op-de-alarmdag\/"},"wordCount":433,"commentCount":0,"image":{"@id":"https:\/\/www.cbti-bkvt.org\/en\/toespraak-van-doris-grollmann-op-de-alarmdag\/#primaryimage"},"thumbnailUrl":"https:\/\/www.cbti-bkvt.org\/wp-content\/uploads\/Palais_de_Justice_Bxl_-_Justitiepaleis_Brussel_mini-7.jpg","articleSection":["Activities","Sworn Translators\/Interpreters"],"inLanguage":"en-US","potentialAction":[{"@type":"CommentAction","name":"Comment","target":["https:\/\/www.cbti-bkvt.org\/en\/toespraak-van-doris-grollmann-op-de-alarmdag\/#respond"]}]},{"@type":"WebPage","@id":"https:\/\/www.cbti-bkvt.org\/en\/toespraak-van-doris-grollmann-op-de-alarmdag\/","url":"https:\/\/www.cbti-bkvt.org\/en\/toespraak-van-doris-grollmann-op-de-alarmdag\/","name":"Toespraak van Doris Grollmann op de alarmdag - Chambre Belge des Traducteurs et Interpr\u00e8tes | Belgische Kamer van Vertalers en Tolken","isPartOf":{"@id":"https:\/\/www.cbti-bkvt.org\/en\/#website"},"primaryImageOfPage":{"@id":"https:\/\/www.cbti-bkvt.org\/en\/toespraak-van-doris-grollmann-op-de-alarmdag\/#primaryimage"},"image":{"@id":"https:\/\/www.cbti-bkvt.org\/en\/toespraak-van-doris-grollmann-op-de-alarmdag\/#primaryimage"},"thumbnailUrl":"https:\/\/www.cbti-bkvt.org\/wp-content\/uploads\/Palais_de_Justice_Bxl_-_Justitiepaleis_Brussel_mini-7.jpg","datePublished":"2015-03-20T19:00:00+00:00","dateModified":"2024-01-27T14:25:38+00:00","author":{"@id":"https:\/\/www.cbti-bkvt.org\/en\/#\/schema\/person\/39694e286cbdc709aed8641743fa4591"},"breadcrumb":{"@id":"https:\/\/www.cbti-bkvt.org\/en\/toespraak-van-doris-grollmann-op-de-alarmdag\/#breadcrumb"},"inLanguage":"en-US","potentialAction":[{"@type":"ReadAction","target":["https:\/\/www.cbti-bkvt.org\/en\/toespraak-van-doris-grollmann-op-de-alarmdag\/"]}]},{"@type":"ImageObject","inLanguage":"en-US","@id":"https:\/\/www.cbti-bkvt.org\/en\/toespraak-van-doris-grollmann-op-de-alarmdag\/#primaryimage","url":"https:\/\/www.cbti-bkvt.org\/wp-content\/uploads\/Palais_de_Justice_Bxl_-_Justitiepaleis_Brussel_mini-7.jpg","contentUrl":"https:\/\/www.cbti-bkvt.org\/wp-content\/uploads\/Palais_de_Justice_Bxl_-_Justitiepaleis_Brussel_mini-7.jpg","width":1000,"height":750},{"@type":"BreadcrumbList","@id":"https:\/\/www.cbti-bkvt.org\/en\/toespraak-van-doris-grollmann-op-de-alarmdag\/#breadcrumb","itemListElement":[{"@type":"ListItem","position":1,"name":"Home","item":"https:\/\/www.cbti-bkvt.org\/en\/"},{"@type":"ListItem","position":2,"name":"Toespraak van Doris Grollmann op de alarmdag"}]},{"@type":"WebSite","@id":"https:\/\/www.cbti-bkvt.org\/en\/#website","url":"https:\/\/www.cbti-bkvt.org\/en\/","name":"Chambre Belge des Traducteurs et Interpr\u00e8tes | Belgische Kamer van Vertalers en Tolken","description":"M\u00e9tiers de la traduction \u00e9crite, l\u2019interpr\u00e9tation de conf\u00e9rence, la traduction et l\u2019interpr\u00e9tation en milieu judiciaire.","potentialAction":[{"@type":"SearchAction","target":{"@type":"EntryPoint","urlTemplate":"https:\/\/www.cbti-bkvt.org\/en\/?s={search_term_string}"},"query-input":{"@type":"PropertyValueSpecification","valueRequired":true,"valueName":"search_term_string"}}],"inLanguage":"en-US"},{"@type":"Person","@id":"https:\/\/www.cbti-bkvt.org\/en\/#\/schema\/person\/39694e286cbdc709aed8641743fa4591","name":"CBTI Team","image":{"@type":"ImageObject","inLanguage":"en-US","@id":"https:\/\/secure.gravatar.com\/avatar\/46840e5c253419e7ddd36cf1b42202f1266a0347bb63a6b4f82b38f71ada6150?s=96&d=mm&r=g","url":"https:\/\/secure.gravatar.com\/avatar\/46840e5c253419e7ddd36cf1b42202f1266a0347bb63a6b4f82b38f71ada6150?s=96&d=mm&r=g","contentUrl":"https:\/\/secure.gravatar.com\/avatar\/46840e5c253419e7ddd36cf1b42202f1266a0347bb63a6b4f82b38f71ada6150?s=96&d=mm&r=g","caption":"CBTI Team"},"sameAs":["http:\/\/www.cbti-bkvt.org"],"url":"https:\/\/www.cbti-bkvt.org\/en\/author\/cbtitrad__gestion\/"}]}},"_links":{"self":[{"href":"https:\/\/www.cbti-bkvt.org\/en\/wp-json\/wp\/v2\/posts\/25727","targetHints":{"allow":["GET"]}}],"collection":[{"href":"https:\/\/www.cbti-bkvt.org\/en\/wp-json\/wp\/v2\/posts"}],"about":[{"href":"https:\/\/www.cbti-bkvt.org\/en\/wp-json\/wp\/v2\/types\/post"}],"author":[{"embeddable":true,"href":"https:\/\/www.cbti-bkvt.org\/en\/wp-json\/wp\/v2\/users\/1"}],"replies":[{"embeddable":true,"href":"https:\/\/www.cbti-bkvt.org\/en\/wp-json\/wp\/v2\/comments?post=25727"}],"version-history":[{"count":1,"href":"https:\/\/www.cbti-bkvt.org\/en\/wp-json\/wp\/v2\/posts\/25727\/revisions"}],"predecessor-version":[{"id":27410,"href":"https:\/\/www.cbti-bkvt.org\/en\/wp-json\/wp\/v2\/posts\/25727\/revisions\/27410"}],"wp:featuredmedia":[{"embeddable":true,"href":"https:\/\/www.cbti-bkvt.org\/en\/wp-json\/wp\/v2\/media\/9141"}],"wp:attachment":[{"href":"https:\/\/www.cbti-bkvt.org\/en\/wp-json\/wp\/v2\/media?parent=25727"}],"wp:term":[{"taxonomy":"category","embeddable":true,"href":"https:\/\/www.cbti-bkvt.org\/en\/wp-json\/wp\/v2\/categories?post=25727"},{"taxonomy":"post_tag","embeddable":true,"href":"https:\/\/www.cbti-bkvt.org\/en\/wp-json\/wp\/v2\/tags?post=25727"}],"curies":[{"name":"wp","href":"https:\/\/api.w.org\/{rel}","templated":true}]}}