{"id":25776,"date":"2016-02-12T06:30:00","date_gmt":"2016-02-12T06:30:00","guid":{"rendered":"https:\/\/www.cbti-bkvt.org\/beedigd-vertalers-en-tolken-de-bkvt-doet-een-beroep-op-de-hoge-raad-voor-zelfstandigen-en-kmos-om-het-project-van-minister-geens-bij-te-stellen\/"},"modified":"2024-01-27T12:38:45","modified_gmt":"2024-01-27T12:38:45","slug":"beedigd-vertalers-en-tolken-de-bkvt-doet-een-beroep-op-de-hoge-raad-voor-zelfstandigen-en-kmos-om-het-project-van-minister-geens-bij-te-stellen","status":"publish","type":"post","link":"https:\/\/www.cbti-bkvt.org\/en\/beedigd-vertalers-en-tolken-de-bkvt-doet-een-beroep-op-de-hoge-raad-voor-zelfstandigen-en-kmos-om-het-project-van-minister-geens-bij-te-stellen\/","title":{"rendered":"Be\u00ebdigd vertalers en tolken: de BKVT doet een beroep op de Hoge Raad voor Zelfstandigen en KMO\u2019s om het project van Minister Geens bij te stellen"},"content":{"rendered":"<p><strong>Brussel, 11 februari 2016 \u2013 Omdat zij diep verontwaardigd was over de voorstellen vanwege het kabinet van de minister van Justitie met het oog op de herwaardering van het beroep, heeft de Belgische Kamer van Vertalers en Tolken (BKVT) aan de Hoge Raad voor Zelfstandigen en KMO\u2019s gevraagd om een advies uit te brengen met betrekking tot het project voor tarifering dat werd voorgesteld door het kabinet van de minister van Justitie. Het resultaat is overduidelijk. Het vormt de perfecte basis om Belgi\u00eb de status te verlenen van een \u201cfailed state\u201d.<\/strong><\/p>\n<p>Korte tijd na zijn benoeming tot minister van Justitie kondigde Koen Geens aan dat hij de vertegenwoordigers van de be\u00ebdigd vertalers en tolken zou uitnodigen aan de onderhandelingstafel om de uitvoeringsbesluiten voor de Wet van 10 april 2014 met het oog op de oprichting van een nationaal register voor be\u00ebdigd vertalers, tolken en vertalers-tolken voor te bereiden, die werd gestemd op initiatief van de Belgische Kamer van Vertalers en Tolken. De minister beweerde eveneens dat hij de werkomstandigheden en de zorgelijke financi\u00eble situatie van deze onmisbare actoren binnen de juridische wereld wilde verbeteren. Een groot aantal van hen bevindt zich vandaag de dag in een hachelijke positie.<\/p>\n<p>De situatie is zo ernstig dat de juridische wereld gevaar loopt om binnen afzienbare tijd zonder be\u00ebdigd vertalers en tolken te zitten, hoewel het recht op vertaling of vertolking een fundamenteel recht is dat niet kan worden overtreden. Als de be\u00ebdigd vertalers en tolken van het toneel zouden verdwijnen leidt dat zonder meer tot de verlamming van het volledige justiti\u00eble apparaat, dat immers zaken moet behandelen in verscheidene talen. Het directe gevolg is een stortvloed aan vrijlatingen van verdachten, een reeks uitstellen sine die van processen of ook nog de onmogelijkheid van telefoontap. In deze tijden van terreurdreigingen geeft deze impasse meer dan voldoende redenen om bezorgd te zijn.<\/p>\n<p>Al deze sombere vooruitzichten ten spijt moeten wij vaststellen dat de meer dan redelijke eisen van de vertegenwoordigers van de sector door de minister van tafel werden geveegd. Het is heel duidelijk dat de minister niet de bedoeling heeft om ook maar iets te ondernemen om zijn taalexperts te bevrijden uit een situatie die veel weg heeft van economische uitbuiting. De voorgestelde tarieven zorgen er immers voor dat de dienstverleners blijven vastzitten in een zorgwekkende situatie, op de rand van het faillissement, om nog maar te zwijgen van de ongefundeerde discriminatie van sommige dienstverleners op grond van hun werktalen.<\/p>\n<p>De Belgische Kamer van Vertaler en Tolken (BKVT) is behoorlijk verontwaardigd over de voorstellen vanwege het kabinet van de minister van Justitie met het oog op de herwaardering van het beroep. Daarom heeft ze aan de Hoge Raad voor Zelfstandigen en KMO\u2019s gevraagd om een standpunt te formuleren met betrekking tot het project voor tarifering dat werd voorgesteld door het kabinet van de minister van Justitie. Het resultaat is overduidelijk (zie <a href=\"http:\/\/tinyurl.com\/gup39hh\">http:\/\/tinyurl.com\/gup39hh<\/a>). De HRZKMO neemt de gelegenheid te baat om onder andere aan te stippen dat het \u201cdaarom noodzakelijk is om tarieven op te stellen die de beroepsbeoefenaar, die steeds zijn beroep als zelfstandige uitoefent, toelaat te overleven.\u201d<\/p>\n<p>\u201cDit advies vanwege de HRZKMO, een orgaan waarvan de neutraliteit en de betrouwbaarheid buiten kijf staan, toont duidelijk aan dat het Koninklijk Besluit dat door het kabinet van de minister van Justitie wordt voorbereid, noch de vertalers en tolken, noch de geest van Wet van 2014 respecteert en dat we regelrecht afstevenen op een ware catastrofe. Wij hopen dat dit advies het kabinet van de minister van Justitie zal wakker schudden en zal doen inzien dat ze op de verkeerde weg zitten\u201d verklaart Doris Grollmann, voorzitter van de commissie van be\u00ebdigd vertalers en tolken van de BKVT.<\/p>\n<p>\u201cWij slaken een laatste noodkreet en hopen dat de heer Koen Geens die hoort en dringend persoonlijk contact opneemt voor een gesprek met de vertegenwoordigers van de sector om tarieven uit te werken die het mogelijk maken dat be\u00ebdigd vertalers en tolken gewoonweg waardig kunnen leven. Anders wordt Belgi\u00eb morgen een rechteloos land.\u201d<\/p>\n<h3>De BKVT<\/h3>\n<p>De Belgische Kamer van Vertalers en Tolken, die in 1955 werd opgericht, is een koninklijke vereniging zonder winstoogmerk. Het is de enige beroepsvereniging die vertalers en tolken uit heel Belgi\u00eb samenbrengt en vertegenwoordigt bij de Hoge Raad voor de Zelfstandigen en de KMO. De BKVT heeft tot doel natuurlijke personen die een beroep uitoefenen dat rechtstreeks verband houdt met vertaal- of tolkwerk, te groeperen, hun wederzijdse belangen te verdedigen, de professionele kennis te vervolmaken door middel van permanente vorming, het prestige te verhogen van de beroepen die onder de statuten vallen en de collectieve beroepsbelangen van de leden te verdedigen. Meer info op: <a href=\"http:\/\/www.cbti-bkvt.org\">www.cbti-bkvt.org<\/a><\/p>\n<h3>Contact<\/h3>\n<p><strong>Belgische Kamer van Vertalers en Tolken (BKVT)<\/strong><br \/>\nMontoyerstraat 24 \/ B12<br \/>\nB-1000 Brussel<br \/>\nTel.: 02-513 09 15<br \/>\n<a href=\"mailto:secretariat@cbti-bkvt.org\">secretariat@cbti-bkvt.org<\/a><br \/>\n<a href=\"http:\/\/www.cbti-bkvt.org\">www.cbti-bkvt.org<\/a><\/p>\n<p>Doris Grollmann (commissie be\u00ebdigd vertalers) : 0473\/712177 of <a href=\"mailto:jur@cbti-bkvt.org\">jur@cbti-bkvt.org<\/a><br \/>\nRita Roggen (voorzitter) : 0475\/693120 of <a href=\"mailto:president@cbti-bkvt.org\">president@cbti-bkvt.org<\/a><\/p>\n\n\n<ul class=\"wp-block-list\">\n<li><a href=\"https:\/\/www.cbti-bkvt.org\/fr\/documents\/188\" target=\"_blank\" rel=\"noreferrer noopener\">Persbericht &#8211; Be\u00ebdigd vertalers en tolken &#8211; D<\/a><a href=\"https:\/\/www.cbti-bkvt.org\/wp-content\/uploads\/NL__Persbericht_-_Be_digd_vertalers_en_tolken_-_De_BKVT_doet_een_beroep_op_de_Hoge_Raad_voor_Zelfstandigen_en_KMOs_om_het_project_van_Minister_Geens_bij_te_stellen.pdf\" target=\"_blank\" rel=\"noreferrer noopener\">e<\/a><a href=\"https:\/\/www.cbti-bkvt.org\/fr\/documents\/188\" target=\"_blank\" rel=\"noreferrer noopener\"> BKVT doet een beroep op de Hoge Raad voor Zelfstandigen en KMOs om het project van Minister Geens bij te stellen\u00a0<\/a>[PDF]<\/li>\n<\/ul>\n","protected":false},"excerpt":{"rendered":"<p>Brussel, 11 februari 2016 \u2013 Omdat zij diep verontwaardigd was over de voorstellen vanwege het kabinet van de minister van Justitie met het oog op de herwaardering van het beroep, heeft de Belgische Kamer van Vertalers en Tolken (BKVT) aan de Hoge Raad voor Zelfstandigen en KMO\u2019s gevraagd om een advies uit te brengen met&hellip;&nbsp;<a href=\"https:\/\/www.cbti-bkvt.org\/en\/beedigd-vertalers-en-tolken-de-bkvt-doet-een-beroep-op-de-hoge-raad-voor-zelfstandigen-en-kmos-om-het-project-van-minister-geens-bij-te-stellen\/\" rel=\"bookmark\">Read More &raquo;<span class=\"screen-reader-text\">Be\u00ebdigd vertalers en tolken: de BKVT doet een beroep op de Hoge Raad voor Zelfstandigen en KMO\u2019s om het project van Minister Geens bij te stellen<\/span><\/a><\/p>\n","protected":false},"author":1,"featured_media":9341,"comment_status":"open","ping_status":"open","sticky":false,"template":"","format":"standard","meta":{"_acf_changed":false,"pmpro_default_level":"","neve_meta_sidebar":"","neve_meta_container":"","neve_meta_enable_content_width":"","neve_meta_content_width":0,"neve_meta_title_alignment":"","neve_meta_author_avatar":"","neve_post_elements_order":"","neve_meta_disable_header":"","neve_meta_disable_footer":"","neve_meta_disable_title":"","neve_meta_reading_time":"","footnotes":"","_links_to":"","_links_to_target":""},"categories":[381,403],"tags":[],"class_list":["post-25776","post","type-post","status-publish","format-standard","has-post-thumbnail","hentry","category-press-releases","category-sworn-translators-interpreters","pmpro-has-access"],"acf":[],"yoast_head":"<!-- This site is optimized with the Yoast SEO plugin v27.4 - https:\/\/yoast.com\/product\/yoast-seo-wordpress\/ -->\n<title>Chambre Belge des Traducteurs et Interpr\u00e8tes | Belgische Kamer van Vertalers en Tolken<\/title>\n<meta name=\"robots\" content=\"index, follow, max-snippet:-1, max-image-preview:large, max-video-preview:-1\" \/>\n<link rel=\"canonical\" href=\"https:\/\/www.cbti-bkvt.org\/en\/beedigd-vertalers-en-tolken-de-bkvt-doet-een-beroep-op-de-hoge-raad-voor-zelfstandigen-en-kmos-om-het-project-van-minister-geens-bij-te-stellen\/\" \/>\n<meta property=\"og:locale\" content=\"en_US\" \/>\n<meta property=\"og:type\" content=\"article\" \/>\n<meta property=\"og:title\" content=\"Be\u00ebdigd vertalers en tolken: de BKVT doet een beroep op de Hoge Raad voor Zelfstandigen en KMO\u2019s om het project van Minister Geens bij te stellen - Chambre Belge des Traducteurs et Interpr\u00e8tes | Belgische Kamer van Vertalers en Tolken\" \/>\n<meta property=\"og:description\" content=\"Brussel, 11 februari 2016 \u2013 Omdat zij diep verontwaardigd was over de voorstellen vanwege het kabinet van de minister van Justitie met het oog op de herwaardering van het beroep, heeft de Belgische Kamer van Vertalers en Tolken (BKVT) aan de Hoge Raad voor Zelfstandigen en KMO\u2019s gevraagd om een advies uit te brengen met&hellip;&nbsp;Read More &raquo;Be\u00ebdigd vertalers en tolken: de BKVT doet een beroep op de Hoge Raad voor Zelfstandigen en KMO\u2019s om het project van Minister Geens bij te stellen\" \/>\n<meta property=\"og:url\" content=\"https:\/\/www.cbti-bkvt.org\/en\/beedigd-vertalers-en-tolken-de-bkvt-doet-een-beroep-op-de-hoge-raad-voor-zelfstandigen-en-kmos-om-het-project-van-minister-geens-bij-te-stellen\/\" \/>\n<meta property=\"og:site_name\" content=\"Chambre Belge des Traducteurs et Interpr\u00e8tes | Belgische Kamer van Vertalers en Tolken\" \/>\n<meta property=\"article:published_time\" content=\"2016-02-12T06:30:00+00:00\" \/>\n<meta property=\"article:modified_time\" content=\"2024-01-27T12:38:45+00:00\" \/>\n<meta property=\"og:image\" content=\"https:\/\/www.cbti-bkvt.org\/wp-content\/uploads\/justice-147214_960_720_mini-2.jpg\" \/>\n\t<meta property=\"og:image:width\" content=\"1000\" \/>\n\t<meta property=\"og:image:height\" content=\"668\" \/>\n\t<meta property=\"og:image:type\" content=\"image\/jpeg\" \/>\n<meta name=\"author\" content=\"CBTI Team\" \/>\n<meta name=\"twitter:card\" content=\"summary_large_image\" \/>\n<meta name=\"twitter:label1\" content=\"Written by\" \/>\n\t<meta name=\"twitter:data1\" content=\"CBTI Team\" \/>\n\t<meta name=\"twitter:label2\" content=\"Est. reading time\" \/>\n\t<meta name=\"twitter:data2\" content=\"4 minutes\" \/>\n<script type=\"application\/ld+json\" class=\"yoast-schema-graph\">{\"@context\":\"https:\\\/\\\/schema.org\",\"@graph\":[{\"@type\":\"Article\",\"@id\":\"https:\\\/\\\/www.cbti-bkvt.org\\\/en\\\/beedigd-vertalers-en-tolken-de-bkvt-doet-een-beroep-op-de-hoge-raad-voor-zelfstandigen-en-kmos-om-het-project-van-minister-geens-bij-te-stellen\\\/#article\",\"isPartOf\":{\"@id\":\"https:\\\/\\\/www.cbti-bkvt.org\\\/en\\\/beedigd-vertalers-en-tolken-de-bkvt-doet-een-beroep-op-de-hoge-raad-voor-zelfstandigen-en-kmos-om-het-project-van-minister-geens-bij-te-stellen\\\/\"},\"author\":{\"name\":\"CBTI Team\",\"@id\":\"https:\\\/\\\/www.cbti-bkvt.org\\\/en\\\/#\\\/schema\\\/person\\\/39694e286cbdc709aed8641743fa4591\"},\"headline\":\"Be\u00ebdigd vertalers en tolken: de BKVT doet een beroep op de Hoge Raad voor Zelfstandigen en KMO\u2019s om het project van Minister Geens bij te stellen\",\"datePublished\":\"2016-02-12T06:30:00+00:00\",\"dateModified\":\"2024-01-27T12:38:45+00:00\",\"mainEntityOfPage\":{\"@id\":\"https:\\\/\\\/www.cbti-bkvt.org\\\/en\\\/beedigd-vertalers-en-tolken-de-bkvt-doet-een-beroep-op-de-hoge-raad-voor-zelfstandigen-en-kmos-om-het-project-van-minister-geens-bij-te-stellen\\\/\"},\"wordCount\":876,\"commentCount\":0,\"image\":{\"@id\":\"https:\\\/\\\/www.cbti-bkvt.org\\\/en\\\/beedigd-vertalers-en-tolken-de-bkvt-doet-een-beroep-op-de-hoge-raad-voor-zelfstandigen-en-kmos-om-het-project-van-minister-geens-bij-te-stellen\\\/#primaryimage\"},\"thumbnailUrl\":\"https:\\\/\\\/www.cbti-bkvt.org\\\/wp-content\\\/uploads\\\/justice-147214_960_720_mini-2.jpg\",\"articleSection\":[\"Press Releases\",\"Sworn Translators\\\/Interpreters\"],\"inLanguage\":\"en-US\",\"potentialAction\":[{\"@type\":\"CommentAction\",\"name\":\"Comment\",\"target\":[\"https:\\\/\\\/www.cbti-bkvt.org\\\/en\\\/beedigd-vertalers-en-tolken-de-bkvt-doet-een-beroep-op-de-hoge-raad-voor-zelfstandigen-en-kmos-om-het-project-van-minister-geens-bij-te-stellen\\\/#respond\"]}]},{\"@type\":\"WebPage\",\"@id\":\"https:\\\/\\\/www.cbti-bkvt.org\\\/en\\\/beedigd-vertalers-en-tolken-de-bkvt-doet-een-beroep-op-de-hoge-raad-voor-zelfstandigen-en-kmos-om-het-project-van-minister-geens-bij-te-stellen\\\/\",\"url\":\"https:\\\/\\\/www.cbti-bkvt.org\\\/en\\\/beedigd-vertalers-en-tolken-de-bkvt-doet-een-beroep-op-de-hoge-raad-voor-zelfstandigen-en-kmos-om-het-project-van-minister-geens-bij-te-stellen\\\/\",\"name\":\"Be\u00ebdigd vertalers en tolken: de BKVT doet een beroep op de Hoge Raad voor Zelfstandigen en KMO\u2019s om het project van Minister Geens bij te stellen - Chambre Belge des Traducteurs et Interpr\u00e8tes | Belgische Kamer van Vertalers en Tolken\",\"isPartOf\":{\"@id\":\"https:\\\/\\\/www.cbti-bkvt.org\\\/en\\\/#website\"},\"primaryImageOfPage\":{\"@id\":\"https:\\\/\\\/www.cbti-bkvt.org\\\/en\\\/beedigd-vertalers-en-tolken-de-bkvt-doet-een-beroep-op-de-hoge-raad-voor-zelfstandigen-en-kmos-om-het-project-van-minister-geens-bij-te-stellen\\\/#primaryimage\"},\"image\":{\"@id\":\"https:\\\/\\\/www.cbti-bkvt.org\\\/en\\\/beedigd-vertalers-en-tolken-de-bkvt-doet-een-beroep-op-de-hoge-raad-voor-zelfstandigen-en-kmos-om-het-project-van-minister-geens-bij-te-stellen\\\/#primaryimage\"},\"thumbnailUrl\":\"https:\\\/\\\/www.cbti-bkvt.org\\\/wp-content\\\/uploads\\\/justice-147214_960_720_mini-2.jpg\",\"datePublished\":\"2016-02-12T06:30:00+00:00\",\"dateModified\":\"2024-01-27T12:38:45+00:00\",\"author\":{\"@id\":\"https:\\\/\\\/www.cbti-bkvt.org\\\/en\\\/#\\\/schema\\\/person\\\/39694e286cbdc709aed8641743fa4591\"},\"breadcrumb\":{\"@id\":\"https:\\\/\\\/www.cbti-bkvt.org\\\/en\\\/beedigd-vertalers-en-tolken-de-bkvt-doet-een-beroep-op-de-hoge-raad-voor-zelfstandigen-en-kmos-om-het-project-van-minister-geens-bij-te-stellen\\\/#breadcrumb\"},\"inLanguage\":\"en-US\",\"potentialAction\":[{\"@type\":\"ReadAction\",\"target\":[\"https:\\\/\\\/www.cbti-bkvt.org\\\/en\\\/beedigd-vertalers-en-tolken-de-bkvt-doet-een-beroep-op-de-hoge-raad-voor-zelfstandigen-en-kmos-om-het-project-van-minister-geens-bij-te-stellen\\\/\"]}]},{\"@type\":\"ImageObject\",\"inLanguage\":\"en-US\",\"@id\":\"https:\\\/\\\/www.cbti-bkvt.org\\\/en\\\/beedigd-vertalers-en-tolken-de-bkvt-doet-een-beroep-op-de-hoge-raad-voor-zelfstandigen-en-kmos-om-het-project-van-minister-geens-bij-te-stellen\\\/#primaryimage\",\"url\":\"https:\\\/\\\/www.cbti-bkvt.org\\\/wp-content\\\/uploads\\\/justice-147214_960_720_mini-2.jpg\",\"contentUrl\":\"https:\\\/\\\/www.cbti-bkvt.org\\\/wp-content\\\/uploads\\\/justice-147214_960_720_mini-2.jpg\",\"width\":1000,\"height\":668},{\"@type\":\"BreadcrumbList\",\"@id\":\"https:\\\/\\\/www.cbti-bkvt.org\\\/en\\\/beedigd-vertalers-en-tolken-de-bkvt-doet-een-beroep-op-de-hoge-raad-voor-zelfstandigen-en-kmos-om-het-project-van-minister-geens-bij-te-stellen\\\/#breadcrumb\",\"itemListElement\":[{\"@type\":\"ListItem\",\"position\":1,\"name\":\"Home\",\"item\":\"https:\\\/\\\/www.cbti-bkvt.org\\\/en\\\/\"},{\"@type\":\"ListItem\",\"position\":2,\"name\":\"Be\u00ebdigd vertalers en tolken: de BKVT doet een beroep op de Hoge Raad voor Zelfstandigen en KMO\u2019s om het project van Minister Geens bij te stellen\"}]},{\"@type\":\"WebSite\",\"@id\":\"https:\\\/\\\/www.cbti-bkvt.org\\\/en\\\/#website\",\"url\":\"https:\\\/\\\/www.cbti-bkvt.org\\\/en\\\/\",\"name\":\"Chambre Belge des Traducteurs et Interpr\u00e8tes | Belgische Kamer van Vertalers en Tolken\",\"description\":\"M\u00e9tiers de la traduction \u00e9crite, l\u2019interpr\u00e9tation de conf\u00e9rence, la traduction et l\u2019interpr\u00e9tation en milieu judiciaire.\",\"potentialAction\":[{\"@type\":\"SearchAction\",\"target\":{\"@type\":\"EntryPoint\",\"urlTemplate\":\"https:\\\/\\\/www.cbti-bkvt.org\\\/en\\\/?s={search_term_string}\"},\"query-input\":{\"@type\":\"PropertyValueSpecification\",\"valueRequired\":true,\"valueName\":\"search_term_string\"}}],\"inLanguage\":\"en-US\"},{\"@type\":\"Person\",\"@id\":\"https:\\\/\\\/www.cbti-bkvt.org\\\/en\\\/#\\\/schema\\\/person\\\/39694e286cbdc709aed8641743fa4591\",\"name\":\"CBTI Team\",\"image\":{\"@type\":\"ImageObject\",\"inLanguage\":\"en-US\",\"@id\":\"https:\\\/\\\/secure.gravatar.com\\\/avatar\\\/46840e5c253419e7ddd36cf1b42202f1266a0347bb63a6b4f82b38f71ada6150?s=96&d=mm&r=g\",\"url\":\"https:\\\/\\\/secure.gravatar.com\\\/avatar\\\/46840e5c253419e7ddd36cf1b42202f1266a0347bb63a6b4f82b38f71ada6150?s=96&d=mm&r=g\",\"contentUrl\":\"https:\\\/\\\/secure.gravatar.com\\\/avatar\\\/46840e5c253419e7ddd36cf1b42202f1266a0347bb63a6b4f82b38f71ada6150?s=96&d=mm&r=g\",\"caption\":\"CBTI Team\"},\"sameAs\":[\"http:\\\/\\\/www.cbti-bkvt.org\"],\"url\":\"https:\\\/\\\/www.cbti-bkvt.org\\\/en\\\/author\\\/cbtitrad__gestion\\\/\"}]}<\/script>\n<!-- \/ Yoast SEO plugin. -->","yoast_head_json":{"title":"Chambre Belge des Traducteurs et Interpr\u00e8tes | Belgische Kamer van Vertalers en Tolken","robots":{"index":"index","follow":"follow","max-snippet":"max-snippet:-1","max-image-preview":"max-image-preview:large","max-video-preview":"max-video-preview:-1"},"canonical":"https:\/\/www.cbti-bkvt.org\/en\/beedigd-vertalers-en-tolken-de-bkvt-doet-een-beroep-op-de-hoge-raad-voor-zelfstandigen-en-kmos-om-het-project-van-minister-geens-bij-te-stellen\/","og_locale":"en_US","og_type":"article","og_title":"Be\u00ebdigd vertalers en tolken: de BKVT doet een beroep op de Hoge Raad voor Zelfstandigen en KMO\u2019s om het project van Minister Geens bij te stellen - Chambre Belge des Traducteurs et Interpr\u00e8tes | Belgische Kamer van Vertalers en Tolken","og_description":"Brussel, 11 februari 2016 \u2013 Omdat zij diep verontwaardigd was over de voorstellen vanwege het kabinet van de minister van Justitie met het oog op de herwaardering van het beroep, heeft de Belgische Kamer van Vertalers en Tolken (BKVT) aan de Hoge Raad voor Zelfstandigen en KMO\u2019s gevraagd om een advies uit te brengen met&hellip;&nbsp;Read More &raquo;Be\u00ebdigd vertalers en tolken: de BKVT doet een beroep op de Hoge Raad voor Zelfstandigen en KMO\u2019s om het project van Minister Geens bij te stellen","og_url":"https:\/\/www.cbti-bkvt.org\/en\/beedigd-vertalers-en-tolken-de-bkvt-doet-een-beroep-op-de-hoge-raad-voor-zelfstandigen-en-kmos-om-het-project-van-minister-geens-bij-te-stellen\/","og_site_name":"Chambre Belge des Traducteurs et Interpr\u00e8tes | Belgische Kamer van Vertalers en Tolken","article_published_time":"2016-02-12T06:30:00+00:00","article_modified_time":"2024-01-27T12:38:45+00:00","og_image":[{"width":1000,"height":668,"url":"https:\/\/www.cbti-bkvt.org\/wp-content\/uploads\/justice-147214_960_720_mini-2.jpg","type":"image\/jpeg"}],"author":"CBTI Team","twitter_card":"summary_large_image","twitter_misc":{"Written by":"CBTI Team","Est. reading time":"4 minutes"},"schema":{"@context":"https:\/\/schema.org","@graph":[{"@type":"Article","@id":"https:\/\/www.cbti-bkvt.org\/en\/beedigd-vertalers-en-tolken-de-bkvt-doet-een-beroep-op-de-hoge-raad-voor-zelfstandigen-en-kmos-om-het-project-van-minister-geens-bij-te-stellen\/#article","isPartOf":{"@id":"https:\/\/www.cbti-bkvt.org\/en\/beedigd-vertalers-en-tolken-de-bkvt-doet-een-beroep-op-de-hoge-raad-voor-zelfstandigen-en-kmos-om-het-project-van-minister-geens-bij-te-stellen\/"},"author":{"name":"CBTI Team","@id":"https:\/\/www.cbti-bkvt.org\/en\/#\/schema\/person\/39694e286cbdc709aed8641743fa4591"},"headline":"Be\u00ebdigd vertalers en tolken: de BKVT doet een beroep op de Hoge Raad voor Zelfstandigen en KMO\u2019s om het project van Minister Geens bij te stellen","datePublished":"2016-02-12T06:30:00+00:00","dateModified":"2024-01-27T12:38:45+00:00","mainEntityOfPage":{"@id":"https:\/\/www.cbti-bkvt.org\/en\/beedigd-vertalers-en-tolken-de-bkvt-doet-een-beroep-op-de-hoge-raad-voor-zelfstandigen-en-kmos-om-het-project-van-minister-geens-bij-te-stellen\/"},"wordCount":876,"commentCount":0,"image":{"@id":"https:\/\/www.cbti-bkvt.org\/en\/beedigd-vertalers-en-tolken-de-bkvt-doet-een-beroep-op-de-hoge-raad-voor-zelfstandigen-en-kmos-om-het-project-van-minister-geens-bij-te-stellen\/#primaryimage"},"thumbnailUrl":"https:\/\/www.cbti-bkvt.org\/wp-content\/uploads\/justice-147214_960_720_mini-2.jpg","articleSection":["Press Releases","Sworn Translators\/Interpreters"],"inLanguage":"en-US","potentialAction":[{"@type":"CommentAction","name":"Comment","target":["https:\/\/www.cbti-bkvt.org\/en\/beedigd-vertalers-en-tolken-de-bkvt-doet-een-beroep-op-de-hoge-raad-voor-zelfstandigen-en-kmos-om-het-project-van-minister-geens-bij-te-stellen\/#respond"]}]},{"@type":"WebPage","@id":"https:\/\/www.cbti-bkvt.org\/en\/beedigd-vertalers-en-tolken-de-bkvt-doet-een-beroep-op-de-hoge-raad-voor-zelfstandigen-en-kmos-om-het-project-van-minister-geens-bij-te-stellen\/","url":"https:\/\/www.cbti-bkvt.org\/en\/beedigd-vertalers-en-tolken-de-bkvt-doet-een-beroep-op-de-hoge-raad-voor-zelfstandigen-en-kmos-om-het-project-van-minister-geens-bij-te-stellen\/","name":"Be\u00ebdigd vertalers en tolken: de BKVT doet een beroep op de Hoge Raad voor Zelfstandigen en KMO\u2019s om het project van Minister Geens bij te stellen - Chambre Belge des Traducteurs et Interpr\u00e8tes | Belgische Kamer van Vertalers en Tolken","isPartOf":{"@id":"https:\/\/www.cbti-bkvt.org\/en\/#website"},"primaryImageOfPage":{"@id":"https:\/\/www.cbti-bkvt.org\/en\/beedigd-vertalers-en-tolken-de-bkvt-doet-een-beroep-op-de-hoge-raad-voor-zelfstandigen-en-kmos-om-het-project-van-minister-geens-bij-te-stellen\/#primaryimage"},"image":{"@id":"https:\/\/www.cbti-bkvt.org\/en\/beedigd-vertalers-en-tolken-de-bkvt-doet-een-beroep-op-de-hoge-raad-voor-zelfstandigen-en-kmos-om-het-project-van-minister-geens-bij-te-stellen\/#primaryimage"},"thumbnailUrl":"https:\/\/www.cbti-bkvt.org\/wp-content\/uploads\/justice-147214_960_720_mini-2.jpg","datePublished":"2016-02-12T06:30:00+00:00","dateModified":"2024-01-27T12:38:45+00:00","author":{"@id":"https:\/\/www.cbti-bkvt.org\/en\/#\/schema\/person\/39694e286cbdc709aed8641743fa4591"},"breadcrumb":{"@id":"https:\/\/www.cbti-bkvt.org\/en\/beedigd-vertalers-en-tolken-de-bkvt-doet-een-beroep-op-de-hoge-raad-voor-zelfstandigen-en-kmos-om-het-project-van-minister-geens-bij-te-stellen\/#breadcrumb"},"inLanguage":"en-US","potentialAction":[{"@type":"ReadAction","target":["https:\/\/www.cbti-bkvt.org\/en\/beedigd-vertalers-en-tolken-de-bkvt-doet-een-beroep-op-de-hoge-raad-voor-zelfstandigen-en-kmos-om-het-project-van-minister-geens-bij-te-stellen\/"]}]},{"@type":"ImageObject","inLanguage":"en-US","@id":"https:\/\/www.cbti-bkvt.org\/en\/beedigd-vertalers-en-tolken-de-bkvt-doet-een-beroep-op-de-hoge-raad-voor-zelfstandigen-en-kmos-om-het-project-van-minister-geens-bij-te-stellen\/#primaryimage","url":"https:\/\/www.cbti-bkvt.org\/wp-content\/uploads\/justice-147214_960_720_mini-2.jpg","contentUrl":"https:\/\/www.cbti-bkvt.org\/wp-content\/uploads\/justice-147214_960_720_mini-2.jpg","width":1000,"height":668},{"@type":"BreadcrumbList","@id":"https:\/\/www.cbti-bkvt.org\/en\/beedigd-vertalers-en-tolken-de-bkvt-doet-een-beroep-op-de-hoge-raad-voor-zelfstandigen-en-kmos-om-het-project-van-minister-geens-bij-te-stellen\/#breadcrumb","itemListElement":[{"@type":"ListItem","position":1,"name":"Home","item":"https:\/\/www.cbti-bkvt.org\/en\/"},{"@type":"ListItem","position":2,"name":"Be\u00ebdigd vertalers en tolken: de BKVT doet een beroep op de Hoge Raad voor Zelfstandigen en KMO\u2019s om het project van Minister Geens bij te stellen"}]},{"@type":"WebSite","@id":"https:\/\/www.cbti-bkvt.org\/en\/#website","url":"https:\/\/www.cbti-bkvt.org\/en\/","name":"Chambre Belge des Traducteurs et Interpr\u00e8tes | Belgische Kamer van Vertalers en Tolken","description":"M\u00e9tiers de la traduction \u00e9crite, l\u2019interpr\u00e9tation de conf\u00e9rence, la traduction et l\u2019interpr\u00e9tation en milieu judiciaire.","potentialAction":[{"@type":"SearchAction","target":{"@type":"EntryPoint","urlTemplate":"https:\/\/www.cbti-bkvt.org\/en\/?s={search_term_string}"},"query-input":{"@type":"PropertyValueSpecification","valueRequired":true,"valueName":"search_term_string"}}],"inLanguage":"en-US"},{"@type":"Person","@id":"https:\/\/www.cbti-bkvt.org\/en\/#\/schema\/person\/39694e286cbdc709aed8641743fa4591","name":"CBTI Team","image":{"@type":"ImageObject","inLanguage":"en-US","@id":"https:\/\/secure.gravatar.com\/avatar\/46840e5c253419e7ddd36cf1b42202f1266a0347bb63a6b4f82b38f71ada6150?s=96&d=mm&r=g","url":"https:\/\/secure.gravatar.com\/avatar\/46840e5c253419e7ddd36cf1b42202f1266a0347bb63a6b4f82b38f71ada6150?s=96&d=mm&r=g","contentUrl":"https:\/\/secure.gravatar.com\/avatar\/46840e5c253419e7ddd36cf1b42202f1266a0347bb63a6b4f82b38f71ada6150?s=96&d=mm&r=g","caption":"CBTI Team"},"sameAs":["http:\/\/www.cbti-bkvt.org"],"url":"https:\/\/www.cbti-bkvt.org\/en\/author\/cbtitrad__gestion\/"}]}},"_links":{"self":[{"href":"https:\/\/www.cbti-bkvt.org\/en\/wp-json\/wp\/v2\/posts\/25776","targetHints":{"allow":["GET"]}}],"collection":[{"href":"https:\/\/www.cbti-bkvt.org\/en\/wp-json\/wp\/v2\/posts"}],"about":[{"href":"https:\/\/www.cbti-bkvt.org\/en\/wp-json\/wp\/v2\/types\/post"}],"author":[{"embeddable":true,"href":"https:\/\/www.cbti-bkvt.org\/en\/wp-json\/wp\/v2\/users\/1"}],"replies":[{"embeddable":true,"href":"https:\/\/www.cbti-bkvt.org\/en\/wp-json\/wp\/v2\/comments?post=25776"}],"version-history":[{"count":1,"href":"https:\/\/www.cbti-bkvt.org\/en\/wp-json\/wp\/v2\/posts\/25776\/revisions"}],"predecessor-version":[{"id":27310,"href":"https:\/\/www.cbti-bkvt.org\/en\/wp-json\/wp\/v2\/posts\/25776\/revisions\/27310"}],"wp:featuredmedia":[{"embeddable":true,"href":"https:\/\/www.cbti-bkvt.org\/en\/wp-json\/wp\/v2\/media\/9341"}],"wp:attachment":[{"href":"https:\/\/www.cbti-bkvt.org\/en\/wp-json\/wp\/v2\/media?parent=25776"}],"wp:term":[{"taxonomy":"category","embeddable":true,"href":"https:\/\/www.cbti-bkvt.org\/en\/wp-json\/wp\/v2\/categories?post=25776"},{"taxonomy":"post_tag","embeddable":true,"href":"https:\/\/www.cbti-bkvt.org\/en\/wp-json\/wp\/v2\/tags?post=25776"}],"curies":[{"name":"wp","href":"https:\/\/api.w.org\/{rel}","templated":true}]}}