{"id":25786,"date":"2016-06-08T12:00:00","date_gmt":"2016-06-08T12:00:00","guid":{"rendered":"https:\/\/www.cbti-bkvt.org\/de-bkvt-en-lextra-lingua-onderschrijven-de-actie-van-de-magistraten\/"},"modified":"2024-01-27T12:46:40","modified_gmt":"2024-01-27T12:46:40","slug":"de-bkvt-en-lextra-lingua-onderschrijven-de-actie-van-de-magistraten","status":"publish","type":"post","link":"https:\/\/www.cbti-bkvt.org\/en\/de-bkvt-en-lextra-lingua-onderschrijven-de-actie-van-de-magistraten\/","title":{"rendered":"De BKVT en Lextra Lingua onderschrijven de actie van de magistraten"},"content":{"rendered":"<p><strong>Brussel, 8 juni 2016 \u2013 De Belgische Kamer van Vertalers en Tolken (BKVT) en Lextra Lingua vzw, twee beroepsverenigingen die de belangen van de be\u00ebdigd vertaler en tolken in Belgi\u00eb verdedigen, steunden massaal de protestacties van de magistraten tegen hun werkomstandigheden<\/strong><\/p>\n<p>Gisterenochtend waren vertegenwoordigers van de BKVT en Lextra Lingua aanwezig voor de rechtbank in Antwerpen, Luik, Leuven en Brussel om uiting te geven aan hun ongenoegen over de steeds maar schaarser wordende middelen voor Justitie. De medewerkers dreigen te bezwijken onder de werkdruk en de rechtzoekenden zijn de eerste slachtoffers.<\/p>\n<p>Op 3 juni heeft de ministerraad op voorstel van minister van Justitie Koen Geens een voorontwerp van wet goedgekeurd over de rechten van personen die verhoord worden, beter bekend als de \u201cSalduz-richtlijn\u201d. <\/p>\n<p>Naast het recht op een advocaat komt er met de nieuwe richtlijn ook het recht op vertolking en vertaling in strafprocedures tijdens terechtzittingen voor de rechtbanken en hoven, een recht dat ook geldt voor slachtoffers en voor personen met gehoor- of spraakstoornissen. Deze prestaties zijn kosteloos, ongeacht de uitkomst van de procedure. <\/p>\n<p>De beroepsverenigingen stellen terecht de vraag wat het effect zal zijn van deze nobele maatregel, wanneer de Staat geen middelen vindt om professionele vertalers en tolken te vergoeden en zo de weg vrijmaakt voor amateurs met de beste bedoelingen.<\/p>\n<h3>De BKVT<\/h3>\n<p>De Belgische Kamer van Vertalers en Tolken, die in 1955 werd opgericht, is een koninklijke vereniging zonder winstoogmerk. Het is de enige beroepsvereniging die vertalers en tolken uit heel Belgi\u00eb samenbrengt en vertegenwoordigt bij de Hoge Raad voor de Zelfstandigen en de KMO. De BKVT heeft tot doel natuurlijke personen die een beroep uitoefenen dat rechtstreeks verband houdt met vertaal- of tolkwerk, te groeperen, hun wederzijdse belangen te verdedigen, de professionele kennis te vervolmaken door middel van permanente vorming, het prestige te verhogen van de beroepen die onder de statuten vallen en de collectieve beroepsbelangen van de leden te verdedigen. Meer info op: <a href=\"http:\/\/www.cbti-bkvt.org\">www.cbti-bkvt.org<\/a><\/p>\n<h3>Contact<\/h3>\n<p><strong>Belgische Kamer van Vertalers en Tolken (BKVT)<\/strong><br \/>\nMontoyerstraat 24 \/ B12<br \/>\nB-1000 Brussel<br \/>\nTel.: 02-513 09 15<br \/>\n<a href=\"mailto:secretariat@cbti-bkvt.org\">secretariat@cbti-bkvt.org<\/a><br \/>\n<a href=\"http:\/\/www.cbti-bkvt.org\">www.cbti-bkvt.org<\/a><\/p>\n<p>Doris Grollmann (commissie be\u00ebdigd vertalers) : 0473\/712177 of <a href=\"mailto:jur@cbti-bkvt.org\">jur@cbti-bkvt.org<\/a><br \/>\nRita Roggen (voorzitter) : 0475\/693120 of <a href=\"mailto:president@cbti-bkvt.org\">president@cbti-bkvt.org<\/a><\/p>\n<p><strong>Lextra Lingua<\/strong><br \/>\nDiestsesteenweg 675<br \/>\nB-3010 Leuven<br \/>\nTel: +32 477 51 24 81<br \/>\n<a href=\"mailto:info@lextra-lingua.be\">info@lextra-lingua.be<\/a><br \/>\n<a href=\"http:\/\/www.lextra-lingua.be\">www.lextra-lingua.be<\/a><\/p>\n\n\n<ul class=\"wp-block-list\">\n<li><a href=\"https:\/\/www.cbti-bkvt.org\/wp-content\/uploads\/NL__Persbericht_-_De_BKVT_en_Lextra_Lingua_onderschrijven_de_actie_van_de_magistraten.pdf\" target=\"_blank\" rel=\"noreferrer noopener\">Persbericht &#8211; De BKVT en Lextra Lingua onderschrijven de actie van de magistraten\u00a0<\/a>[PDF]<\/li>\n<\/ul>\n","protected":false},"excerpt":{"rendered":"<p>Brussel, 8 juni 2016 \u2013 De Belgische Kamer van Vertalers en Tolken (BKVT) en Lextra Lingua vzw, twee beroepsverenigingen die de belangen van de be\u00ebdigd vertaler en tolken in Belgi\u00eb verdedigen, steunden massaal de protestacties van de magistraten tegen hun werkomstandigheden Gisterenochtend waren vertegenwoordigers van de BKVT en Lextra Lingua aanwezig voor de rechtbank in&hellip;&nbsp;<a href=\"https:\/\/www.cbti-bkvt.org\/en\/de-bkvt-en-lextra-lingua-onderschrijven-de-actie-van-de-magistraten\/\" rel=\"bookmark\">Read More &raquo;<span class=\"screen-reader-text\">De BKVT en Lextra Lingua onderschrijven de actie van de magistraten<\/span><\/a><\/p>\n","protected":false},"author":1,"featured_media":9381,"comment_status":"open","ping_status":"open","sticky":false,"template":"","format":"standard","meta":{"_acf_changed":false,"pmpro_default_level":"","neve_meta_sidebar":"","neve_meta_container":"","neve_meta_enable_content_width":"","neve_meta_content_width":0,"neve_meta_title_alignment":"","neve_meta_author_avatar":"","neve_post_elements_order":"","neve_meta_disable_header":"","neve_meta_disable_footer":"","neve_meta_disable_title":"","neve_meta_reading_time":"","footnotes":"","_links_to":"","_links_to_target":""},"categories":[381,403],"tags":[],"class_list":["post-25786","post","type-post","status-publish","format-standard","has-post-thumbnail","hentry","category-press-releases","category-sworn-translators-interpreters","pmpro-has-access"],"acf":[],"yoast_head":"<!-- This site is optimized with the Yoast SEO plugin v27.4 - https:\/\/yoast.com\/product\/yoast-seo-wordpress\/ -->\n<title>Chambre Belge des Traducteurs et Interpr\u00e8tes | Belgische Kamer van Vertalers en Tolken<\/title>\n<meta name=\"robots\" content=\"index, follow, max-snippet:-1, max-image-preview:large, max-video-preview:-1\" \/>\n<link rel=\"canonical\" href=\"https:\/\/www.cbti-bkvt.org\/en\/de-bkvt-en-lextra-lingua-onderschrijven-de-actie-van-de-magistraten\/\" \/>\n<meta property=\"og:locale\" content=\"en_US\" \/>\n<meta property=\"og:type\" content=\"article\" \/>\n<meta property=\"og:title\" content=\"De BKVT en Lextra Lingua onderschrijven de actie van de magistraten - Chambre Belge des Traducteurs et Interpr\u00e8tes | Belgische Kamer van Vertalers en Tolken\" \/>\n<meta property=\"og:description\" content=\"Brussel, 8 juni 2016 \u2013 De Belgische Kamer van Vertalers en Tolken (BKVT) en Lextra Lingua vzw, twee beroepsverenigingen die de belangen van de be\u00ebdigd vertaler en tolken in Belgi\u00eb verdedigen, steunden massaal de protestacties van de magistraten tegen hun werkomstandigheden Gisterenochtend waren vertegenwoordigers van de BKVT en Lextra Lingua aanwezig voor de rechtbank in&hellip;&nbsp;Read More &raquo;De BKVT en Lextra Lingua onderschrijven de actie van de magistraten\" \/>\n<meta property=\"og:url\" content=\"https:\/\/www.cbti-bkvt.org\/en\/de-bkvt-en-lextra-lingua-onderschrijven-de-actie-van-de-magistraten\/\" \/>\n<meta property=\"og:site_name\" content=\"Chambre Belge des Traducteurs et Interpr\u00e8tes | Belgische Kamer van Vertalers en Tolken\" \/>\n<meta property=\"article:published_time\" content=\"2016-06-08T12:00:00+00:00\" \/>\n<meta property=\"article:modified_time\" content=\"2024-01-27T12:46:40+00:00\" \/>\n<meta property=\"og:image\" content=\"https:\/\/www.cbti-bkvt.org\/wp-content\/uploads\/hammer-719066_960_720_mini-2.jpg\" \/>\n\t<meta property=\"og:image:width\" content=\"1000\" \/>\n\t<meta property=\"og:image:height\" content=\"750\" \/>\n\t<meta property=\"og:image:type\" content=\"image\/jpeg\" \/>\n<meta name=\"author\" content=\"CBTI Team\" \/>\n<meta name=\"twitter:card\" content=\"summary_large_image\" \/>\n<meta name=\"twitter:label1\" content=\"Written by\" \/>\n\t<meta name=\"twitter:data1\" content=\"CBTI Team\" \/>\n\t<meta name=\"twitter:label2\" content=\"Est. reading time\" \/>\n\t<meta name=\"twitter:data2\" content=\"2 minutes\" \/>\n<script type=\"application\/ld+json\" class=\"yoast-schema-graph\">{\"@context\":\"https:\\\/\\\/schema.org\",\"@graph\":[{\"@type\":\"Article\",\"@id\":\"https:\\\/\\\/www.cbti-bkvt.org\\\/en\\\/de-bkvt-en-lextra-lingua-onderschrijven-de-actie-van-de-magistraten\\\/#article\",\"isPartOf\":{\"@id\":\"https:\\\/\\\/www.cbti-bkvt.org\\\/en\\\/de-bkvt-en-lextra-lingua-onderschrijven-de-actie-van-de-magistraten\\\/\"},\"author\":{\"name\":\"CBTI Team\",\"@id\":\"https:\\\/\\\/www.cbti-bkvt.org\\\/en\\\/#\\\/schema\\\/person\\\/39694e286cbdc709aed8641743fa4591\"},\"headline\":\"De BKVT en Lextra Lingua onderschrijven de actie van de magistraten\",\"datePublished\":\"2016-06-08T12:00:00+00:00\",\"dateModified\":\"2024-01-27T12:46:40+00:00\",\"mainEntityOfPage\":{\"@id\":\"https:\\\/\\\/www.cbti-bkvt.org\\\/en\\\/de-bkvt-en-lextra-lingua-onderschrijven-de-actie-van-de-magistraten\\\/\"},\"wordCount\":392,\"commentCount\":0,\"image\":{\"@id\":\"https:\\\/\\\/www.cbti-bkvt.org\\\/en\\\/de-bkvt-en-lextra-lingua-onderschrijven-de-actie-van-de-magistraten\\\/#primaryimage\"},\"thumbnailUrl\":\"https:\\\/\\\/www.cbti-bkvt.org\\\/wp-content\\\/uploads\\\/hammer-719066_960_720_mini-2.jpg\",\"articleSection\":[\"Press Releases\",\"Sworn Translators\\\/Interpreters\"],\"inLanguage\":\"en-US\",\"potentialAction\":[{\"@type\":\"CommentAction\",\"name\":\"Comment\",\"target\":[\"https:\\\/\\\/www.cbti-bkvt.org\\\/en\\\/de-bkvt-en-lextra-lingua-onderschrijven-de-actie-van-de-magistraten\\\/#respond\"]}]},{\"@type\":\"WebPage\",\"@id\":\"https:\\\/\\\/www.cbti-bkvt.org\\\/en\\\/de-bkvt-en-lextra-lingua-onderschrijven-de-actie-van-de-magistraten\\\/\",\"url\":\"https:\\\/\\\/www.cbti-bkvt.org\\\/en\\\/de-bkvt-en-lextra-lingua-onderschrijven-de-actie-van-de-magistraten\\\/\",\"name\":\"De BKVT en Lextra Lingua onderschrijven de actie van de magistraten - Chambre Belge des Traducteurs et Interpr\u00e8tes | Belgische Kamer van Vertalers en Tolken\",\"isPartOf\":{\"@id\":\"https:\\\/\\\/www.cbti-bkvt.org\\\/en\\\/#website\"},\"primaryImageOfPage\":{\"@id\":\"https:\\\/\\\/www.cbti-bkvt.org\\\/en\\\/de-bkvt-en-lextra-lingua-onderschrijven-de-actie-van-de-magistraten\\\/#primaryimage\"},\"image\":{\"@id\":\"https:\\\/\\\/www.cbti-bkvt.org\\\/en\\\/de-bkvt-en-lextra-lingua-onderschrijven-de-actie-van-de-magistraten\\\/#primaryimage\"},\"thumbnailUrl\":\"https:\\\/\\\/www.cbti-bkvt.org\\\/wp-content\\\/uploads\\\/hammer-719066_960_720_mini-2.jpg\",\"datePublished\":\"2016-06-08T12:00:00+00:00\",\"dateModified\":\"2024-01-27T12:46:40+00:00\",\"author\":{\"@id\":\"https:\\\/\\\/www.cbti-bkvt.org\\\/en\\\/#\\\/schema\\\/person\\\/39694e286cbdc709aed8641743fa4591\"},\"breadcrumb\":{\"@id\":\"https:\\\/\\\/www.cbti-bkvt.org\\\/en\\\/de-bkvt-en-lextra-lingua-onderschrijven-de-actie-van-de-magistraten\\\/#breadcrumb\"},\"inLanguage\":\"en-US\",\"potentialAction\":[{\"@type\":\"ReadAction\",\"target\":[\"https:\\\/\\\/www.cbti-bkvt.org\\\/en\\\/de-bkvt-en-lextra-lingua-onderschrijven-de-actie-van-de-magistraten\\\/\"]}]},{\"@type\":\"ImageObject\",\"inLanguage\":\"en-US\",\"@id\":\"https:\\\/\\\/www.cbti-bkvt.org\\\/en\\\/de-bkvt-en-lextra-lingua-onderschrijven-de-actie-van-de-magistraten\\\/#primaryimage\",\"url\":\"https:\\\/\\\/www.cbti-bkvt.org\\\/wp-content\\\/uploads\\\/hammer-719066_960_720_mini-2.jpg\",\"contentUrl\":\"https:\\\/\\\/www.cbti-bkvt.org\\\/wp-content\\\/uploads\\\/hammer-719066_960_720_mini-2.jpg\",\"width\":1000,\"height\":750},{\"@type\":\"BreadcrumbList\",\"@id\":\"https:\\\/\\\/www.cbti-bkvt.org\\\/en\\\/de-bkvt-en-lextra-lingua-onderschrijven-de-actie-van-de-magistraten\\\/#breadcrumb\",\"itemListElement\":[{\"@type\":\"ListItem\",\"position\":1,\"name\":\"Home\",\"item\":\"https:\\\/\\\/www.cbti-bkvt.org\\\/en\\\/\"},{\"@type\":\"ListItem\",\"position\":2,\"name\":\"De BKVT en Lextra Lingua onderschrijven de actie van de magistraten\"}]},{\"@type\":\"WebSite\",\"@id\":\"https:\\\/\\\/www.cbti-bkvt.org\\\/en\\\/#website\",\"url\":\"https:\\\/\\\/www.cbti-bkvt.org\\\/en\\\/\",\"name\":\"Chambre Belge des Traducteurs et Interpr\u00e8tes | Belgische Kamer van Vertalers en Tolken\",\"description\":\"M\u00e9tiers de la traduction \u00e9crite, l\u2019interpr\u00e9tation de conf\u00e9rence, la traduction et l\u2019interpr\u00e9tation en milieu judiciaire.\",\"potentialAction\":[{\"@type\":\"SearchAction\",\"target\":{\"@type\":\"EntryPoint\",\"urlTemplate\":\"https:\\\/\\\/www.cbti-bkvt.org\\\/en\\\/?s={search_term_string}\"},\"query-input\":{\"@type\":\"PropertyValueSpecification\",\"valueRequired\":true,\"valueName\":\"search_term_string\"}}],\"inLanguage\":\"en-US\"},{\"@type\":\"Person\",\"@id\":\"https:\\\/\\\/www.cbti-bkvt.org\\\/en\\\/#\\\/schema\\\/person\\\/39694e286cbdc709aed8641743fa4591\",\"name\":\"CBTI Team\",\"image\":{\"@type\":\"ImageObject\",\"inLanguage\":\"en-US\",\"@id\":\"https:\\\/\\\/secure.gravatar.com\\\/avatar\\\/46840e5c253419e7ddd36cf1b42202f1266a0347bb63a6b4f82b38f71ada6150?s=96&d=mm&r=g\",\"url\":\"https:\\\/\\\/secure.gravatar.com\\\/avatar\\\/46840e5c253419e7ddd36cf1b42202f1266a0347bb63a6b4f82b38f71ada6150?s=96&d=mm&r=g\",\"contentUrl\":\"https:\\\/\\\/secure.gravatar.com\\\/avatar\\\/46840e5c253419e7ddd36cf1b42202f1266a0347bb63a6b4f82b38f71ada6150?s=96&d=mm&r=g\",\"caption\":\"CBTI Team\"},\"sameAs\":[\"http:\\\/\\\/www.cbti-bkvt.org\"],\"url\":\"https:\\\/\\\/www.cbti-bkvt.org\\\/en\\\/author\\\/cbtitrad__gestion\\\/\"}]}<\/script>\n<!-- \/ Yoast SEO plugin. -->","yoast_head_json":{"title":"Chambre Belge des Traducteurs et Interpr\u00e8tes | Belgische Kamer van Vertalers en Tolken","robots":{"index":"index","follow":"follow","max-snippet":"max-snippet:-1","max-image-preview":"max-image-preview:large","max-video-preview":"max-video-preview:-1"},"canonical":"https:\/\/www.cbti-bkvt.org\/en\/de-bkvt-en-lextra-lingua-onderschrijven-de-actie-van-de-magistraten\/","og_locale":"en_US","og_type":"article","og_title":"De BKVT en Lextra Lingua onderschrijven de actie van de magistraten - Chambre Belge des Traducteurs et Interpr\u00e8tes | Belgische Kamer van Vertalers en Tolken","og_description":"Brussel, 8 juni 2016 \u2013 De Belgische Kamer van Vertalers en Tolken (BKVT) en Lextra Lingua vzw, twee beroepsverenigingen die de belangen van de be\u00ebdigd vertaler en tolken in Belgi\u00eb verdedigen, steunden massaal de protestacties van de magistraten tegen hun werkomstandigheden Gisterenochtend waren vertegenwoordigers van de BKVT en Lextra Lingua aanwezig voor de rechtbank in&hellip;&nbsp;Read More &raquo;De BKVT en Lextra Lingua onderschrijven de actie van de magistraten","og_url":"https:\/\/www.cbti-bkvt.org\/en\/de-bkvt-en-lextra-lingua-onderschrijven-de-actie-van-de-magistraten\/","og_site_name":"Chambre Belge des Traducteurs et Interpr\u00e8tes | Belgische Kamer van Vertalers en Tolken","article_published_time":"2016-06-08T12:00:00+00:00","article_modified_time":"2024-01-27T12:46:40+00:00","og_image":[{"width":1000,"height":750,"url":"https:\/\/www.cbti-bkvt.org\/wp-content\/uploads\/hammer-719066_960_720_mini-2.jpg","type":"image\/jpeg"}],"author":"CBTI Team","twitter_card":"summary_large_image","twitter_misc":{"Written by":"CBTI Team","Est. reading time":"2 minutes"},"schema":{"@context":"https:\/\/schema.org","@graph":[{"@type":"Article","@id":"https:\/\/www.cbti-bkvt.org\/en\/de-bkvt-en-lextra-lingua-onderschrijven-de-actie-van-de-magistraten\/#article","isPartOf":{"@id":"https:\/\/www.cbti-bkvt.org\/en\/de-bkvt-en-lextra-lingua-onderschrijven-de-actie-van-de-magistraten\/"},"author":{"name":"CBTI Team","@id":"https:\/\/www.cbti-bkvt.org\/en\/#\/schema\/person\/39694e286cbdc709aed8641743fa4591"},"headline":"De BKVT en Lextra Lingua onderschrijven de actie van de magistraten","datePublished":"2016-06-08T12:00:00+00:00","dateModified":"2024-01-27T12:46:40+00:00","mainEntityOfPage":{"@id":"https:\/\/www.cbti-bkvt.org\/en\/de-bkvt-en-lextra-lingua-onderschrijven-de-actie-van-de-magistraten\/"},"wordCount":392,"commentCount":0,"image":{"@id":"https:\/\/www.cbti-bkvt.org\/en\/de-bkvt-en-lextra-lingua-onderschrijven-de-actie-van-de-magistraten\/#primaryimage"},"thumbnailUrl":"https:\/\/www.cbti-bkvt.org\/wp-content\/uploads\/hammer-719066_960_720_mini-2.jpg","articleSection":["Press Releases","Sworn Translators\/Interpreters"],"inLanguage":"en-US","potentialAction":[{"@type":"CommentAction","name":"Comment","target":["https:\/\/www.cbti-bkvt.org\/en\/de-bkvt-en-lextra-lingua-onderschrijven-de-actie-van-de-magistraten\/#respond"]}]},{"@type":"WebPage","@id":"https:\/\/www.cbti-bkvt.org\/en\/de-bkvt-en-lextra-lingua-onderschrijven-de-actie-van-de-magistraten\/","url":"https:\/\/www.cbti-bkvt.org\/en\/de-bkvt-en-lextra-lingua-onderschrijven-de-actie-van-de-magistraten\/","name":"De BKVT en Lextra Lingua onderschrijven de actie van de magistraten - Chambre Belge des Traducteurs et Interpr\u00e8tes | Belgische Kamer van Vertalers en Tolken","isPartOf":{"@id":"https:\/\/www.cbti-bkvt.org\/en\/#website"},"primaryImageOfPage":{"@id":"https:\/\/www.cbti-bkvt.org\/en\/de-bkvt-en-lextra-lingua-onderschrijven-de-actie-van-de-magistraten\/#primaryimage"},"image":{"@id":"https:\/\/www.cbti-bkvt.org\/en\/de-bkvt-en-lextra-lingua-onderschrijven-de-actie-van-de-magistraten\/#primaryimage"},"thumbnailUrl":"https:\/\/www.cbti-bkvt.org\/wp-content\/uploads\/hammer-719066_960_720_mini-2.jpg","datePublished":"2016-06-08T12:00:00+00:00","dateModified":"2024-01-27T12:46:40+00:00","author":{"@id":"https:\/\/www.cbti-bkvt.org\/en\/#\/schema\/person\/39694e286cbdc709aed8641743fa4591"},"breadcrumb":{"@id":"https:\/\/www.cbti-bkvt.org\/en\/de-bkvt-en-lextra-lingua-onderschrijven-de-actie-van-de-magistraten\/#breadcrumb"},"inLanguage":"en-US","potentialAction":[{"@type":"ReadAction","target":["https:\/\/www.cbti-bkvt.org\/en\/de-bkvt-en-lextra-lingua-onderschrijven-de-actie-van-de-magistraten\/"]}]},{"@type":"ImageObject","inLanguage":"en-US","@id":"https:\/\/www.cbti-bkvt.org\/en\/de-bkvt-en-lextra-lingua-onderschrijven-de-actie-van-de-magistraten\/#primaryimage","url":"https:\/\/www.cbti-bkvt.org\/wp-content\/uploads\/hammer-719066_960_720_mini-2.jpg","contentUrl":"https:\/\/www.cbti-bkvt.org\/wp-content\/uploads\/hammer-719066_960_720_mini-2.jpg","width":1000,"height":750},{"@type":"BreadcrumbList","@id":"https:\/\/www.cbti-bkvt.org\/en\/de-bkvt-en-lextra-lingua-onderschrijven-de-actie-van-de-magistraten\/#breadcrumb","itemListElement":[{"@type":"ListItem","position":1,"name":"Home","item":"https:\/\/www.cbti-bkvt.org\/en\/"},{"@type":"ListItem","position":2,"name":"De BKVT en Lextra Lingua onderschrijven de actie van de magistraten"}]},{"@type":"WebSite","@id":"https:\/\/www.cbti-bkvt.org\/en\/#website","url":"https:\/\/www.cbti-bkvt.org\/en\/","name":"Chambre Belge des Traducteurs et Interpr\u00e8tes | Belgische Kamer van Vertalers en Tolken","description":"M\u00e9tiers de la traduction \u00e9crite, l\u2019interpr\u00e9tation de conf\u00e9rence, la traduction et l\u2019interpr\u00e9tation en milieu judiciaire.","potentialAction":[{"@type":"SearchAction","target":{"@type":"EntryPoint","urlTemplate":"https:\/\/www.cbti-bkvt.org\/en\/?s={search_term_string}"},"query-input":{"@type":"PropertyValueSpecification","valueRequired":true,"valueName":"search_term_string"}}],"inLanguage":"en-US"},{"@type":"Person","@id":"https:\/\/www.cbti-bkvt.org\/en\/#\/schema\/person\/39694e286cbdc709aed8641743fa4591","name":"CBTI Team","image":{"@type":"ImageObject","inLanguage":"en-US","@id":"https:\/\/secure.gravatar.com\/avatar\/46840e5c253419e7ddd36cf1b42202f1266a0347bb63a6b4f82b38f71ada6150?s=96&d=mm&r=g","url":"https:\/\/secure.gravatar.com\/avatar\/46840e5c253419e7ddd36cf1b42202f1266a0347bb63a6b4f82b38f71ada6150?s=96&d=mm&r=g","contentUrl":"https:\/\/secure.gravatar.com\/avatar\/46840e5c253419e7ddd36cf1b42202f1266a0347bb63a6b4f82b38f71ada6150?s=96&d=mm&r=g","caption":"CBTI Team"},"sameAs":["http:\/\/www.cbti-bkvt.org"],"url":"https:\/\/www.cbti-bkvt.org\/en\/author\/cbtitrad__gestion\/"}]}},"_links":{"self":[{"href":"https:\/\/www.cbti-bkvt.org\/en\/wp-json\/wp\/v2\/posts\/25786","targetHints":{"allow":["GET"]}}],"collection":[{"href":"https:\/\/www.cbti-bkvt.org\/en\/wp-json\/wp\/v2\/posts"}],"about":[{"href":"https:\/\/www.cbti-bkvt.org\/en\/wp-json\/wp\/v2\/types\/post"}],"author":[{"embeddable":true,"href":"https:\/\/www.cbti-bkvt.org\/en\/wp-json\/wp\/v2\/users\/1"}],"replies":[{"embeddable":true,"href":"https:\/\/www.cbti-bkvt.org\/en\/wp-json\/wp\/v2\/comments?post=25786"}],"version-history":[{"count":1,"href":"https:\/\/www.cbti-bkvt.org\/en\/wp-json\/wp\/v2\/posts\/25786\/revisions"}],"predecessor-version":[{"id":27321,"href":"https:\/\/www.cbti-bkvt.org\/en\/wp-json\/wp\/v2\/posts\/25786\/revisions\/27321"}],"wp:featuredmedia":[{"embeddable":true,"href":"https:\/\/www.cbti-bkvt.org\/en\/wp-json\/wp\/v2\/media\/9381"}],"wp:attachment":[{"href":"https:\/\/www.cbti-bkvt.org\/en\/wp-json\/wp\/v2\/media?parent=25786"}],"wp:term":[{"taxonomy":"category","embeddable":true,"href":"https:\/\/www.cbti-bkvt.org\/en\/wp-json\/wp\/v2\/categories?post=25786"},{"taxonomy":"post_tag","embeddable":true,"href":"https:\/\/www.cbti-bkvt.org\/en\/wp-json\/wp\/v2\/tags?post=25786"}],"curies":[{"name":"wp","href":"https:\/\/api.w.org\/{rel}","templated":true}]}}