{"id":25822,"date":"2017-06-01T07:55:00","date_gmt":"2017-06-01T07:55:00","guid":{"rendered":"https:\/\/www.cbti-bkvt.org\/reactie-van-de-bkvt-op-de-nederlandse-versie-van-de-website-van-het-brussels-parlement\/"},"modified":"2024-01-27T13:58:14","modified_gmt":"2024-01-27T13:58:14","slug":"reactie-van-de-bkvt-op-de-nederlandse-versie-van-de-website-van-het-brussels-parlement","status":"publish","type":"post","link":"https:\/\/www.cbti-bkvt.org\/en\/reactie-van-de-bkvt-op-de-nederlandse-versie-van-de-website-van-het-brussels-parlement\/","title":{"rendered":"Reactie van de BKVT op de Nederlandse versie van de website van het Brussels Parlement"},"content":{"rendered":"<p><!--\nReactie van de BKVT op de Nederlandse versie van de website van het Brussels Parlement\n--><\/p>\n<p><strong>Brussel, 31 mei 2017 \u2013 Op 24 mei 2017 verklaarde de VN dat professionele vertalingen een uiterst belangrijke rol spelen bij het bevorderen van de vrede en de veiligheid in de wereld en riep ze alle lidstaten op om te sensibiliseren voor het belang van professionele vertalingen.<\/strong><\/p>\n<p>De BKVT is uiteraard blij met deze waardevolle morele steun, maar betreurt dat de overheden in Belgi\u00eb &#8211; een land met drie landstalen &#8211; de rol van de professionele vertaler en tolk niet naar waarde weten te schatten.<\/p>\n<p>Twee jaar geleden publiceerde Elke Sleurs, staatssecretaris voor Armoedebestrijding en Gelijke Kansen, een onleesbare Franse versie van haar beleidsnota, wat zowel in de Franstalige als in de Nederlandstalige pers voor heel wat verontwaardigde reacties zorgde.<\/p>\n<p>Al jarenlang weigert de FOD Justitie bij gebrek aan financi\u00eble middelen om de be\u00ebdigd vertalers en tolken, die onmisbaar werk leveren in de wereld van justitie, correct te vergoeden voor hun prestaties. Het ligt nochtans voor de hand dat een slecht vertaald gerechtelijk dossier de rechten van de verdediging kan schaden, hoewel deze rechten beschermd worden door artikel 11 van de Universele Verklaring van de Rechten van de Mens. <\/p>\n<p>Afgelopen week, praktisch op het moment dat de VN-resolutie in New York werd goedgekeurd, liet het Parlement van het Brussels Hoofdstedelijk Gewest bij de publicatie van zijn nieuwe website na te controleren of de Nederlandse versie wel in een onberispelijke, duidelijke en begrijpelijke taal was opgesteld. Nochtans beschikt het Parlement hiervoor intern over deskundige krachten, op wie duidelijk onvoldoende een beroep werd gedaan.<br \/>\nDit terwijl het Parlement een belangrijke schakel vormt in de democratische keten. De burger informeren is een van zijn fundamentele opdrachten. Alleen al uit respect voor de kiezer zou het zich in correcte taal tot hem moeten richten.<\/p>\n<p>Door ervan uit te gaan dat de kwaliteit van het taalgebruik bijkomstig is en dat een overheidsdienst zich niet noodzakelijk in verzorgde taal tot zijn medeburgers moet richten, zien de overheden af van hun voorbeeldfunctie, ondermijnen ze de basis van het onderwijs en schenden ze de elementaire wellevendheidsregels. <\/p>\n<p>De BKVT verwijst naar de oproep van de Verenigde Naties en herinnert de Belgische overheden eraan dat professioneel vertalen zowel een kunst als een vak is en bevorderlijk is voor de ontwikkeling, de vrede en de veiligheid in de wereld.<\/p>\n<h4>Vertalen is een vak<\/h4>\n<p>De BKVT vraagt de overheden dan ook om voor hun vertalingen enkel een beroep te doen op professionele vertalers. Indien de interne vertaalteams het grote werkvolume niet aankunnen, kunnen ze steeds terecht bij de zelfstandige professionele vertalers en tolken die lid zijn van de BKVT. Hun gegevens zijn terug te vinden op www.vertalers.be.<\/p>\n<p><strong><em>Addendum: 1 juni 2017, 08.00u: de BKVT stelt tot haar tevredenheid vast dat de meest in het oog springende fouten werden verbeterd.<\/em><\/strong><\/p>\n<h3>De BKVT<\/h3>\n<p>De Belgische Kamer van Vertalers en Tolken, die in 1955 werd opgericht, is een koninklijke vereniging zonder winstoogmerk. Het is de enige beroepsvereniging die vertalers en tolken uit heel Belgi\u00eb samenbrengt en vertegenwoordigt bij de Hoge Raad voor de Zelfstandigen en de KMO. De BKVT heeft tot doel natuurlijke personen die een beroep uitoefenen dat rechtstreeks verband houdt met vertaal- of tolkwerk, te groeperen, hun wederzijdse belangen te verdedigen, de professionele kennis te vervolmaken door middel van permanente vorming, het prestige te verhogen van de beroepen die onder de statuten vallen en de collectieve beroepsbelangen van de leden te verdedigen. De BKVT is lid van de <a href=\"http:\/\/www.fit-ift.org\/?lang=fr\">F\u00e9d\u00e9ration internationale des traducteurs (FIT)<\/a>. Meer info op: <a href=\"http:\/\/www.cbti-bkvt.org\">www.cbti-bkvt.org<\/a><\/p>\n<h3>Contact<\/h3>\n<p><strong>Belgische Kamer van Vertalers en Tolken (BKVT)<\/strong><br \/>\nMontoyerstraat 24 \/ B12<br \/>\nB-1000 Brussel<br \/>\nTel.: 02-513 09 15<br \/>\n<a href=\"mailto:secretariat@cbti-bkvt.org\">secretariat@cbti-bkvt.org<\/a><br \/>\n<a href=\"http:\/\/www.cbti-bkvt.org\">www.cbti-bkvt.org<\/a><\/p>\n\n\n<ul class=\"wp-block-list\">\n<li><a href=\"https:\/\/www.cbti-bkvt.org\/wp-content\/uploads\/NL__Persbericht_-_Reactie_van_de_BKVT_op_de_Nederlandse_versie_van_de_website_van_het_Brussels_Parlement.pdf\" target=\"_blank\" rel=\"noreferrer noopener\">Persbericht &#8211; Reactie van de BKVT op de Nederlandse versie van de website van het Brussels Parlement\u00a0<\/a>[PDF]<\/li>\n<\/ul>\n","protected":false},"excerpt":{"rendered":"<p>Brussel, 31 mei 2017 \u2013 Op 24 mei 2017 verklaarde de VN dat professionele vertalingen een uiterst belangrijke rol spelen bij het bevorderen van de vrede en de veiligheid in de wereld en riep ze alle lidstaten op om te sensibiliseren voor het belang van professionele vertalingen. De BKVT is uiteraard blij met deze waardevolle&hellip;&nbsp;<a href=\"https:\/\/www.cbti-bkvt.org\/en\/reactie-van-de-bkvt-op-de-nederlandse-versie-van-de-website-van-het-brussels-parlement\/\" rel=\"bookmark\">Read More &raquo;<span class=\"screen-reader-text\">Reactie van de BKVT op de Nederlandse versie van de website van het Brussels Parlement<\/span><\/a><\/p>\n","protected":false},"author":1,"featured_media":22076,"comment_status":"open","ping_status":"open","sticky":false,"template":"","format":"standard","meta":{"_acf_changed":false,"pmpro_default_level":"","neve_meta_sidebar":"","neve_meta_container":"","neve_meta_enable_content_width":"","neve_meta_content_width":0,"neve_meta_title_alignment":"","neve_meta_author_avatar":"","neve_post_elements_order":"","neve_meta_disable_header":"","neve_meta_disable_footer":"","neve_meta_disable_title":"","neve_meta_reading_time":"","footnotes":"","_links_to":"","_links_to_target":""},"categories":[381],"tags":[],"class_list":["post-25822","post","type-post","status-publish","format-standard","has-post-thumbnail","hentry","category-press-releases","pmpro-has-access"],"acf":[],"yoast_head":"<!-- This site is optimized with the Yoast SEO plugin v27.4 - https:\/\/yoast.com\/product\/yoast-seo-wordpress\/ -->\n<title>Chambre Belge des Traducteurs et Interpr\u00e8tes | Belgische Kamer van Vertalers en Tolken<\/title>\n<meta name=\"robots\" content=\"index, follow, max-snippet:-1, max-image-preview:large, max-video-preview:-1\" \/>\n<link rel=\"canonical\" href=\"https:\/\/www.cbti-bkvt.org\/en\/reactie-van-de-bkvt-op-de-nederlandse-versie-van-de-website-van-het-brussels-parlement\/\" \/>\n<meta property=\"og:locale\" content=\"en_US\" \/>\n<meta property=\"og:type\" content=\"article\" \/>\n<meta property=\"og:title\" content=\"Reactie van de BKVT op de Nederlandse versie van de website van het Brussels Parlement - Chambre Belge des Traducteurs et Interpr\u00e8tes | Belgische Kamer van Vertalers en Tolken\" \/>\n<meta property=\"og:description\" content=\"Brussel, 31 mei 2017 \u2013 Op 24 mei 2017 verklaarde de VN dat professionele vertalingen een uiterst belangrijke rol spelen bij het bevorderen van de vrede en de veiligheid in de wereld en riep ze alle lidstaten op om te sensibiliseren voor het belang van professionele vertalingen. De BKVT is uiteraard blij met deze waardevolle&hellip;&nbsp;Read More &raquo;Reactie van de BKVT op de Nederlandse versie van de website van het Brussels Parlement\" \/>\n<meta property=\"og:url\" content=\"https:\/\/www.cbti-bkvt.org\/en\/reactie-van-de-bkvt-op-de-nederlandse-versie-van-de-website-van-het-brussels-parlement\/\" \/>\n<meta property=\"og:site_name\" content=\"Chambre Belge des Traducteurs et Interpr\u00e8tes | Belgische Kamer van Vertalers en Tolken\" \/>\n<meta property=\"article:published_time\" content=\"2017-06-01T07:55:00+00:00\" \/>\n<meta property=\"article:modified_time\" content=\"2024-01-27T13:58:14+00:00\" \/>\n<meta property=\"og:image\" content=\"https:\/\/www.cbti-bkvt.org\/wp-content\/uploads\/Parlement-min-2.jpg\" \/>\n\t<meta property=\"og:image:width\" content=\"1000\" \/>\n\t<meta property=\"og:image:height\" content=\"666\" \/>\n\t<meta property=\"og:image:type\" content=\"image\/jpeg\" \/>\n<meta name=\"author\" content=\"CBTI Team\" \/>\n<meta name=\"twitter:card\" content=\"summary_large_image\" \/>\n<meta name=\"twitter:label1\" content=\"Written by\" \/>\n\t<meta name=\"twitter:data1\" content=\"CBTI Team\" \/>\n\t<meta name=\"twitter:label2\" content=\"Est. reading time\" \/>\n\t<meta name=\"twitter:data2\" content=\"3 minutes\" \/>\n<script type=\"application\/ld+json\" class=\"yoast-schema-graph\">{\"@context\":\"https:\\\/\\\/schema.org\",\"@graph\":[{\"@type\":\"Article\",\"@id\":\"https:\\\/\\\/www.cbti-bkvt.org\\\/en\\\/reactie-van-de-bkvt-op-de-nederlandse-versie-van-de-website-van-het-brussels-parlement\\\/#article\",\"isPartOf\":{\"@id\":\"https:\\\/\\\/www.cbti-bkvt.org\\\/en\\\/reactie-van-de-bkvt-op-de-nederlandse-versie-van-de-website-van-het-brussels-parlement\\\/\"},\"author\":{\"name\":\"CBTI Team\",\"@id\":\"https:\\\/\\\/www.cbti-bkvt.org\\\/en\\\/#\\\/schema\\\/person\\\/39694e286cbdc709aed8641743fa4591\"},\"headline\":\"Reactie van de BKVT op de Nederlandse versie van de website van het Brussels Parlement\",\"datePublished\":\"2017-06-01T07:55:00+00:00\",\"dateModified\":\"2024-01-27T13:58:14+00:00\",\"mainEntityOfPage\":{\"@id\":\"https:\\\/\\\/www.cbti-bkvt.org\\\/en\\\/reactie-van-de-bkvt-op-de-nederlandse-versie-van-de-website-van-het-brussels-parlement\\\/\"},\"wordCount\":626,\"commentCount\":0,\"image\":{\"@id\":\"https:\\\/\\\/www.cbti-bkvt.org\\\/en\\\/reactie-van-de-bkvt-op-de-nederlandse-versie-van-de-website-van-het-brussels-parlement\\\/#primaryimage\"},\"thumbnailUrl\":\"https:\\\/\\\/www.cbti-bkvt.org\\\/wp-content\\\/uploads\\\/Parlement-min-2.jpg\",\"articleSection\":[\"Press Releases\"],\"inLanguage\":\"en-US\",\"potentialAction\":[{\"@type\":\"CommentAction\",\"name\":\"Comment\",\"target\":[\"https:\\\/\\\/www.cbti-bkvt.org\\\/en\\\/reactie-van-de-bkvt-op-de-nederlandse-versie-van-de-website-van-het-brussels-parlement\\\/#respond\"]}]},{\"@type\":\"WebPage\",\"@id\":\"https:\\\/\\\/www.cbti-bkvt.org\\\/en\\\/reactie-van-de-bkvt-op-de-nederlandse-versie-van-de-website-van-het-brussels-parlement\\\/\",\"url\":\"https:\\\/\\\/www.cbti-bkvt.org\\\/en\\\/reactie-van-de-bkvt-op-de-nederlandse-versie-van-de-website-van-het-brussels-parlement\\\/\",\"name\":\"Reactie van de BKVT op de Nederlandse versie van de website van het Brussels Parlement - Chambre Belge des Traducteurs et Interpr\u00e8tes | Belgische Kamer van Vertalers en Tolken\",\"isPartOf\":{\"@id\":\"https:\\\/\\\/www.cbti-bkvt.org\\\/en\\\/#website\"},\"primaryImageOfPage\":{\"@id\":\"https:\\\/\\\/www.cbti-bkvt.org\\\/en\\\/reactie-van-de-bkvt-op-de-nederlandse-versie-van-de-website-van-het-brussels-parlement\\\/#primaryimage\"},\"image\":{\"@id\":\"https:\\\/\\\/www.cbti-bkvt.org\\\/en\\\/reactie-van-de-bkvt-op-de-nederlandse-versie-van-de-website-van-het-brussels-parlement\\\/#primaryimage\"},\"thumbnailUrl\":\"https:\\\/\\\/www.cbti-bkvt.org\\\/wp-content\\\/uploads\\\/Parlement-min-2.jpg\",\"datePublished\":\"2017-06-01T07:55:00+00:00\",\"dateModified\":\"2024-01-27T13:58:14+00:00\",\"author\":{\"@id\":\"https:\\\/\\\/www.cbti-bkvt.org\\\/en\\\/#\\\/schema\\\/person\\\/39694e286cbdc709aed8641743fa4591\"},\"breadcrumb\":{\"@id\":\"https:\\\/\\\/www.cbti-bkvt.org\\\/en\\\/reactie-van-de-bkvt-op-de-nederlandse-versie-van-de-website-van-het-brussels-parlement\\\/#breadcrumb\"},\"inLanguage\":\"en-US\",\"potentialAction\":[{\"@type\":\"ReadAction\",\"target\":[\"https:\\\/\\\/www.cbti-bkvt.org\\\/en\\\/reactie-van-de-bkvt-op-de-nederlandse-versie-van-de-website-van-het-brussels-parlement\\\/\"]}]},{\"@type\":\"ImageObject\",\"inLanguage\":\"en-US\",\"@id\":\"https:\\\/\\\/www.cbti-bkvt.org\\\/en\\\/reactie-van-de-bkvt-op-de-nederlandse-versie-van-de-website-van-het-brussels-parlement\\\/#primaryimage\",\"url\":\"https:\\\/\\\/www.cbti-bkvt.org\\\/wp-content\\\/uploads\\\/Parlement-min-2.jpg\",\"contentUrl\":\"https:\\\/\\\/www.cbti-bkvt.org\\\/wp-content\\\/uploads\\\/Parlement-min-2.jpg\",\"width\":1000,\"height\":666},{\"@type\":\"BreadcrumbList\",\"@id\":\"https:\\\/\\\/www.cbti-bkvt.org\\\/en\\\/reactie-van-de-bkvt-op-de-nederlandse-versie-van-de-website-van-het-brussels-parlement\\\/#breadcrumb\",\"itemListElement\":[{\"@type\":\"ListItem\",\"position\":1,\"name\":\"Home\",\"item\":\"https:\\\/\\\/www.cbti-bkvt.org\\\/en\\\/\"},{\"@type\":\"ListItem\",\"position\":2,\"name\":\"Reactie van de BKVT op de Nederlandse versie van de website van het Brussels Parlement\"}]},{\"@type\":\"WebSite\",\"@id\":\"https:\\\/\\\/www.cbti-bkvt.org\\\/en\\\/#website\",\"url\":\"https:\\\/\\\/www.cbti-bkvt.org\\\/en\\\/\",\"name\":\"Chambre Belge des Traducteurs et Interpr\u00e8tes | Belgische Kamer van Vertalers en Tolken\",\"description\":\"M\u00e9tiers de la traduction \u00e9crite, l\u2019interpr\u00e9tation de conf\u00e9rence, la traduction et l\u2019interpr\u00e9tation en milieu judiciaire.\",\"potentialAction\":[{\"@type\":\"SearchAction\",\"target\":{\"@type\":\"EntryPoint\",\"urlTemplate\":\"https:\\\/\\\/www.cbti-bkvt.org\\\/en\\\/?s={search_term_string}\"},\"query-input\":{\"@type\":\"PropertyValueSpecification\",\"valueRequired\":true,\"valueName\":\"search_term_string\"}}],\"inLanguage\":\"en-US\"},{\"@type\":\"Person\",\"@id\":\"https:\\\/\\\/www.cbti-bkvt.org\\\/en\\\/#\\\/schema\\\/person\\\/39694e286cbdc709aed8641743fa4591\",\"name\":\"CBTI Team\",\"image\":{\"@type\":\"ImageObject\",\"inLanguage\":\"en-US\",\"@id\":\"https:\\\/\\\/secure.gravatar.com\\\/avatar\\\/46840e5c253419e7ddd36cf1b42202f1266a0347bb63a6b4f82b38f71ada6150?s=96&d=mm&r=g\",\"url\":\"https:\\\/\\\/secure.gravatar.com\\\/avatar\\\/46840e5c253419e7ddd36cf1b42202f1266a0347bb63a6b4f82b38f71ada6150?s=96&d=mm&r=g\",\"contentUrl\":\"https:\\\/\\\/secure.gravatar.com\\\/avatar\\\/46840e5c253419e7ddd36cf1b42202f1266a0347bb63a6b4f82b38f71ada6150?s=96&d=mm&r=g\",\"caption\":\"CBTI Team\"},\"sameAs\":[\"http:\\\/\\\/www.cbti-bkvt.org\"],\"url\":\"https:\\\/\\\/www.cbti-bkvt.org\\\/en\\\/author\\\/cbtitrad__gestion\\\/\"}]}<\/script>\n<!-- \/ Yoast SEO plugin. -->","yoast_head_json":{"title":"Chambre Belge des Traducteurs et Interpr\u00e8tes | Belgische Kamer van Vertalers en Tolken","robots":{"index":"index","follow":"follow","max-snippet":"max-snippet:-1","max-image-preview":"max-image-preview:large","max-video-preview":"max-video-preview:-1"},"canonical":"https:\/\/www.cbti-bkvt.org\/en\/reactie-van-de-bkvt-op-de-nederlandse-versie-van-de-website-van-het-brussels-parlement\/","og_locale":"en_US","og_type":"article","og_title":"Reactie van de BKVT op de Nederlandse versie van de website van het Brussels Parlement - Chambre Belge des Traducteurs et Interpr\u00e8tes | Belgische Kamer van Vertalers en Tolken","og_description":"Brussel, 31 mei 2017 \u2013 Op 24 mei 2017 verklaarde de VN dat professionele vertalingen een uiterst belangrijke rol spelen bij het bevorderen van de vrede en de veiligheid in de wereld en riep ze alle lidstaten op om te sensibiliseren voor het belang van professionele vertalingen. De BKVT is uiteraard blij met deze waardevolle&hellip;&nbsp;Read More &raquo;Reactie van de BKVT op de Nederlandse versie van de website van het Brussels Parlement","og_url":"https:\/\/www.cbti-bkvt.org\/en\/reactie-van-de-bkvt-op-de-nederlandse-versie-van-de-website-van-het-brussels-parlement\/","og_site_name":"Chambre Belge des Traducteurs et Interpr\u00e8tes | Belgische Kamer van Vertalers en Tolken","article_published_time":"2017-06-01T07:55:00+00:00","article_modified_time":"2024-01-27T13:58:14+00:00","og_image":[{"width":1000,"height":666,"url":"https:\/\/www.cbti-bkvt.org\/wp-content\/uploads\/Parlement-min-2.jpg","type":"image\/jpeg"}],"author":"CBTI Team","twitter_card":"summary_large_image","twitter_misc":{"Written by":"CBTI Team","Est. reading time":"3 minutes"},"schema":{"@context":"https:\/\/schema.org","@graph":[{"@type":"Article","@id":"https:\/\/www.cbti-bkvt.org\/en\/reactie-van-de-bkvt-op-de-nederlandse-versie-van-de-website-van-het-brussels-parlement\/#article","isPartOf":{"@id":"https:\/\/www.cbti-bkvt.org\/en\/reactie-van-de-bkvt-op-de-nederlandse-versie-van-de-website-van-het-brussels-parlement\/"},"author":{"name":"CBTI Team","@id":"https:\/\/www.cbti-bkvt.org\/en\/#\/schema\/person\/39694e286cbdc709aed8641743fa4591"},"headline":"Reactie van de BKVT op de Nederlandse versie van de website van het Brussels Parlement","datePublished":"2017-06-01T07:55:00+00:00","dateModified":"2024-01-27T13:58:14+00:00","mainEntityOfPage":{"@id":"https:\/\/www.cbti-bkvt.org\/en\/reactie-van-de-bkvt-op-de-nederlandse-versie-van-de-website-van-het-brussels-parlement\/"},"wordCount":626,"commentCount":0,"image":{"@id":"https:\/\/www.cbti-bkvt.org\/en\/reactie-van-de-bkvt-op-de-nederlandse-versie-van-de-website-van-het-brussels-parlement\/#primaryimage"},"thumbnailUrl":"https:\/\/www.cbti-bkvt.org\/wp-content\/uploads\/Parlement-min-2.jpg","articleSection":["Press Releases"],"inLanguage":"en-US","potentialAction":[{"@type":"CommentAction","name":"Comment","target":["https:\/\/www.cbti-bkvt.org\/en\/reactie-van-de-bkvt-op-de-nederlandse-versie-van-de-website-van-het-brussels-parlement\/#respond"]}]},{"@type":"WebPage","@id":"https:\/\/www.cbti-bkvt.org\/en\/reactie-van-de-bkvt-op-de-nederlandse-versie-van-de-website-van-het-brussels-parlement\/","url":"https:\/\/www.cbti-bkvt.org\/en\/reactie-van-de-bkvt-op-de-nederlandse-versie-van-de-website-van-het-brussels-parlement\/","name":"Reactie van de BKVT op de Nederlandse versie van de website van het Brussels Parlement - Chambre Belge des Traducteurs et Interpr\u00e8tes | Belgische Kamer van Vertalers en Tolken","isPartOf":{"@id":"https:\/\/www.cbti-bkvt.org\/en\/#website"},"primaryImageOfPage":{"@id":"https:\/\/www.cbti-bkvt.org\/en\/reactie-van-de-bkvt-op-de-nederlandse-versie-van-de-website-van-het-brussels-parlement\/#primaryimage"},"image":{"@id":"https:\/\/www.cbti-bkvt.org\/en\/reactie-van-de-bkvt-op-de-nederlandse-versie-van-de-website-van-het-brussels-parlement\/#primaryimage"},"thumbnailUrl":"https:\/\/www.cbti-bkvt.org\/wp-content\/uploads\/Parlement-min-2.jpg","datePublished":"2017-06-01T07:55:00+00:00","dateModified":"2024-01-27T13:58:14+00:00","author":{"@id":"https:\/\/www.cbti-bkvt.org\/en\/#\/schema\/person\/39694e286cbdc709aed8641743fa4591"},"breadcrumb":{"@id":"https:\/\/www.cbti-bkvt.org\/en\/reactie-van-de-bkvt-op-de-nederlandse-versie-van-de-website-van-het-brussels-parlement\/#breadcrumb"},"inLanguage":"en-US","potentialAction":[{"@type":"ReadAction","target":["https:\/\/www.cbti-bkvt.org\/en\/reactie-van-de-bkvt-op-de-nederlandse-versie-van-de-website-van-het-brussels-parlement\/"]}]},{"@type":"ImageObject","inLanguage":"en-US","@id":"https:\/\/www.cbti-bkvt.org\/en\/reactie-van-de-bkvt-op-de-nederlandse-versie-van-de-website-van-het-brussels-parlement\/#primaryimage","url":"https:\/\/www.cbti-bkvt.org\/wp-content\/uploads\/Parlement-min-2.jpg","contentUrl":"https:\/\/www.cbti-bkvt.org\/wp-content\/uploads\/Parlement-min-2.jpg","width":1000,"height":666},{"@type":"BreadcrumbList","@id":"https:\/\/www.cbti-bkvt.org\/en\/reactie-van-de-bkvt-op-de-nederlandse-versie-van-de-website-van-het-brussels-parlement\/#breadcrumb","itemListElement":[{"@type":"ListItem","position":1,"name":"Home","item":"https:\/\/www.cbti-bkvt.org\/en\/"},{"@type":"ListItem","position":2,"name":"Reactie van de BKVT op de Nederlandse versie van de website van het Brussels Parlement"}]},{"@type":"WebSite","@id":"https:\/\/www.cbti-bkvt.org\/en\/#website","url":"https:\/\/www.cbti-bkvt.org\/en\/","name":"Chambre Belge des Traducteurs et Interpr\u00e8tes | Belgische Kamer van Vertalers en Tolken","description":"M\u00e9tiers de la traduction \u00e9crite, l\u2019interpr\u00e9tation de conf\u00e9rence, la traduction et l\u2019interpr\u00e9tation en milieu judiciaire.","potentialAction":[{"@type":"SearchAction","target":{"@type":"EntryPoint","urlTemplate":"https:\/\/www.cbti-bkvt.org\/en\/?s={search_term_string}"},"query-input":{"@type":"PropertyValueSpecification","valueRequired":true,"valueName":"search_term_string"}}],"inLanguage":"en-US"},{"@type":"Person","@id":"https:\/\/www.cbti-bkvt.org\/en\/#\/schema\/person\/39694e286cbdc709aed8641743fa4591","name":"CBTI Team","image":{"@type":"ImageObject","inLanguage":"en-US","@id":"https:\/\/secure.gravatar.com\/avatar\/46840e5c253419e7ddd36cf1b42202f1266a0347bb63a6b4f82b38f71ada6150?s=96&d=mm&r=g","url":"https:\/\/secure.gravatar.com\/avatar\/46840e5c253419e7ddd36cf1b42202f1266a0347bb63a6b4f82b38f71ada6150?s=96&d=mm&r=g","contentUrl":"https:\/\/secure.gravatar.com\/avatar\/46840e5c253419e7ddd36cf1b42202f1266a0347bb63a6b4f82b38f71ada6150?s=96&d=mm&r=g","caption":"CBTI Team"},"sameAs":["http:\/\/www.cbti-bkvt.org"],"url":"https:\/\/www.cbti-bkvt.org\/en\/author\/cbtitrad__gestion\/"}]}},"_links":{"self":[{"href":"https:\/\/www.cbti-bkvt.org\/en\/wp-json\/wp\/v2\/posts\/25822","targetHints":{"allow":["GET"]}}],"collection":[{"href":"https:\/\/www.cbti-bkvt.org\/en\/wp-json\/wp\/v2\/posts"}],"about":[{"href":"https:\/\/www.cbti-bkvt.org\/en\/wp-json\/wp\/v2\/types\/post"}],"author":[{"embeddable":true,"href":"https:\/\/www.cbti-bkvt.org\/en\/wp-json\/wp\/v2\/users\/1"}],"replies":[{"embeddable":true,"href":"https:\/\/www.cbti-bkvt.org\/en\/wp-json\/wp\/v2\/comments?post=25822"}],"version-history":[{"count":1,"href":"https:\/\/www.cbti-bkvt.org\/en\/wp-json\/wp\/v2\/posts\/25822\/revisions"}],"predecessor-version":[{"id":27370,"href":"https:\/\/www.cbti-bkvt.org\/en\/wp-json\/wp\/v2\/posts\/25822\/revisions\/27370"}],"wp:featuredmedia":[{"embeddable":true,"href":"https:\/\/www.cbti-bkvt.org\/en\/wp-json\/wp\/v2\/media\/22076"}],"wp:attachment":[{"href":"https:\/\/www.cbti-bkvt.org\/en\/wp-json\/wp\/v2\/media?parent=25822"}],"wp:term":[{"taxonomy":"category","embeddable":true,"href":"https:\/\/www.cbti-bkvt.org\/en\/wp-json\/wp\/v2\/categories?post=25822"},{"taxonomy":"post_tag","embeddable":true,"href":"https:\/\/www.cbti-bkvt.org\/en\/wp-json\/wp\/v2\/tags?post=25822"}],"curies":[{"name":"wp","href":"https:\/\/api.w.org\/{rel}","templated":true}]}}