{"id":25837,"date":"2018-02-18T21:03:00","date_gmt":"2018-02-18T21:03:00","guid":{"rendered":"https:\/\/www.cbti-bkvt.org\/inschrijving-in-het-nationaal-register-de-vertalers-zijn-op-straffe-van-een-boete-tot-armoede-veroordeeld\/"},"modified":"2018-02-18T21:03:00","modified_gmt":"2018-02-18T21:03:00","slug":"inschrijving-in-het-nationaal-register-de-vertalers-zijn-op-straffe-van-een-boete-tot-armoede-veroordeeld","status":"publish","type":"post","link":"https:\/\/www.cbti-bkvt.org\/en\/inschrijving-in-het-nationaal-register-de-vertalers-zijn-op-straffe-van-een-boete-tot-armoede-veroordeeld\/","title":{"rendered":"Inschrijving in het nationaal register: de vertalers zijn op straffe van een boete tot armoede veroordeeld"},"content":{"rendered":"<h3>Column: sinds wanneer is de vertaler het slaafje van de Staat?<\/h3>\n<p>Beroep: be\u00ebdigd vertaler. Sinds mijn registratie bij de rechtbank van mijn provincie, bijna drie jaar geleden, met de bedoeling burgers te helpen bij hun meertalige administratieve en wetgevende stappen, heb ik nooit ofte nimmer rechtsreeks voor rekening van de rechtbanken gewerkt. <\/p>\n<p>Tot ik in oktober van de rechtbank van eerste aanleg een brief ontving van een aantal velletjes in meerdere talen, waaronder het Frans, met als opdracht deze te vertalen. Punt aan de lijn\u2026 Aangezien dit in 3 jaar tijd nog nooit was voorgevallen, veroorloofde ik het mij de opdracht te weigeren. Tot de postbode mij op een mooie morgen in december een brief van de FOD Justitie overhandigde met de niet mis te verstane (dreigende) boodschap \u2026 \u201cBe\u00ebdigd vertalers DIENEN ZICH TER BESCHIKKING TE STELLEN VAN DE OVERHEID (\u2026)\u201d, \u201cDe vertalers MOETEN DE OPDRACHTEN AANVAARDEN (\u2026)\u201d, \u201cUw inschrijving in het register LAAT U NIET TOE EEN KEUZE TE MAKEN\u201d. En als toppunt: \u201cDe dienstverlener die weigert (\u2026) zal gestraft worden met een boete van vijftig tot vijfhonderd euro\u201d. Waarop ik het \u201dkwaliteitshandboek\u201d, de Bijbel van de be\u00ebdigde vertaler, erop nasloeg en daarin las: a. dat de manier waarop de opdracht is verwoord ondubbelzinnig moet zijn (o ja?), b. dat men telefonisch met mij contact had moeten opnemen om naar mijn beschikbaarheid te polsen (nogmaals o ja?) en vooral c. dat, in het geval het om een eerste opdracht ging (wat wel zo had kunnen zijn), men mij eerst had moeten briefen over de inhoud en de procedures, met vermelding van een contactpersoon en diens telefoonnummer (echt waar?)\u2026 Nu vraag ik mij af: wie heeft hier de procedures niet gevolgd? <\/p>\n<p><strong>\u201cFOD Justitie heeft geen voeling met de realiteit\u201d<\/strong><\/p>\n<p>En zo ervaar ik dus voor de zoveelste keer dat er nog altijd evenveel onduidelijkheid heerst over het heilige huisje dat het voorlopige nationaal register is, en dat dit register voorlopig definitief of definitief voorlopig zal blijven. Tja, zoals ik er vriendelijk word aan herinnerd, bestaan er wetten en houdt de inschrijving in het register een verbintenis in. Beseft de FOD Justitie wel dat ik toch onmogelijk drie jaar lang met mijn vingers had moeten draaien, wachtend op een opdracht, en dat de onomwonden eis om vanaf de eerste opdracht ineens en voor een minimumvergoeding paraat te staan mij op zijn minst verbaast! En wat moet \u00eck dan zeggen als ik naar de rechtbank waar ik be\u00ebdigd ben om inlichtingen vraag en daar niemand te zien krijg, of als ik de wetgeving opvraag en meer dan twee weken lang moet wachten om dan te horen \u201c\u201cu bezorgt ons wel veel werk, we kunnen onmogelijk zeggen wanneer dit klaar zal zijn\u2026\u201d? Als een van de partijen de informatie- en bijstandsverbintenis niet nakomt, waarom zou ik dan tot enige dienstverlening kunnen worden gedwongen? <\/p>\n<p>We staan hier voor een heus syllogisme: de (terechte) reputatie hebben de vertalers maandenlang niet te betalen, maar massa\u2019s tijd verdoen om na te gaan wie wel of niet een opdracht aanvaardt. Dreigen met boetes tegen zelfstandigen die al meer dan voldoende aan de Staat afdragen is ronduit schandalig\u2026 Hen 0,06 EUR\/woord betalen ook. Hen verplichten om vertalingen uit te voeren op straffe van een boete en hun facturen niet betalen, daar zijn gewoon geen woorden voor \u2026 Beseft de FOD Justitie wel dat een vertaler tegen dit tarief in een land als het onze niet eens fatsoenlijk kan leven? Zullen we de proef op de som nemen? Wie gemiddeld 2000 woorden per dag vertaalt, verdient maandelijks 1 920 EUR bruto, dit voor 16 dagen vertaalwerk per maand aangezien elke plichtsbewuste zelfstandige minstens 20% van zijn tijd moet besteden aan boekhouding, administratie, informaticatools, enz.  Als we bovendien rekening houden met de fiscale druk (waar ik verder niet wil op ingaan, hoewel dit ook onze aandacht verdient), moet een vertaler het stellen met 850 EUR per maand! Wie neemt hier wie in het ootje?<\/p>\n<p><strong>De enige oplossing: mij uitschrijven uit het register<\/strong><\/p>\n<p>Hoe zou ik mijn probleem kunnen oplossen? Door een wetsaanpassing? Laten we maar stoppen met dromen. Ik kan mij beter uit het register laten uitschrijven\u2026 en dit allemaal door een besluit, een programmawet en een kwaliteitshandboek die extreem complex  en in elkaar geflanst zijn en waarbij geen rekening werd houden met de realiteit. Wat is er mis met een degelijke vergoeding voor flexibel werken en voor intellectueel boeiende, maar toch uitputtende arbeid? Wat zou er gebeuren mochten de vertalers, die voor peanuts moeten werken en met handen en voeten gebonden zijn, massaal hetzelfde doen? Zal men de be\u00ebdigd vertalers en tolken offeren op de brandstapel van een kafkaiaanse organisatie? Het vertrek van bekwame vertalers en tolken of het moeten werken tegen halve prijs zal de kwaliteit van de vertalingen zeker niet ten goede komen. En dat terwijl de juiste interpretatie en een goed begrip net zo belangrijk zijn in rechts- en strafzaken\u2026 Nu ja, blijkbaar denkt men daar bij de FOD Justitie anders over\u2026.<\/p>\n<p>Uiteindelijk komt het erop neer dat men de be\u00ebdigde vertalers, door hen te verplichten zich te laten registreren op een lijst die niet eens gefinaliseerd is, hen opdrachten te laten vertalen waarvoor ze lukraak zijn aangesteld, hen voor een schijntje op straffe van een boete te laten werken, als freelancers eigenlijk in een toestand van armoede duwt waarvoor ze niet getekend hebben\u2026 Een goed verstaander heeft maar een half woord nodig.<\/p>\n<p><em>Een vertaler die de zwijgende meerderheid vertegenwoordigt<\/em><\/p>\n<blockquote>\n<p><em>Vertaling: Ann De Winne<\/em><\/p>\n<\/blockquote>\n","protected":false},"excerpt":{"rendered":"<p>Column: sinds wanneer is de vertaler het slaafje van de Staat? Beroep: be\u00ebdigd vertaler. Sinds mijn registratie bij de rechtbank van mijn provincie, bijna drie jaar geleden, met de bedoeling burgers te helpen bij hun meertalige administratieve en wetgevende stappen, heb ik nooit ofte nimmer rechtsreeks voor rekening van de rechtbanken gewerkt. Tot ik in&hellip;&nbsp;<a href=\"https:\/\/www.cbti-bkvt.org\/en\/inschrijving-in-het-nationaal-register-de-vertalers-zijn-op-straffe-van-een-boete-tot-armoede-veroordeeld\/\" rel=\"bookmark\">Read More &raquo;<span class=\"screen-reader-text\">Inschrijving in het nationaal register: de vertalers zijn op straffe van een boete tot armoede veroordeeld<\/span><\/a><\/p>\n","protected":false},"author":1,"featured_media":22113,"comment_status":"open","ping_status":"open","sticky":false,"template":"","format":"standard","meta":{"_acf_changed":false,"pmpro_default_level":"","neve_meta_sidebar":"","neve_meta_container":"","neve_meta_enable_content_width":"","neve_meta_content_width":0,"neve_meta_title_alignment":"","neve_meta_author_avatar":"","neve_post_elements_order":"","neve_meta_disable_header":"","neve_meta_disable_footer":"","neve_meta_disable_title":"","neve_meta_reading_time":"","footnotes":"","_links_to":"","_links_to_target":""},"categories":[403],"tags":[],"class_list":["post-25837","post","type-post","status-publish","format-standard","has-post-thumbnail","hentry","category-sworn-translators-interpreters","pmpro-has-access"],"acf":[],"yoast_head":"<!-- This site is optimized with the Yoast SEO plugin v27.4 - https:\/\/yoast.com\/product\/yoast-seo-wordpress\/ -->\n<title>Chambre Belge des Traducteurs et Interpr\u00e8tes | Belgische Kamer van Vertalers en Tolken<\/title>\n<meta name=\"robots\" content=\"index, follow, max-snippet:-1, max-image-preview:large, max-video-preview:-1\" \/>\n<link rel=\"canonical\" href=\"https:\/\/www.cbti-bkvt.org\/en\/inschrijving-in-het-nationaal-register-de-vertalers-zijn-op-straffe-van-een-boete-tot-armoede-veroordeeld\/\" \/>\n<meta property=\"og:locale\" content=\"en_US\" \/>\n<meta property=\"og:type\" content=\"article\" \/>\n<meta property=\"og:title\" content=\"Inschrijving in het nationaal register: de vertalers zijn op straffe van een boete tot armoede veroordeeld - Chambre Belge des Traducteurs et Interpr\u00e8tes | Belgische Kamer van Vertalers en Tolken\" \/>\n<meta property=\"og:description\" content=\"Column: sinds wanneer is de vertaler het slaafje van de Staat? Beroep: be\u00ebdigd vertaler. Sinds mijn registratie bij de rechtbank van mijn provincie, bijna drie jaar geleden, met de bedoeling burgers te helpen bij hun meertalige administratieve en wetgevende stappen, heb ik nooit ofte nimmer rechtsreeks voor rekening van de rechtbanken gewerkt. Tot ik in&hellip;&nbsp;Read More &raquo;Inschrijving in het nationaal register: de vertalers zijn op straffe van een boete tot armoede veroordeeld\" \/>\n<meta property=\"og:url\" content=\"https:\/\/www.cbti-bkvt.org\/en\/inschrijving-in-het-nationaal-register-de-vertalers-zijn-op-straffe-van-een-boete-tot-armoede-veroordeeld\/\" \/>\n<meta property=\"og:site_name\" content=\"Chambre Belge des Traducteurs et Interpr\u00e8tes | Belgische Kamer van Vertalers en Tolken\" \/>\n<meta property=\"article:published_time\" content=\"2018-02-18T21:03:00+00:00\" \/>\n<meta name=\"author\" content=\"CBTI Team\" \/>\n<meta name=\"twitter:card\" content=\"summary_large_image\" \/>\n<meta name=\"twitter:label1\" content=\"Written by\" \/>\n\t<meta name=\"twitter:data1\" content=\"CBTI Team\" \/>\n\t<meta name=\"twitter:label2\" content=\"Est. reading time\" \/>\n\t<meta name=\"twitter:data2\" content=\"5 minutes\" \/>\n<script type=\"application\/ld+json\" class=\"yoast-schema-graph\">{\"@context\":\"https:\\\/\\\/schema.org\",\"@graph\":[{\"@type\":\"Article\",\"@id\":\"https:\\\/\\\/www.cbti-bkvt.org\\\/en\\\/inschrijving-in-het-nationaal-register-de-vertalers-zijn-op-straffe-van-een-boete-tot-armoede-veroordeeld\\\/#article\",\"isPartOf\":{\"@id\":\"https:\\\/\\\/www.cbti-bkvt.org\\\/en\\\/inschrijving-in-het-nationaal-register-de-vertalers-zijn-op-straffe-van-een-boete-tot-armoede-veroordeeld\\\/\"},\"author\":{\"name\":\"CBTI Team\",\"@id\":\"https:\\\/\\\/www.cbti-bkvt.org\\\/en\\\/#\\\/schema\\\/person\\\/39694e286cbdc709aed8641743fa4591\"},\"headline\":\"Inschrijving in het nationaal register: de vertalers zijn op straffe van een boete tot armoede veroordeeld\",\"datePublished\":\"2018-02-18T21:03:00+00:00\",\"mainEntityOfPage\":{\"@id\":\"https:\\\/\\\/www.cbti-bkvt.org\\\/en\\\/inschrijving-in-het-nationaal-register-de-vertalers-zijn-op-straffe-van-een-boete-tot-armoede-veroordeeld\\\/\"},\"wordCount\":918,\"commentCount\":0,\"image\":{\"@id\":\"https:\\\/\\\/www.cbti-bkvt.org\\\/en\\\/inschrijving-in-het-nationaal-register-de-vertalers-zijn-op-straffe-van-een-boete-tot-armoede-veroordeeld\\\/#primaryimage\"},\"thumbnailUrl\":\"https:\\\/\\\/www.cbti-bkvt.org\\\/wp-content\\\/uploads\\\/rusty-chain-PXAJSR4-min-2.jpg\",\"articleSection\":[\"Sworn Translators\\\/Interpreters\"],\"inLanguage\":\"en-US\",\"potentialAction\":[{\"@type\":\"CommentAction\",\"name\":\"Comment\",\"target\":[\"https:\\\/\\\/www.cbti-bkvt.org\\\/en\\\/inschrijving-in-het-nationaal-register-de-vertalers-zijn-op-straffe-van-een-boete-tot-armoede-veroordeeld\\\/#respond\"]}]},{\"@type\":\"WebPage\",\"@id\":\"https:\\\/\\\/www.cbti-bkvt.org\\\/en\\\/inschrijving-in-het-nationaal-register-de-vertalers-zijn-op-straffe-van-een-boete-tot-armoede-veroordeeld\\\/\",\"url\":\"https:\\\/\\\/www.cbti-bkvt.org\\\/en\\\/inschrijving-in-het-nationaal-register-de-vertalers-zijn-op-straffe-van-een-boete-tot-armoede-veroordeeld\\\/\",\"name\":\"Inschrijving in het nationaal register: de vertalers zijn op straffe van een boete tot armoede veroordeeld - Chambre Belge des Traducteurs et Interpr\u00e8tes | Belgische Kamer van Vertalers en Tolken\",\"isPartOf\":{\"@id\":\"https:\\\/\\\/www.cbti-bkvt.org\\\/en\\\/#website\"},\"primaryImageOfPage\":{\"@id\":\"https:\\\/\\\/www.cbti-bkvt.org\\\/en\\\/inschrijving-in-het-nationaal-register-de-vertalers-zijn-op-straffe-van-een-boete-tot-armoede-veroordeeld\\\/#primaryimage\"},\"image\":{\"@id\":\"https:\\\/\\\/www.cbti-bkvt.org\\\/en\\\/inschrijving-in-het-nationaal-register-de-vertalers-zijn-op-straffe-van-een-boete-tot-armoede-veroordeeld\\\/#primaryimage\"},\"thumbnailUrl\":\"https:\\\/\\\/www.cbti-bkvt.org\\\/wp-content\\\/uploads\\\/rusty-chain-PXAJSR4-min-2.jpg\",\"datePublished\":\"2018-02-18T21:03:00+00:00\",\"author\":{\"@id\":\"https:\\\/\\\/www.cbti-bkvt.org\\\/en\\\/#\\\/schema\\\/person\\\/39694e286cbdc709aed8641743fa4591\"},\"breadcrumb\":{\"@id\":\"https:\\\/\\\/www.cbti-bkvt.org\\\/en\\\/inschrijving-in-het-nationaal-register-de-vertalers-zijn-op-straffe-van-een-boete-tot-armoede-veroordeeld\\\/#breadcrumb\"},\"inLanguage\":\"en-US\",\"potentialAction\":[{\"@type\":\"ReadAction\",\"target\":[\"https:\\\/\\\/www.cbti-bkvt.org\\\/en\\\/inschrijving-in-het-nationaal-register-de-vertalers-zijn-op-straffe-van-een-boete-tot-armoede-veroordeeld\\\/\"]}]},{\"@type\":\"ImageObject\",\"inLanguage\":\"en-US\",\"@id\":\"https:\\\/\\\/www.cbti-bkvt.org\\\/en\\\/inschrijving-in-het-nationaal-register-de-vertalers-zijn-op-straffe-van-een-boete-tot-armoede-veroordeeld\\\/#primaryimage\",\"url\":\"https:\\\/\\\/www.cbti-bkvt.org\\\/wp-content\\\/uploads\\\/rusty-chain-PXAJSR4-min-2.jpg\",\"contentUrl\":\"https:\\\/\\\/www.cbti-bkvt.org\\\/wp-content\\\/uploads\\\/rusty-chain-PXAJSR4-min-2.jpg\",\"width\":1000,\"height\":688},{\"@type\":\"BreadcrumbList\",\"@id\":\"https:\\\/\\\/www.cbti-bkvt.org\\\/en\\\/inschrijving-in-het-nationaal-register-de-vertalers-zijn-op-straffe-van-een-boete-tot-armoede-veroordeeld\\\/#breadcrumb\",\"itemListElement\":[{\"@type\":\"ListItem\",\"position\":1,\"name\":\"Home\",\"item\":\"https:\\\/\\\/www.cbti-bkvt.org\\\/en\\\/\"},{\"@type\":\"ListItem\",\"position\":2,\"name\":\"Inschrijving in het nationaal register: de vertalers zijn op straffe van een boete tot armoede veroordeeld\"}]},{\"@type\":\"WebSite\",\"@id\":\"https:\\\/\\\/www.cbti-bkvt.org\\\/en\\\/#website\",\"url\":\"https:\\\/\\\/www.cbti-bkvt.org\\\/en\\\/\",\"name\":\"Chambre Belge des Traducteurs et Interpr\u00e8tes | Belgische Kamer van Vertalers en Tolken\",\"description\":\"M\u00e9tiers de la traduction \u00e9crite, l\u2019interpr\u00e9tation de conf\u00e9rence, la traduction et l\u2019interpr\u00e9tation en milieu judiciaire.\",\"potentialAction\":[{\"@type\":\"SearchAction\",\"target\":{\"@type\":\"EntryPoint\",\"urlTemplate\":\"https:\\\/\\\/www.cbti-bkvt.org\\\/en\\\/?s={search_term_string}\"},\"query-input\":{\"@type\":\"PropertyValueSpecification\",\"valueRequired\":true,\"valueName\":\"search_term_string\"}}],\"inLanguage\":\"en-US\"},{\"@type\":\"Person\",\"@id\":\"https:\\\/\\\/www.cbti-bkvt.org\\\/en\\\/#\\\/schema\\\/person\\\/39694e286cbdc709aed8641743fa4591\",\"name\":\"CBTI Team\",\"image\":{\"@type\":\"ImageObject\",\"inLanguage\":\"en-US\",\"@id\":\"https:\\\/\\\/secure.gravatar.com\\\/avatar\\\/46840e5c253419e7ddd36cf1b42202f1266a0347bb63a6b4f82b38f71ada6150?s=96&d=mm&r=g\",\"url\":\"https:\\\/\\\/secure.gravatar.com\\\/avatar\\\/46840e5c253419e7ddd36cf1b42202f1266a0347bb63a6b4f82b38f71ada6150?s=96&d=mm&r=g\",\"contentUrl\":\"https:\\\/\\\/secure.gravatar.com\\\/avatar\\\/46840e5c253419e7ddd36cf1b42202f1266a0347bb63a6b4f82b38f71ada6150?s=96&d=mm&r=g\",\"caption\":\"CBTI Team\"},\"sameAs\":[\"http:\\\/\\\/www.cbti-bkvt.org\"],\"url\":\"https:\\\/\\\/www.cbti-bkvt.org\\\/en\\\/author\\\/cbtitrad__gestion\\\/\"}]}<\/script>\n<!-- \/ Yoast SEO plugin. -->","yoast_head_json":{"title":"Chambre Belge des Traducteurs et Interpr\u00e8tes | Belgische Kamer van Vertalers en Tolken","robots":{"index":"index","follow":"follow","max-snippet":"max-snippet:-1","max-image-preview":"max-image-preview:large","max-video-preview":"max-video-preview:-1"},"canonical":"https:\/\/www.cbti-bkvt.org\/en\/inschrijving-in-het-nationaal-register-de-vertalers-zijn-op-straffe-van-een-boete-tot-armoede-veroordeeld\/","og_locale":"en_US","og_type":"article","og_title":"Inschrijving in het nationaal register: de vertalers zijn op straffe van een boete tot armoede veroordeeld - Chambre Belge des Traducteurs et Interpr\u00e8tes | Belgische Kamer van Vertalers en Tolken","og_description":"Column: sinds wanneer is de vertaler het slaafje van de Staat? Beroep: be\u00ebdigd vertaler. Sinds mijn registratie bij de rechtbank van mijn provincie, bijna drie jaar geleden, met de bedoeling burgers te helpen bij hun meertalige administratieve en wetgevende stappen, heb ik nooit ofte nimmer rechtsreeks voor rekening van de rechtbanken gewerkt. Tot ik in&hellip;&nbsp;Read More &raquo;Inschrijving in het nationaal register: de vertalers zijn op straffe van een boete tot armoede veroordeeld","og_url":"https:\/\/www.cbti-bkvt.org\/en\/inschrijving-in-het-nationaal-register-de-vertalers-zijn-op-straffe-van-een-boete-tot-armoede-veroordeeld\/","og_site_name":"Chambre Belge des Traducteurs et Interpr\u00e8tes | Belgische Kamer van Vertalers en Tolken","article_published_time":"2018-02-18T21:03:00+00:00","author":"CBTI Team","twitter_card":"summary_large_image","twitter_misc":{"Written by":"CBTI Team","Est. reading time":"5 minutes"},"schema":{"@context":"https:\/\/schema.org","@graph":[{"@type":"Article","@id":"https:\/\/www.cbti-bkvt.org\/en\/inschrijving-in-het-nationaal-register-de-vertalers-zijn-op-straffe-van-een-boete-tot-armoede-veroordeeld\/#article","isPartOf":{"@id":"https:\/\/www.cbti-bkvt.org\/en\/inschrijving-in-het-nationaal-register-de-vertalers-zijn-op-straffe-van-een-boete-tot-armoede-veroordeeld\/"},"author":{"name":"CBTI Team","@id":"https:\/\/www.cbti-bkvt.org\/en\/#\/schema\/person\/39694e286cbdc709aed8641743fa4591"},"headline":"Inschrijving in het nationaal register: de vertalers zijn op straffe van een boete tot armoede veroordeeld","datePublished":"2018-02-18T21:03:00+00:00","mainEntityOfPage":{"@id":"https:\/\/www.cbti-bkvt.org\/en\/inschrijving-in-het-nationaal-register-de-vertalers-zijn-op-straffe-van-een-boete-tot-armoede-veroordeeld\/"},"wordCount":918,"commentCount":0,"image":{"@id":"https:\/\/www.cbti-bkvt.org\/en\/inschrijving-in-het-nationaal-register-de-vertalers-zijn-op-straffe-van-een-boete-tot-armoede-veroordeeld\/#primaryimage"},"thumbnailUrl":"https:\/\/www.cbti-bkvt.org\/wp-content\/uploads\/rusty-chain-PXAJSR4-min-2.jpg","articleSection":["Sworn Translators\/Interpreters"],"inLanguage":"en-US","potentialAction":[{"@type":"CommentAction","name":"Comment","target":["https:\/\/www.cbti-bkvt.org\/en\/inschrijving-in-het-nationaal-register-de-vertalers-zijn-op-straffe-van-een-boete-tot-armoede-veroordeeld\/#respond"]}]},{"@type":"WebPage","@id":"https:\/\/www.cbti-bkvt.org\/en\/inschrijving-in-het-nationaal-register-de-vertalers-zijn-op-straffe-van-een-boete-tot-armoede-veroordeeld\/","url":"https:\/\/www.cbti-bkvt.org\/en\/inschrijving-in-het-nationaal-register-de-vertalers-zijn-op-straffe-van-een-boete-tot-armoede-veroordeeld\/","name":"Inschrijving in het nationaal register: de vertalers zijn op straffe van een boete tot armoede veroordeeld - Chambre Belge des Traducteurs et Interpr\u00e8tes | Belgische Kamer van Vertalers en Tolken","isPartOf":{"@id":"https:\/\/www.cbti-bkvt.org\/en\/#website"},"primaryImageOfPage":{"@id":"https:\/\/www.cbti-bkvt.org\/en\/inschrijving-in-het-nationaal-register-de-vertalers-zijn-op-straffe-van-een-boete-tot-armoede-veroordeeld\/#primaryimage"},"image":{"@id":"https:\/\/www.cbti-bkvt.org\/en\/inschrijving-in-het-nationaal-register-de-vertalers-zijn-op-straffe-van-een-boete-tot-armoede-veroordeeld\/#primaryimage"},"thumbnailUrl":"https:\/\/www.cbti-bkvt.org\/wp-content\/uploads\/rusty-chain-PXAJSR4-min-2.jpg","datePublished":"2018-02-18T21:03:00+00:00","author":{"@id":"https:\/\/www.cbti-bkvt.org\/en\/#\/schema\/person\/39694e286cbdc709aed8641743fa4591"},"breadcrumb":{"@id":"https:\/\/www.cbti-bkvt.org\/en\/inschrijving-in-het-nationaal-register-de-vertalers-zijn-op-straffe-van-een-boete-tot-armoede-veroordeeld\/#breadcrumb"},"inLanguage":"en-US","potentialAction":[{"@type":"ReadAction","target":["https:\/\/www.cbti-bkvt.org\/en\/inschrijving-in-het-nationaal-register-de-vertalers-zijn-op-straffe-van-een-boete-tot-armoede-veroordeeld\/"]}]},{"@type":"ImageObject","inLanguage":"en-US","@id":"https:\/\/www.cbti-bkvt.org\/en\/inschrijving-in-het-nationaal-register-de-vertalers-zijn-op-straffe-van-een-boete-tot-armoede-veroordeeld\/#primaryimage","url":"https:\/\/www.cbti-bkvt.org\/wp-content\/uploads\/rusty-chain-PXAJSR4-min-2.jpg","contentUrl":"https:\/\/www.cbti-bkvt.org\/wp-content\/uploads\/rusty-chain-PXAJSR4-min-2.jpg","width":1000,"height":688},{"@type":"BreadcrumbList","@id":"https:\/\/www.cbti-bkvt.org\/en\/inschrijving-in-het-nationaal-register-de-vertalers-zijn-op-straffe-van-een-boete-tot-armoede-veroordeeld\/#breadcrumb","itemListElement":[{"@type":"ListItem","position":1,"name":"Home","item":"https:\/\/www.cbti-bkvt.org\/en\/"},{"@type":"ListItem","position":2,"name":"Inschrijving in het nationaal register: de vertalers zijn op straffe van een boete tot armoede veroordeeld"}]},{"@type":"WebSite","@id":"https:\/\/www.cbti-bkvt.org\/en\/#website","url":"https:\/\/www.cbti-bkvt.org\/en\/","name":"Chambre Belge des Traducteurs et Interpr\u00e8tes | Belgische Kamer van Vertalers en Tolken","description":"M\u00e9tiers de la traduction \u00e9crite, l\u2019interpr\u00e9tation de conf\u00e9rence, la traduction et l\u2019interpr\u00e9tation en milieu judiciaire.","potentialAction":[{"@type":"SearchAction","target":{"@type":"EntryPoint","urlTemplate":"https:\/\/www.cbti-bkvt.org\/en\/?s={search_term_string}"},"query-input":{"@type":"PropertyValueSpecification","valueRequired":true,"valueName":"search_term_string"}}],"inLanguage":"en-US"},{"@type":"Person","@id":"https:\/\/www.cbti-bkvt.org\/en\/#\/schema\/person\/39694e286cbdc709aed8641743fa4591","name":"CBTI Team","image":{"@type":"ImageObject","inLanguage":"en-US","@id":"https:\/\/secure.gravatar.com\/avatar\/46840e5c253419e7ddd36cf1b42202f1266a0347bb63a6b4f82b38f71ada6150?s=96&d=mm&r=g","url":"https:\/\/secure.gravatar.com\/avatar\/46840e5c253419e7ddd36cf1b42202f1266a0347bb63a6b4f82b38f71ada6150?s=96&d=mm&r=g","contentUrl":"https:\/\/secure.gravatar.com\/avatar\/46840e5c253419e7ddd36cf1b42202f1266a0347bb63a6b4f82b38f71ada6150?s=96&d=mm&r=g","caption":"CBTI Team"},"sameAs":["http:\/\/www.cbti-bkvt.org"],"url":"https:\/\/www.cbti-bkvt.org\/en\/author\/cbtitrad__gestion\/"}]}},"_links":{"self":[{"href":"https:\/\/www.cbti-bkvt.org\/en\/wp-json\/wp\/v2\/posts\/25837","targetHints":{"allow":["GET"]}}],"collection":[{"href":"https:\/\/www.cbti-bkvt.org\/en\/wp-json\/wp\/v2\/posts"}],"about":[{"href":"https:\/\/www.cbti-bkvt.org\/en\/wp-json\/wp\/v2\/types\/post"}],"author":[{"embeddable":true,"href":"https:\/\/www.cbti-bkvt.org\/en\/wp-json\/wp\/v2\/users\/1"}],"replies":[{"embeddable":true,"href":"https:\/\/www.cbti-bkvt.org\/en\/wp-json\/wp\/v2\/comments?post=25837"}],"version-history":[{"count":0,"href":"https:\/\/www.cbti-bkvt.org\/en\/wp-json\/wp\/v2\/posts\/25837\/revisions"}],"wp:featuredmedia":[{"embeddable":true,"href":"https:\/\/www.cbti-bkvt.org\/en\/wp-json\/wp\/v2\/media\/22113"}],"wp:attachment":[{"href":"https:\/\/www.cbti-bkvt.org\/en\/wp-json\/wp\/v2\/media?parent=25837"}],"wp:term":[{"taxonomy":"category","embeddable":true,"href":"https:\/\/www.cbti-bkvt.org\/en\/wp-json\/wp\/v2\/categories?post=25837"},{"taxonomy":"post_tag","embeddable":true,"href":"https:\/\/www.cbti-bkvt.org\/en\/wp-json\/wp\/v2\/tags?post=25837"}],"curies":[{"name":"wp","href":"https:\/\/api.w.org\/{rel}","templated":true}]}}