{"id":25838,"date":"2018-03-31T13:04:00","date_gmt":"2018-03-31T13:04:00","guid":{"rendered":"https:\/\/www.cbti-bkvt.org\/avg-juridisch-advies-voor-zelfstandige-vertalers-en-tolken\/"},"modified":"2025-04-24T10:17:20","modified_gmt":"2025-04-24T10:17:20","slug":"avg-juridisch-advies-voor-zelfstandige-vertalers-en-tolken","status":"publish","type":"post","link":"https:\/\/www.cbti-bkvt.org\/en\/avg-juridisch-advies-voor-zelfstandige-vertalers-en-tolken\/","title":{"rendered":"Juridisch advies: de AVG voor zelfstandige vertalers en tolken"},"content":{"rendered":"<p>Hieronder vindt u een downloadbaar document (toegang beperkt tot leden) met het <strong>juridische advies<\/strong> van <strong>BKVT-advocate Karine Roobrouck<\/strong>.<\/p>\n<p>De <strong>Algemene Verordening Gegevensbescherming<\/strong>, kortweg de \u201cAVG\u201d, of in het Engels de \u201cGDPR\u201d, houdt menig ondernemer bezig op dit ogenblik. Er wordt druk bestudeerd en gespeculeerd over wat dit nu in de praktijk allemaal met zich mee zal brengen en hoe de Privacycommissie de naleving van de AVG zal afdwingen. Weet dat het op dit ogenblik ook voor juridisch adviseurs nog niet helemaal duidelijk is. De Privacycommissie heeft al wel wat aanbevelingen gepubliceerd, maar er is nog geen rechtspraak over hoe de AVG ge\u00efnterpreteerd dient te worden.<\/p>\n<p>Om die reden dient <strong>dit advies<\/strong> ge\u00efnterpreteerd te worden als een <strong>eerste versie<\/strong>. Het advies zal worden bijgestuurd naarmate een en ander door de rechtspraak en de privacycommissie verduidelijkt wordt.<\/p>\n<p>Dit advies is <strong>eerder theoretisch<\/strong>, zij het wel <strong>toegespitst op de algemene situatie<\/strong> waarmee <strong>vertalers en tolken<\/strong> in de praktijk geconfronteerd worden. Dit advies biedt op dit ogenblik dus geen antwoord op elke specifieke vraag. Op latere tijdstippen zal meer praktijkgericht advies worden verspreid.<\/p>\n<p><em>Meer info: <a title=\"De AVG, vloek of zegen?\" href=\"https:\/\/www.cbti-bkvt.org\/en\/evenement\/de-avg-vloek-of-zegen\/\">De AVG, vloek of zegen?<\/a><\/em><\/p>\n\n\n\n\n\n\n\n\n<? \n\n\/* - - - - - - - - - - - - - - - - - - - - - -\n* Block Container\n* - - - - - - - - - - - - - - - - - - - - - - *\/\n\n?>\n\n<div class=\"  m-flexible m-flexible m-flexible--lastDocument\" id=\"js-lastDocument-block_8a93b12952e125919fed24868afe126a\">\n\n\n        \n\n    <div class=\"m-flexible--lastDocumentContainer\">\n\n        <div class=\"m-postsList\">\n        \n            <div class=\"m-postsList__child row \">\n\n\n\n\n\n\n                \n\n\n\n\n\n\n\n\n\n\n\n\n\n\n\n\n\t<div class=\"m-postsListDocument__item col-12 col-md-6 col-lg-4 col-xl-4\">\n\n\t\t\t<div class=\"m-postsListDocument__item__child\">\n\n\t\t\t\t<a class=\"m-postsListDocument__item__link\" href=\"https:\/\/www.cbti-bkvt.org\/en\/sdm_downloads\/nl-avg-advies\/\">\n\t\t\t\t\n\t\t\t\t\t<div class=\"m-postsListDocument__item__content row justify-content-center\">\n\n\t\t\t\t\t\t<div class=\"m-postsListDocument__item__content__img col-9\">\n\t\t\t\t\t\t\t<img decoding=\"async\" src=\"https:\/\/www.cbti-bkvt.org\/wp-content\/uploads\/NL__AVG_-_advies.pdf.jpg\" alt=\"Image de pr\u00e9sentation pour le document : Juridisch advies: de AVG voor zelfstandige vertalers en tolken\" \/>\t\t\t\t\t\t<\/div>\n\n\t\t\t\t\t\t<div class=\"m-postsListDocument__item__content__txt col-12\">\n\t\t\t\t\t\t\t\n\t\t\t\t\t\t\t<p class=\"m-postsListDocument__item__title\">AVG &#8211; advies<\/p>\n\n\t\t\t\t\t\t\t<div class=\"m-actionContainer m-actionContainer--s3\">\n\t\t\t\t\t\t\t\t<div class=\"m-action\">\n\t\t\t\t\t\t\t\t\t<span>More information<\/span>\n\t\t\t\t\t\t\t\t<\/div>\n\t\t\t\t\t\t\t<\/div><!-- \/actionContainer -->\n\n\n\n\n\t\t\t\t\t\t\n\n\t\t\t\t\t\n\t\t\t\t\t\t<\/div><!-- \/postsListDocument__item__content__txt -->\n\t\t\t\t\t<\/div><!-- \/postsListDocument__item__child__content -->\n\t\t\t\t<\/a><!-- \/postsListDocument__item__link -->\n\n\t\t\t\t\n\t\t\t<\/div><!-- \/postsListDocument__item__child -->\n\n\t<\/div><!-- \/postsListDocument__item -->\n\n\n\n\n\n\n\n\n\n\n\n\n\n\n\n\n\n\n\n\n\n                            \n                    \n\n\n\n\n\n                \n\n\n\n\n            <\/div><!-- \/postsList__child -->\n\n        <\/div><!-- \/postsList -->\n\n    <\/div><!-- \/lastDocumentContainer -->\n\n\n\n\n\n\n<\/div><!-- \/lastDocument flexible -->","protected":false},"excerpt":{"rendered":"<p>Hieronder vindt u een downloadbaar document (toegang beperkt tot leden) met het juridische advies van BKVT-advocate Karine Roobrouck. De Algemene Verordening Gegevensbescherming, kortweg de \u201cAVG\u201d, of in het Engels de \u201cGDPR\u201d, houdt menig ondernemer bezig op dit ogenblik. Er wordt druk bestudeerd en gespeculeerd over wat dit nu in de praktijk allemaal met zich mee&hellip;&nbsp;<a href=\"https:\/\/www.cbti-bkvt.org\/en\/avg-juridisch-advies-voor-zelfstandige-vertalers-en-tolken\/\" rel=\"bookmark\">Read More &raquo;<span class=\"screen-reader-text\">Juridisch advies: de AVG voor zelfstandige vertalers en tolken<\/span><\/a><\/p>\n","protected":false},"author":1,"featured_media":22119,"comment_status":"closed","ping_status":"closed","sticky":false,"template":"","format":"standard","meta":{"_acf_changed":false,"pmpro_default_level":"","neve_meta_sidebar":"","neve_meta_container":"","neve_meta_enable_content_width":"","neve_meta_content_width":0,"neve_meta_title_alignment":"","neve_meta_author_avatar":"","neve_post_elements_order":"","neve_meta_disable_header":"","neve_meta_disable_footer":"","neve_meta_disable_title":"","neve_meta_reading_time":"","footnotes":"","_links_to":"","_links_to_target":""},"categories":[383],"tags":[],"class_list":["post-25838","post","type-post","status-publish","format-standard","has-post-thumbnail","hentry","category-legal-advice","pmpro-has-access"],"acf":[],"yoast_head":"<!-- This site is optimized with the Yoast SEO plugin v27.4 - https:\/\/yoast.com\/product\/yoast-seo-wordpress\/ -->\n<title>Chambre Belge des Traducteurs et Interpr\u00e8tes | Belgische Kamer van Vertalers en Tolken<\/title>\n<meta name=\"robots\" content=\"index, follow, max-snippet:-1, max-image-preview:large, max-video-preview:-1\" \/>\n<link rel=\"canonical\" href=\"https:\/\/www.cbti-bkvt.org\/en\/avg-juridisch-advies-voor-zelfstandige-vertalers-en-tolken\/\" \/>\n<meta property=\"og:locale\" content=\"en_US\" \/>\n<meta property=\"og:type\" content=\"article\" \/>\n<meta property=\"og:title\" content=\"Juridisch advies: de AVG voor zelfstandige vertalers en tolken - Chambre Belge des Traducteurs et Interpr\u00e8tes | Belgische Kamer van Vertalers en Tolken\" \/>\n<meta property=\"og:description\" content=\"Hieronder vindt u een downloadbaar document (toegang beperkt tot leden) met het juridische advies van BKVT-advocate Karine Roobrouck. De Algemene Verordening Gegevensbescherming, kortweg de \u201cAVG\u201d, of in het Engels de \u201cGDPR\u201d, houdt menig ondernemer bezig op dit ogenblik. Er wordt druk bestudeerd en gespeculeerd over wat dit nu in de praktijk allemaal met zich mee&hellip;&nbsp;Read More &raquo;Juridisch advies: de AVG voor zelfstandige vertalers en tolken\" \/>\n<meta property=\"og:url\" content=\"https:\/\/www.cbti-bkvt.org\/en\/avg-juridisch-advies-voor-zelfstandige-vertalers-en-tolken\/\" \/>\n<meta property=\"og:site_name\" content=\"Chambre Belge des Traducteurs et Interpr\u00e8tes | Belgische Kamer van Vertalers en Tolken\" \/>\n<meta property=\"article:published_time\" content=\"2018-03-31T13:04:00+00:00\" \/>\n<meta property=\"article:modified_time\" content=\"2025-04-24T10:17:20+00:00\" \/>\n<meta property=\"og:image\" content=\"https:\/\/www.cbti-bkvt.org\/wp-content\/uploads\/GDPR-mini-7.jpg\" \/>\n\t<meta property=\"og:image:width\" content=\"1000\" \/>\n\t<meta property=\"og:image:height\" content=\"666\" \/>\n\t<meta property=\"og:image:type\" content=\"image\/jpeg\" \/>\n<meta name=\"author\" content=\"CBTI Team\" \/>\n<meta name=\"twitter:card\" content=\"summary_large_image\" \/>\n<meta name=\"twitter:label1\" content=\"Written by\" \/>\n\t<meta name=\"twitter:data1\" content=\"CBTI Team\" \/>\n\t<meta name=\"twitter:label2\" content=\"Est. reading time\" \/>\n\t<meta name=\"twitter:data2\" content=\"1 minute\" \/>\n<script type=\"application\/ld+json\" class=\"yoast-schema-graph\">{\"@context\":\"https:\\\/\\\/schema.org\",\"@graph\":[{\"@type\":\"Article\",\"@id\":\"https:\\\/\\\/www.cbti-bkvt.org\\\/en\\\/avg-juridisch-advies-voor-zelfstandige-vertalers-en-tolken\\\/#article\",\"isPartOf\":{\"@id\":\"https:\\\/\\\/www.cbti-bkvt.org\\\/en\\\/avg-juridisch-advies-voor-zelfstandige-vertalers-en-tolken\\\/\"},\"author\":{\"name\":\"CBTI Team\",\"@id\":\"https:\\\/\\\/www.cbti-bkvt.org\\\/en\\\/#\\\/schema\\\/person\\\/39694e286cbdc709aed8641743fa4591\"},\"headline\":\"Juridisch advies: de AVG voor zelfstandige vertalers en tolken\",\"datePublished\":\"2018-03-31T13:04:00+00:00\",\"dateModified\":\"2025-04-24T10:17:20+00:00\",\"mainEntityOfPage\":{\"@id\":\"https:\\\/\\\/www.cbti-bkvt.org\\\/en\\\/avg-juridisch-advies-voor-zelfstandige-vertalers-en-tolken\\\/\"},\"wordCount\":197,\"image\":{\"@id\":\"https:\\\/\\\/www.cbti-bkvt.org\\\/en\\\/avg-juridisch-advies-voor-zelfstandige-vertalers-en-tolken\\\/#primaryimage\"},\"thumbnailUrl\":\"https:\\\/\\\/www.cbti-bkvt.org\\\/wp-content\\\/uploads\\\/GDPR-mini-7.jpg\",\"articleSection\":[\"Legal Advice\"],\"inLanguage\":\"en-US\"},{\"@type\":\"WebPage\",\"@id\":\"https:\\\/\\\/www.cbti-bkvt.org\\\/en\\\/avg-juridisch-advies-voor-zelfstandige-vertalers-en-tolken\\\/\",\"url\":\"https:\\\/\\\/www.cbti-bkvt.org\\\/en\\\/avg-juridisch-advies-voor-zelfstandige-vertalers-en-tolken\\\/\",\"name\":\"Juridisch advies: de AVG voor zelfstandige vertalers en tolken - Chambre Belge des Traducteurs et Interpr\u00e8tes | Belgische Kamer van Vertalers en Tolken\",\"isPartOf\":{\"@id\":\"https:\\\/\\\/www.cbti-bkvt.org\\\/en\\\/#website\"},\"primaryImageOfPage\":{\"@id\":\"https:\\\/\\\/www.cbti-bkvt.org\\\/en\\\/avg-juridisch-advies-voor-zelfstandige-vertalers-en-tolken\\\/#primaryimage\"},\"image\":{\"@id\":\"https:\\\/\\\/www.cbti-bkvt.org\\\/en\\\/avg-juridisch-advies-voor-zelfstandige-vertalers-en-tolken\\\/#primaryimage\"},\"thumbnailUrl\":\"https:\\\/\\\/www.cbti-bkvt.org\\\/wp-content\\\/uploads\\\/GDPR-mini-7.jpg\",\"datePublished\":\"2018-03-31T13:04:00+00:00\",\"dateModified\":\"2025-04-24T10:17:20+00:00\",\"author\":{\"@id\":\"https:\\\/\\\/www.cbti-bkvt.org\\\/en\\\/#\\\/schema\\\/person\\\/39694e286cbdc709aed8641743fa4591\"},\"breadcrumb\":{\"@id\":\"https:\\\/\\\/www.cbti-bkvt.org\\\/en\\\/avg-juridisch-advies-voor-zelfstandige-vertalers-en-tolken\\\/#breadcrumb\"},\"inLanguage\":\"en-US\",\"potentialAction\":[{\"@type\":\"ReadAction\",\"target\":[\"https:\\\/\\\/www.cbti-bkvt.org\\\/en\\\/avg-juridisch-advies-voor-zelfstandige-vertalers-en-tolken\\\/\"]}]},{\"@type\":\"ImageObject\",\"inLanguage\":\"en-US\",\"@id\":\"https:\\\/\\\/www.cbti-bkvt.org\\\/en\\\/avg-juridisch-advies-voor-zelfstandige-vertalers-en-tolken\\\/#primaryimage\",\"url\":\"https:\\\/\\\/www.cbti-bkvt.org\\\/wp-content\\\/uploads\\\/GDPR-mini-7.jpg\",\"contentUrl\":\"https:\\\/\\\/www.cbti-bkvt.org\\\/wp-content\\\/uploads\\\/GDPR-mini-7.jpg\",\"width\":1000,\"height\":666},{\"@type\":\"BreadcrumbList\",\"@id\":\"https:\\\/\\\/www.cbti-bkvt.org\\\/en\\\/avg-juridisch-advies-voor-zelfstandige-vertalers-en-tolken\\\/#breadcrumb\",\"itemListElement\":[{\"@type\":\"ListItem\",\"position\":1,\"name\":\"Home\",\"item\":\"https:\\\/\\\/www.cbti-bkvt.org\\\/en\\\/\"},{\"@type\":\"ListItem\",\"position\":2,\"name\":\"Juridisch advies: de AVG voor zelfstandige vertalers en tolken\"}]},{\"@type\":\"WebSite\",\"@id\":\"https:\\\/\\\/www.cbti-bkvt.org\\\/en\\\/#website\",\"url\":\"https:\\\/\\\/www.cbti-bkvt.org\\\/en\\\/\",\"name\":\"Chambre Belge des Traducteurs et Interpr\u00e8tes | Belgische Kamer van Vertalers en Tolken\",\"description\":\"M\u00e9tiers de la traduction \u00e9crite, l\u2019interpr\u00e9tation de conf\u00e9rence, la traduction et l\u2019interpr\u00e9tation en milieu judiciaire.\",\"potentialAction\":[{\"@type\":\"SearchAction\",\"target\":{\"@type\":\"EntryPoint\",\"urlTemplate\":\"https:\\\/\\\/www.cbti-bkvt.org\\\/en\\\/?s={search_term_string}\"},\"query-input\":{\"@type\":\"PropertyValueSpecification\",\"valueRequired\":true,\"valueName\":\"search_term_string\"}}],\"inLanguage\":\"en-US\"},{\"@type\":\"Person\",\"@id\":\"https:\\\/\\\/www.cbti-bkvt.org\\\/en\\\/#\\\/schema\\\/person\\\/39694e286cbdc709aed8641743fa4591\",\"name\":\"CBTI Team\",\"image\":{\"@type\":\"ImageObject\",\"inLanguage\":\"en-US\",\"@id\":\"https:\\\/\\\/secure.gravatar.com\\\/avatar\\\/46840e5c253419e7ddd36cf1b42202f1266a0347bb63a6b4f82b38f71ada6150?s=96&d=mm&r=g\",\"url\":\"https:\\\/\\\/secure.gravatar.com\\\/avatar\\\/46840e5c253419e7ddd36cf1b42202f1266a0347bb63a6b4f82b38f71ada6150?s=96&d=mm&r=g\",\"contentUrl\":\"https:\\\/\\\/secure.gravatar.com\\\/avatar\\\/46840e5c253419e7ddd36cf1b42202f1266a0347bb63a6b4f82b38f71ada6150?s=96&d=mm&r=g\",\"caption\":\"CBTI Team\"},\"sameAs\":[\"http:\\\/\\\/www.cbti-bkvt.org\"],\"url\":\"https:\\\/\\\/www.cbti-bkvt.org\\\/en\\\/author\\\/cbtitrad__gestion\\\/\"}]}<\/script>\n<!-- \/ Yoast SEO plugin. -->","yoast_head_json":{"title":"Chambre Belge des Traducteurs et Interpr\u00e8tes | Belgische Kamer van Vertalers en Tolken","robots":{"index":"index","follow":"follow","max-snippet":"max-snippet:-1","max-image-preview":"max-image-preview:large","max-video-preview":"max-video-preview:-1"},"canonical":"https:\/\/www.cbti-bkvt.org\/en\/avg-juridisch-advies-voor-zelfstandige-vertalers-en-tolken\/","og_locale":"en_US","og_type":"article","og_title":"Juridisch advies: de AVG voor zelfstandige vertalers en tolken - Chambre Belge des Traducteurs et Interpr\u00e8tes | Belgische Kamer van Vertalers en Tolken","og_description":"Hieronder vindt u een downloadbaar document (toegang beperkt tot leden) met het juridische advies van BKVT-advocate Karine Roobrouck. De Algemene Verordening Gegevensbescherming, kortweg de \u201cAVG\u201d, of in het Engels de \u201cGDPR\u201d, houdt menig ondernemer bezig op dit ogenblik. Er wordt druk bestudeerd en gespeculeerd over wat dit nu in de praktijk allemaal met zich mee&hellip;&nbsp;Read More &raquo;Juridisch advies: de AVG voor zelfstandige vertalers en tolken","og_url":"https:\/\/www.cbti-bkvt.org\/en\/avg-juridisch-advies-voor-zelfstandige-vertalers-en-tolken\/","og_site_name":"Chambre Belge des Traducteurs et Interpr\u00e8tes | Belgische Kamer van Vertalers en Tolken","article_published_time":"2018-03-31T13:04:00+00:00","article_modified_time":"2025-04-24T10:17:20+00:00","og_image":[{"width":1000,"height":666,"url":"https:\/\/www.cbti-bkvt.org\/wp-content\/uploads\/GDPR-mini-7.jpg","type":"image\/jpeg"}],"author":"CBTI Team","twitter_card":"summary_large_image","twitter_misc":{"Written by":"CBTI Team","Est. reading time":"1 minute"},"schema":{"@context":"https:\/\/schema.org","@graph":[{"@type":"Article","@id":"https:\/\/www.cbti-bkvt.org\/en\/avg-juridisch-advies-voor-zelfstandige-vertalers-en-tolken\/#article","isPartOf":{"@id":"https:\/\/www.cbti-bkvt.org\/en\/avg-juridisch-advies-voor-zelfstandige-vertalers-en-tolken\/"},"author":{"name":"CBTI Team","@id":"https:\/\/www.cbti-bkvt.org\/en\/#\/schema\/person\/39694e286cbdc709aed8641743fa4591"},"headline":"Juridisch advies: de AVG voor zelfstandige vertalers en tolken","datePublished":"2018-03-31T13:04:00+00:00","dateModified":"2025-04-24T10:17:20+00:00","mainEntityOfPage":{"@id":"https:\/\/www.cbti-bkvt.org\/en\/avg-juridisch-advies-voor-zelfstandige-vertalers-en-tolken\/"},"wordCount":197,"image":{"@id":"https:\/\/www.cbti-bkvt.org\/en\/avg-juridisch-advies-voor-zelfstandige-vertalers-en-tolken\/#primaryimage"},"thumbnailUrl":"https:\/\/www.cbti-bkvt.org\/wp-content\/uploads\/GDPR-mini-7.jpg","articleSection":["Legal Advice"],"inLanguage":"en-US"},{"@type":"WebPage","@id":"https:\/\/www.cbti-bkvt.org\/en\/avg-juridisch-advies-voor-zelfstandige-vertalers-en-tolken\/","url":"https:\/\/www.cbti-bkvt.org\/en\/avg-juridisch-advies-voor-zelfstandige-vertalers-en-tolken\/","name":"Juridisch advies: de AVG voor zelfstandige vertalers en tolken - Chambre Belge des Traducteurs et Interpr\u00e8tes | Belgische Kamer van Vertalers en Tolken","isPartOf":{"@id":"https:\/\/www.cbti-bkvt.org\/en\/#website"},"primaryImageOfPage":{"@id":"https:\/\/www.cbti-bkvt.org\/en\/avg-juridisch-advies-voor-zelfstandige-vertalers-en-tolken\/#primaryimage"},"image":{"@id":"https:\/\/www.cbti-bkvt.org\/en\/avg-juridisch-advies-voor-zelfstandige-vertalers-en-tolken\/#primaryimage"},"thumbnailUrl":"https:\/\/www.cbti-bkvt.org\/wp-content\/uploads\/GDPR-mini-7.jpg","datePublished":"2018-03-31T13:04:00+00:00","dateModified":"2025-04-24T10:17:20+00:00","author":{"@id":"https:\/\/www.cbti-bkvt.org\/en\/#\/schema\/person\/39694e286cbdc709aed8641743fa4591"},"breadcrumb":{"@id":"https:\/\/www.cbti-bkvt.org\/en\/avg-juridisch-advies-voor-zelfstandige-vertalers-en-tolken\/#breadcrumb"},"inLanguage":"en-US","potentialAction":[{"@type":"ReadAction","target":["https:\/\/www.cbti-bkvt.org\/en\/avg-juridisch-advies-voor-zelfstandige-vertalers-en-tolken\/"]}]},{"@type":"ImageObject","inLanguage":"en-US","@id":"https:\/\/www.cbti-bkvt.org\/en\/avg-juridisch-advies-voor-zelfstandige-vertalers-en-tolken\/#primaryimage","url":"https:\/\/www.cbti-bkvt.org\/wp-content\/uploads\/GDPR-mini-7.jpg","contentUrl":"https:\/\/www.cbti-bkvt.org\/wp-content\/uploads\/GDPR-mini-7.jpg","width":1000,"height":666},{"@type":"BreadcrumbList","@id":"https:\/\/www.cbti-bkvt.org\/en\/avg-juridisch-advies-voor-zelfstandige-vertalers-en-tolken\/#breadcrumb","itemListElement":[{"@type":"ListItem","position":1,"name":"Home","item":"https:\/\/www.cbti-bkvt.org\/en\/"},{"@type":"ListItem","position":2,"name":"Juridisch advies: de AVG voor zelfstandige vertalers en tolken"}]},{"@type":"WebSite","@id":"https:\/\/www.cbti-bkvt.org\/en\/#website","url":"https:\/\/www.cbti-bkvt.org\/en\/","name":"Chambre Belge des Traducteurs et Interpr\u00e8tes | Belgische Kamer van Vertalers en Tolken","description":"M\u00e9tiers de la traduction \u00e9crite, l\u2019interpr\u00e9tation de conf\u00e9rence, la traduction et l\u2019interpr\u00e9tation en milieu judiciaire.","potentialAction":[{"@type":"SearchAction","target":{"@type":"EntryPoint","urlTemplate":"https:\/\/www.cbti-bkvt.org\/en\/?s={search_term_string}"},"query-input":{"@type":"PropertyValueSpecification","valueRequired":true,"valueName":"search_term_string"}}],"inLanguage":"en-US"},{"@type":"Person","@id":"https:\/\/www.cbti-bkvt.org\/en\/#\/schema\/person\/39694e286cbdc709aed8641743fa4591","name":"CBTI Team","image":{"@type":"ImageObject","inLanguage":"en-US","@id":"https:\/\/secure.gravatar.com\/avatar\/46840e5c253419e7ddd36cf1b42202f1266a0347bb63a6b4f82b38f71ada6150?s=96&d=mm&r=g","url":"https:\/\/secure.gravatar.com\/avatar\/46840e5c253419e7ddd36cf1b42202f1266a0347bb63a6b4f82b38f71ada6150?s=96&d=mm&r=g","contentUrl":"https:\/\/secure.gravatar.com\/avatar\/46840e5c253419e7ddd36cf1b42202f1266a0347bb63a6b4f82b38f71ada6150?s=96&d=mm&r=g","caption":"CBTI Team"},"sameAs":["http:\/\/www.cbti-bkvt.org"],"url":"https:\/\/www.cbti-bkvt.org\/en\/author\/cbtitrad__gestion\/"}]}},"_links":{"self":[{"href":"https:\/\/www.cbti-bkvt.org\/en\/wp-json\/wp\/v2\/posts\/25838","targetHints":{"allow":["GET"]}}],"collection":[{"href":"https:\/\/www.cbti-bkvt.org\/en\/wp-json\/wp\/v2\/posts"}],"about":[{"href":"https:\/\/www.cbti-bkvt.org\/en\/wp-json\/wp\/v2\/types\/post"}],"author":[{"embeddable":true,"href":"https:\/\/www.cbti-bkvt.org\/en\/wp-json\/wp\/v2\/users\/1"}],"replies":[{"embeddable":true,"href":"https:\/\/www.cbti-bkvt.org\/en\/wp-json\/wp\/v2\/comments?post=25838"}],"version-history":[{"count":2,"href":"https:\/\/www.cbti-bkvt.org\/en\/wp-json\/wp\/v2\/posts\/25838\/revisions"}],"predecessor-version":[{"id":32615,"href":"https:\/\/www.cbti-bkvt.org\/en\/wp-json\/wp\/v2\/posts\/25838\/revisions\/32615"}],"wp:featuredmedia":[{"embeddable":true,"href":"https:\/\/www.cbti-bkvt.org\/en\/wp-json\/wp\/v2\/media\/22119"}],"wp:attachment":[{"href":"https:\/\/www.cbti-bkvt.org\/en\/wp-json\/wp\/v2\/media?parent=25838"}],"wp:term":[{"taxonomy":"category","embeddable":true,"href":"https:\/\/www.cbti-bkvt.org\/en\/wp-json\/wp\/v2\/categories?post=25838"},{"taxonomy":"post_tag","embeddable":true,"href":"https:\/\/www.cbti-bkvt.org\/en\/wp-json\/wp\/v2\/tags?post=25838"}],"curies":[{"name":"wp","href":"https:\/\/api.w.org\/{rel}","templated":true}]}}