{"id":25861,"date":"2019-03-22T14:53:00","date_gmt":"2019-03-22T14:53:00","guid":{"rendered":"https:\/\/www.cbti-bkvt.org\/opleiding-juridische-kennis-voor-beedigd-vertalers-en-tolken-getuigschrift-erkend-door-fod-justitie\/"},"modified":"2024-01-14T20:47:14","modified_gmt":"2024-01-14T20:47:14","slug":"opleiding-juridische-kennis-voor-beedigd-vertalers-en-tolken-getuigschrift-erkend-door-fod-justitie","status":"publish","type":"post","link":"https:\/\/www.cbti-bkvt.org\/en\/opleiding-juridische-kennis-voor-beedigd-vertalers-en-tolken-getuigschrift-erkend-door-fod-justitie\/","title":{"rendered":"Opleiding juridische kennis voor be\u00ebdigd vertalers en tolken &#8211; Getuigschrift erkend door FOD Justitie"},"content":{"rendered":"<p><!--Opleiding juridische kennis voor be\u00ebdigd vertalers en tolken - Getuigschrift erkend door FOD Justitie--><\/p>\n<p><strong>[UPDATE] Deze opleiding wordt niet georganiseerd. We verwijzen u door naar <a href=\"https:\/\/www.cbti-bkvt.org\/en\/de-bkvt-ziet-af-van-haar-juridische-opleiding-voor-beedigd-vertalers-tolken-bvt\/\">dit artikel<\/a> voor meer informatie.<\/strong><\/p>\n<hr \/>\n<p>Overeenkomstig het <a href=\"http:\/\/www.ejustice.just.fgov.be\/eli\/besluit\/2018\/03\/30\/2018030809\/justel\">Koninklijk Besluit van 30 maart 2018<\/a> betreffende de juridische opleiding zoals bedoeld in artikel 25 van de wet van 10 april 2014 et in artikel 991octies, 2\u00b0, van het Gerechtelijk Wetboek, dient elke (reeds gevestigde) <strong>be\u00ebdigd vertaler en\/of tolk<\/strong> een <strong>opleiding te volgen<\/strong> zoals omschreven in artikel 4 van voornoemd koninklijk besluit en <strong>het bewijs leveren van zijn juridische kennis<\/strong> door te slagen in een evaluatie over alle modules van het nader omschreven opleidingsprogramma.<\/p>\n<p>De <strong>Belgische Kamer<\/strong> zal in 2020 een <strong>opleiding juridische kennis<\/strong> aanbieden voor be\u00ebdigd vertalers en\/of tolken die aan alle eisen van dit besluit beantwoordt. <strong>Deze opleiding wordt grotendeels als webinar gegeven<\/strong>. De BKVT zal immers eerstdaags als <strong>officieel opleidingsorganisator<\/strong> worden erkend. De opleiding van Interact J., die vroeger door LinguaJuris was georganiseerd, wordt momenteel aangepast in functie van de nieuwe normen. Meer details hierover krijgen jullie in 2020. We herinneren eraan dat alle be\u00ebdigd vertalers-tolken <strong>uiterlijk tegen 30\/11\/2021<\/strong> aan alle eisen van <strong>deze nieuwe wet zullen moeten voldoen<\/strong>. Na die datum zal elke persoon die voorlopig in het register is ingeschreven, maar geen definitieve inschrijvingsaanvraag met voorlegging van een getuigschrift dat hij\/zij geslaagd is in de opleiding indient, van het register worden geschrapt.<\/p>\n<h3>Praktische informatie<\/h3>\n<ul>\n<li>Aanvang van de opleiding: in de loop van 2020<\/li>\n<li>Duur van de opleiding: 32 uur (30\u00a0uur les [<strong>grotendeels als webinar gegeven<\/strong>] en 2\u00a0uur test)<\/li>\n<li>Kostprijs: ongeveer <strong>\u20ac\u00a0300<\/strong> voor leden en <strong>\u20ac\u00a0500<\/strong> voor niet-leden<\/li>\n<\/ul>\n<h3>Voorlopig programma<\/h3>\n<table style=\"font-size: 85%;\" border=\"1\">\n<tbody>\n<tr>\n<td><\/td>\n<td>Aantal<br \/>\nlesuren<\/td>\n<\/tr>\n<tr>\n<td><b>Algemeen overzicht van het Belgisch rechtssysteem en van het politiek en administratief stelsel<\/b><\/p>\n<p style=\"text-align: left; padding-left: 15pt;\">\u2022 Organisatie van de raderen van de Staat en van Justitie in Belgi\u00eb<br \/>\n\u2022 De bronnen van het recht<br \/>\n\u2022 De justiti\u00eble actoren<\/p>\n<\/td>\n<td align=\"center\">6\u00a0u<\/td>\n<\/tr>\n<tr>\n<td><b>Recht<\/b><\/p>\n<p style=\"text-align: left; padding-left: 15pt;\">\u2022 Strafprocesrecht<br \/>\n\u2022 Burgerlijk procesrecht<\/p>\n<\/td>\n<td align=\"center\">6\u00a0u<\/td>\n<\/tr>\n<tr>\n<td><b>Gerechtskosten en tarifering<\/b><\/td>\n<td align=\"center\">1\u00a0u<\/td>\n<\/tr>\n<tr>\n<td><b>Juridische terminologie<\/b><\/td>\n<td align=\"center\">6\u00a0u<\/td>\n<\/tr>\n<tr>\n<td><b>Deontologie<\/b><\/p>\n<p style=\"text-align: left; padding-left: 15pt;\">\u2022 Rechten en plichten<br \/>\n\u2022 Tolkhouding<br \/>\n\u2022 De rol van de vertaler, de tolk en de vertaler-tolk in strafrechtelijke en burgerrechtelijke procedures<\/p>\n<\/td>\n<td align=\"center\">3\u00a0u<\/td>\n<\/tr>\n<tr>\n<td><b>Praktische aspecten<\/b><\/p>\n<p style=\"text-align: left; padding-left: 15pt;\">\u2022 Tolktechnieken<br \/>\n\u2022 Het gebruik van de telefoontapprogramma\u2019s<br \/>\n\u2022 De verschillende interventietypes<br \/>\n(politie, onderzoeksrechter, zitting op de rechtbank, kamer van inbeschuldigingstelling&#8230;)<br \/>\n\u2022 Typologie van de teksten en mondelinge oefeningen: analyse van de processen-verbaal, vonnissen&#8230;<br \/>\n\u2022 De werking van het nationaal register voor vertalers en tolken<\/p>\n<\/td>\n<td align=\"center\">8\u00a0u<\/td>\n<\/tr>\n<tr>\n<td><b>Test<\/b><\/td>\n<td align=\"center\">2\u00a0u<\/td>\n<\/tr>\n<\/tbody>\n<\/table>\n","protected":false},"excerpt":{"rendered":"<p>[UPDATE] Deze opleiding wordt niet georganiseerd. We verwijzen u door naar dit artikel voor meer informatie. Overeenkomstig het Koninklijk Besluit van 30 maart 2018 betreffende de juridische opleiding zoals bedoeld in artikel 25 van de wet van 10 april 2014 et in artikel 991octies, 2\u00b0, van het Gerechtelijk Wetboek, dient elke (reeds gevestigde) be\u00ebdigd vertaler&hellip;&nbsp;<a href=\"https:\/\/www.cbti-bkvt.org\/en\/opleiding-juridische-kennis-voor-beedigd-vertalers-en-tolken-getuigschrift-erkend-door-fod-justitie\/\" rel=\"bookmark\">Read More &raquo;<span class=\"screen-reader-text\">Opleiding juridische kennis voor be\u00ebdigd vertalers en tolken &#8211; Getuigschrift erkend door FOD Justitie<\/span><\/a><\/p>\n","protected":false},"author":1,"featured_media":22147,"comment_status":"open","ping_status":"open","sticky":false,"template":"","format":"standard","meta":{"_acf_changed":false,"pmpro_default_level":"","neve_meta_sidebar":"","neve_meta_container":"","neve_meta_enable_content_width":"","neve_meta_content_width":0,"neve_meta_title_alignment":"","neve_meta_author_avatar":"","neve_post_elements_order":"","neve_meta_disable_header":"","neve_meta_disable_footer":"","neve_meta_disable_title":"","neve_meta_reading_time":"","footnotes":"","_links_to":"","_links_to_target":""},"categories":[403],"tags":[],"class_list":["post-25861","post","type-post","status-publish","format-standard","has-post-thumbnail","hentry","category-sworn-translators-interpreters","pmpro-has-access"],"acf":[],"yoast_head":"<!-- This site is optimized with the Yoast SEO plugin v27.4 - https:\/\/yoast.com\/product\/yoast-seo-wordpress\/ -->\n<title>Chambre Belge des Traducteurs et Interpr\u00e8tes | Belgische Kamer van Vertalers en Tolken<\/title>\n<meta name=\"robots\" content=\"index, follow, max-snippet:-1, max-image-preview:large, max-video-preview:-1\" \/>\n<link rel=\"canonical\" href=\"https:\/\/www.cbti-bkvt.org\/en\/opleiding-juridische-kennis-voor-beedigd-vertalers-en-tolken-getuigschrift-erkend-door-fod-justitie\/\" \/>\n<meta property=\"og:locale\" content=\"en_US\" \/>\n<meta property=\"og:type\" content=\"article\" \/>\n<meta property=\"og:title\" content=\"Opleiding juridische kennis voor be\u00ebdigd vertalers en tolken - Getuigschrift erkend door FOD Justitie - Chambre Belge des Traducteurs et Interpr\u00e8tes | Belgische Kamer van Vertalers en Tolken\" \/>\n<meta property=\"og:description\" content=\"[UPDATE] Deze opleiding wordt niet georganiseerd. We verwijzen u door naar dit artikel voor meer informatie. Overeenkomstig het Koninklijk Besluit van 30 maart 2018 betreffende de juridische opleiding zoals bedoeld in artikel 25 van de wet van 10 april 2014 et in artikel 991octies, 2\u00b0, van het Gerechtelijk Wetboek, dient elke (reeds gevestigde) be\u00ebdigd vertaler&hellip;&nbsp;Read More &raquo;Opleiding juridische kennis voor be\u00ebdigd vertalers en tolken &#8211; Getuigschrift erkend door FOD Justitie\" \/>\n<meta property=\"og:url\" content=\"https:\/\/www.cbti-bkvt.org\/en\/opleiding-juridische-kennis-voor-beedigd-vertalers-en-tolken-getuigschrift-erkend-door-fod-justitie\/\" \/>\n<meta property=\"og:site_name\" content=\"Chambre Belge des Traducteurs et Interpr\u00e8tes | Belgische Kamer van Vertalers en Tolken\" \/>\n<meta property=\"article:published_time\" content=\"2019-03-22T14:53:00+00:00\" \/>\n<meta property=\"article:modified_time\" content=\"2024-01-14T20:47:14+00:00\" \/>\n<meta property=\"og:image\" content=\"https:\/\/www.cbti-bkvt.org\/wp-content\/uploads\/44645030_496615000842005_3974566081497923584_n-min-4.jpg\" \/>\n\t<meta property=\"og:image:width\" content=\"1000\" \/>\n\t<meta property=\"og:image:height\" content=\"666\" \/>\n\t<meta property=\"og:image:type\" content=\"image\/jpeg\" \/>\n<meta name=\"author\" content=\"CBTI Team\" \/>\n<meta name=\"twitter:card\" content=\"summary_large_image\" \/>\n<meta name=\"twitter:label1\" content=\"Written by\" \/>\n\t<meta name=\"twitter:data1\" content=\"CBTI Team\" \/>\n\t<meta name=\"twitter:label2\" content=\"Est. reading time\" \/>\n\t<meta name=\"twitter:data2\" content=\"2 minutes\" \/>\n<script type=\"application\/ld+json\" class=\"yoast-schema-graph\">{\"@context\":\"https:\\\/\\\/schema.org\",\"@graph\":[{\"@type\":\"Article\",\"@id\":\"https:\\\/\\\/www.cbti-bkvt.org\\\/en\\\/opleiding-juridische-kennis-voor-beedigd-vertalers-en-tolken-getuigschrift-erkend-door-fod-justitie\\\/#article\",\"isPartOf\":{\"@id\":\"https:\\\/\\\/www.cbti-bkvt.org\\\/en\\\/opleiding-juridische-kennis-voor-beedigd-vertalers-en-tolken-getuigschrift-erkend-door-fod-justitie\\\/\"},\"author\":{\"name\":\"CBTI Team\",\"@id\":\"https:\\\/\\\/www.cbti-bkvt.org\\\/en\\\/#\\\/schema\\\/person\\\/39694e286cbdc709aed8641743fa4591\"},\"headline\":\"Opleiding juridische kennis voor be\u00ebdigd vertalers en tolken &#8211; Getuigschrift erkend door FOD Justitie\",\"datePublished\":\"2019-03-22T14:53:00+00:00\",\"dateModified\":\"2024-01-14T20:47:14+00:00\",\"mainEntityOfPage\":{\"@id\":\"https:\\\/\\\/www.cbti-bkvt.org\\\/en\\\/opleiding-juridische-kennis-voor-beedigd-vertalers-en-tolken-getuigschrift-erkend-door-fod-justitie\\\/\"},\"wordCount\":375,\"commentCount\":0,\"image\":{\"@id\":\"https:\\\/\\\/www.cbti-bkvt.org\\\/en\\\/opleiding-juridische-kennis-voor-beedigd-vertalers-en-tolken-getuigschrift-erkend-door-fod-justitie\\\/#primaryimage\"},\"thumbnailUrl\":\"https:\\\/\\\/www.cbti-bkvt.org\\\/wp-content\\\/uploads\\\/44645030_496615000842005_3974566081497923584_n-min-4.jpg\",\"articleSection\":[\"Sworn Translators\\\/Interpreters\"],\"inLanguage\":\"en-US\",\"potentialAction\":[{\"@type\":\"CommentAction\",\"name\":\"Comment\",\"target\":[\"https:\\\/\\\/www.cbti-bkvt.org\\\/en\\\/opleiding-juridische-kennis-voor-beedigd-vertalers-en-tolken-getuigschrift-erkend-door-fod-justitie\\\/#respond\"]}]},{\"@type\":\"WebPage\",\"@id\":\"https:\\\/\\\/www.cbti-bkvt.org\\\/en\\\/opleiding-juridische-kennis-voor-beedigd-vertalers-en-tolken-getuigschrift-erkend-door-fod-justitie\\\/\",\"url\":\"https:\\\/\\\/www.cbti-bkvt.org\\\/en\\\/opleiding-juridische-kennis-voor-beedigd-vertalers-en-tolken-getuigschrift-erkend-door-fod-justitie\\\/\",\"name\":\"Opleiding juridische kennis voor be\u00ebdigd vertalers en tolken - Getuigschrift erkend door FOD Justitie - Chambre Belge des Traducteurs et Interpr\u00e8tes | Belgische Kamer van Vertalers en Tolken\",\"isPartOf\":{\"@id\":\"https:\\\/\\\/www.cbti-bkvt.org\\\/en\\\/#website\"},\"primaryImageOfPage\":{\"@id\":\"https:\\\/\\\/www.cbti-bkvt.org\\\/en\\\/opleiding-juridische-kennis-voor-beedigd-vertalers-en-tolken-getuigschrift-erkend-door-fod-justitie\\\/#primaryimage\"},\"image\":{\"@id\":\"https:\\\/\\\/www.cbti-bkvt.org\\\/en\\\/opleiding-juridische-kennis-voor-beedigd-vertalers-en-tolken-getuigschrift-erkend-door-fod-justitie\\\/#primaryimage\"},\"thumbnailUrl\":\"https:\\\/\\\/www.cbti-bkvt.org\\\/wp-content\\\/uploads\\\/44645030_496615000842005_3974566081497923584_n-min-4.jpg\",\"datePublished\":\"2019-03-22T14:53:00+00:00\",\"dateModified\":\"2024-01-14T20:47:14+00:00\",\"author\":{\"@id\":\"https:\\\/\\\/www.cbti-bkvt.org\\\/en\\\/#\\\/schema\\\/person\\\/39694e286cbdc709aed8641743fa4591\"},\"breadcrumb\":{\"@id\":\"https:\\\/\\\/www.cbti-bkvt.org\\\/en\\\/opleiding-juridische-kennis-voor-beedigd-vertalers-en-tolken-getuigschrift-erkend-door-fod-justitie\\\/#breadcrumb\"},\"inLanguage\":\"en-US\",\"potentialAction\":[{\"@type\":\"ReadAction\",\"target\":[\"https:\\\/\\\/www.cbti-bkvt.org\\\/en\\\/opleiding-juridische-kennis-voor-beedigd-vertalers-en-tolken-getuigschrift-erkend-door-fod-justitie\\\/\"]}]},{\"@type\":\"ImageObject\",\"inLanguage\":\"en-US\",\"@id\":\"https:\\\/\\\/www.cbti-bkvt.org\\\/en\\\/opleiding-juridische-kennis-voor-beedigd-vertalers-en-tolken-getuigschrift-erkend-door-fod-justitie\\\/#primaryimage\",\"url\":\"https:\\\/\\\/www.cbti-bkvt.org\\\/wp-content\\\/uploads\\\/44645030_496615000842005_3974566081497923584_n-min-4.jpg\",\"contentUrl\":\"https:\\\/\\\/www.cbti-bkvt.org\\\/wp-content\\\/uploads\\\/44645030_496615000842005_3974566081497923584_n-min-4.jpg\",\"width\":1000,\"height\":666},{\"@type\":\"BreadcrumbList\",\"@id\":\"https:\\\/\\\/www.cbti-bkvt.org\\\/en\\\/opleiding-juridische-kennis-voor-beedigd-vertalers-en-tolken-getuigschrift-erkend-door-fod-justitie\\\/#breadcrumb\",\"itemListElement\":[{\"@type\":\"ListItem\",\"position\":1,\"name\":\"Home\",\"item\":\"https:\\\/\\\/www.cbti-bkvt.org\\\/en\\\/\"},{\"@type\":\"ListItem\",\"position\":2,\"name\":\"Opleiding juridische kennis voor be\u00ebdigd vertalers en tolken &#8211; Getuigschrift erkend door FOD Justitie\"}]},{\"@type\":\"WebSite\",\"@id\":\"https:\\\/\\\/www.cbti-bkvt.org\\\/en\\\/#website\",\"url\":\"https:\\\/\\\/www.cbti-bkvt.org\\\/en\\\/\",\"name\":\"Chambre Belge des Traducteurs et Interpr\u00e8tes | Belgische Kamer van Vertalers en Tolken\",\"description\":\"M\u00e9tiers de la traduction \u00e9crite, l\u2019interpr\u00e9tation de conf\u00e9rence, la traduction et l\u2019interpr\u00e9tation en milieu judiciaire.\",\"potentialAction\":[{\"@type\":\"SearchAction\",\"target\":{\"@type\":\"EntryPoint\",\"urlTemplate\":\"https:\\\/\\\/www.cbti-bkvt.org\\\/en\\\/?s={search_term_string}\"},\"query-input\":{\"@type\":\"PropertyValueSpecification\",\"valueRequired\":true,\"valueName\":\"search_term_string\"}}],\"inLanguage\":\"en-US\"},{\"@type\":\"Person\",\"@id\":\"https:\\\/\\\/www.cbti-bkvt.org\\\/en\\\/#\\\/schema\\\/person\\\/39694e286cbdc709aed8641743fa4591\",\"name\":\"CBTI Team\",\"image\":{\"@type\":\"ImageObject\",\"inLanguage\":\"en-US\",\"@id\":\"https:\\\/\\\/secure.gravatar.com\\\/avatar\\\/46840e5c253419e7ddd36cf1b42202f1266a0347bb63a6b4f82b38f71ada6150?s=96&d=mm&r=g\",\"url\":\"https:\\\/\\\/secure.gravatar.com\\\/avatar\\\/46840e5c253419e7ddd36cf1b42202f1266a0347bb63a6b4f82b38f71ada6150?s=96&d=mm&r=g\",\"contentUrl\":\"https:\\\/\\\/secure.gravatar.com\\\/avatar\\\/46840e5c253419e7ddd36cf1b42202f1266a0347bb63a6b4f82b38f71ada6150?s=96&d=mm&r=g\",\"caption\":\"CBTI Team\"},\"sameAs\":[\"http:\\\/\\\/www.cbti-bkvt.org\"],\"url\":\"https:\\\/\\\/www.cbti-bkvt.org\\\/en\\\/author\\\/cbtitrad__gestion\\\/\"}]}<\/script>\n<!-- \/ Yoast SEO plugin. -->","yoast_head_json":{"title":"Chambre Belge des Traducteurs et Interpr\u00e8tes | Belgische Kamer van Vertalers en Tolken","robots":{"index":"index","follow":"follow","max-snippet":"max-snippet:-1","max-image-preview":"max-image-preview:large","max-video-preview":"max-video-preview:-1"},"canonical":"https:\/\/www.cbti-bkvt.org\/en\/opleiding-juridische-kennis-voor-beedigd-vertalers-en-tolken-getuigschrift-erkend-door-fod-justitie\/","og_locale":"en_US","og_type":"article","og_title":"Opleiding juridische kennis voor be\u00ebdigd vertalers en tolken - Getuigschrift erkend door FOD Justitie - Chambre Belge des Traducteurs et Interpr\u00e8tes | Belgische Kamer van Vertalers en Tolken","og_description":"[UPDATE] Deze opleiding wordt niet georganiseerd. We verwijzen u door naar dit artikel voor meer informatie. Overeenkomstig het Koninklijk Besluit van 30 maart 2018 betreffende de juridische opleiding zoals bedoeld in artikel 25 van de wet van 10 april 2014 et in artikel 991octies, 2\u00b0, van het Gerechtelijk Wetboek, dient elke (reeds gevestigde) be\u00ebdigd vertaler&hellip;&nbsp;Read More &raquo;Opleiding juridische kennis voor be\u00ebdigd vertalers en tolken &#8211; Getuigschrift erkend door FOD Justitie","og_url":"https:\/\/www.cbti-bkvt.org\/en\/opleiding-juridische-kennis-voor-beedigd-vertalers-en-tolken-getuigschrift-erkend-door-fod-justitie\/","og_site_name":"Chambre Belge des Traducteurs et Interpr\u00e8tes | Belgische Kamer van Vertalers en Tolken","article_published_time":"2019-03-22T14:53:00+00:00","article_modified_time":"2024-01-14T20:47:14+00:00","og_image":[{"width":1000,"height":666,"url":"https:\/\/www.cbti-bkvt.org\/wp-content\/uploads\/44645030_496615000842005_3974566081497923584_n-min-4.jpg","type":"image\/jpeg"}],"author":"CBTI Team","twitter_card":"summary_large_image","twitter_misc":{"Written by":"CBTI Team","Est. reading time":"2 minutes"},"schema":{"@context":"https:\/\/schema.org","@graph":[{"@type":"Article","@id":"https:\/\/www.cbti-bkvt.org\/en\/opleiding-juridische-kennis-voor-beedigd-vertalers-en-tolken-getuigschrift-erkend-door-fod-justitie\/#article","isPartOf":{"@id":"https:\/\/www.cbti-bkvt.org\/en\/opleiding-juridische-kennis-voor-beedigd-vertalers-en-tolken-getuigschrift-erkend-door-fod-justitie\/"},"author":{"name":"CBTI Team","@id":"https:\/\/www.cbti-bkvt.org\/en\/#\/schema\/person\/39694e286cbdc709aed8641743fa4591"},"headline":"Opleiding juridische kennis voor be\u00ebdigd vertalers en tolken &#8211; Getuigschrift erkend door FOD Justitie","datePublished":"2019-03-22T14:53:00+00:00","dateModified":"2024-01-14T20:47:14+00:00","mainEntityOfPage":{"@id":"https:\/\/www.cbti-bkvt.org\/en\/opleiding-juridische-kennis-voor-beedigd-vertalers-en-tolken-getuigschrift-erkend-door-fod-justitie\/"},"wordCount":375,"commentCount":0,"image":{"@id":"https:\/\/www.cbti-bkvt.org\/en\/opleiding-juridische-kennis-voor-beedigd-vertalers-en-tolken-getuigschrift-erkend-door-fod-justitie\/#primaryimage"},"thumbnailUrl":"https:\/\/www.cbti-bkvt.org\/wp-content\/uploads\/44645030_496615000842005_3974566081497923584_n-min-4.jpg","articleSection":["Sworn Translators\/Interpreters"],"inLanguage":"en-US","potentialAction":[{"@type":"CommentAction","name":"Comment","target":["https:\/\/www.cbti-bkvt.org\/en\/opleiding-juridische-kennis-voor-beedigd-vertalers-en-tolken-getuigschrift-erkend-door-fod-justitie\/#respond"]}]},{"@type":"WebPage","@id":"https:\/\/www.cbti-bkvt.org\/en\/opleiding-juridische-kennis-voor-beedigd-vertalers-en-tolken-getuigschrift-erkend-door-fod-justitie\/","url":"https:\/\/www.cbti-bkvt.org\/en\/opleiding-juridische-kennis-voor-beedigd-vertalers-en-tolken-getuigschrift-erkend-door-fod-justitie\/","name":"Opleiding juridische kennis voor be\u00ebdigd vertalers en tolken - Getuigschrift erkend door FOD Justitie - Chambre Belge des Traducteurs et Interpr\u00e8tes | Belgische Kamer van Vertalers en Tolken","isPartOf":{"@id":"https:\/\/www.cbti-bkvt.org\/en\/#website"},"primaryImageOfPage":{"@id":"https:\/\/www.cbti-bkvt.org\/en\/opleiding-juridische-kennis-voor-beedigd-vertalers-en-tolken-getuigschrift-erkend-door-fod-justitie\/#primaryimage"},"image":{"@id":"https:\/\/www.cbti-bkvt.org\/en\/opleiding-juridische-kennis-voor-beedigd-vertalers-en-tolken-getuigschrift-erkend-door-fod-justitie\/#primaryimage"},"thumbnailUrl":"https:\/\/www.cbti-bkvt.org\/wp-content\/uploads\/44645030_496615000842005_3974566081497923584_n-min-4.jpg","datePublished":"2019-03-22T14:53:00+00:00","dateModified":"2024-01-14T20:47:14+00:00","author":{"@id":"https:\/\/www.cbti-bkvt.org\/en\/#\/schema\/person\/39694e286cbdc709aed8641743fa4591"},"breadcrumb":{"@id":"https:\/\/www.cbti-bkvt.org\/en\/opleiding-juridische-kennis-voor-beedigd-vertalers-en-tolken-getuigschrift-erkend-door-fod-justitie\/#breadcrumb"},"inLanguage":"en-US","potentialAction":[{"@type":"ReadAction","target":["https:\/\/www.cbti-bkvt.org\/en\/opleiding-juridische-kennis-voor-beedigd-vertalers-en-tolken-getuigschrift-erkend-door-fod-justitie\/"]}]},{"@type":"ImageObject","inLanguage":"en-US","@id":"https:\/\/www.cbti-bkvt.org\/en\/opleiding-juridische-kennis-voor-beedigd-vertalers-en-tolken-getuigschrift-erkend-door-fod-justitie\/#primaryimage","url":"https:\/\/www.cbti-bkvt.org\/wp-content\/uploads\/44645030_496615000842005_3974566081497923584_n-min-4.jpg","contentUrl":"https:\/\/www.cbti-bkvt.org\/wp-content\/uploads\/44645030_496615000842005_3974566081497923584_n-min-4.jpg","width":1000,"height":666},{"@type":"BreadcrumbList","@id":"https:\/\/www.cbti-bkvt.org\/en\/opleiding-juridische-kennis-voor-beedigd-vertalers-en-tolken-getuigschrift-erkend-door-fod-justitie\/#breadcrumb","itemListElement":[{"@type":"ListItem","position":1,"name":"Home","item":"https:\/\/www.cbti-bkvt.org\/en\/"},{"@type":"ListItem","position":2,"name":"Opleiding juridische kennis voor be\u00ebdigd vertalers en tolken &#8211; Getuigschrift erkend door FOD Justitie"}]},{"@type":"WebSite","@id":"https:\/\/www.cbti-bkvt.org\/en\/#website","url":"https:\/\/www.cbti-bkvt.org\/en\/","name":"Chambre Belge des Traducteurs et Interpr\u00e8tes | Belgische Kamer van Vertalers en Tolken","description":"M\u00e9tiers de la traduction \u00e9crite, l\u2019interpr\u00e9tation de conf\u00e9rence, la traduction et l\u2019interpr\u00e9tation en milieu judiciaire.","potentialAction":[{"@type":"SearchAction","target":{"@type":"EntryPoint","urlTemplate":"https:\/\/www.cbti-bkvt.org\/en\/?s={search_term_string}"},"query-input":{"@type":"PropertyValueSpecification","valueRequired":true,"valueName":"search_term_string"}}],"inLanguage":"en-US"},{"@type":"Person","@id":"https:\/\/www.cbti-bkvt.org\/en\/#\/schema\/person\/39694e286cbdc709aed8641743fa4591","name":"CBTI Team","image":{"@type":"ImageObject","inLanguage":"en-US","@id":"https:\/\/secure.gravatar.com\/avatar\/46840e5c253419e7ddd36cf1b42202f1266a0347bb63a6b4f82b38f71ada6150?s=96&d=mm&r=g","url":"https:\/\/secure.gravatar.com\/avatar\/46840e5c253419e7ddd36cf1b42202f1266a0347bb63a6b4f82b38f71ada6150?s=96&d=mm&r=g","contentUrl":"https:\/\/secure.gravatar.com\/avatar\/46840e5c253419e7ddd36cf1b42202f1266a0347bb63a6b4f82b38f71ada6150?s=96&d=mm&r=g","caption":"CBTI Team"},"sameAs":["http:\/\/www.cbti-bkvt.org"],"url":"https:\/\/www.cbti-bkvt.org\/en\/author\/cbtitrad__gestion\/"}]}},"_links":{"self":[{"href":"https:\/\/www.cbti-bkvt.org\/en\/wp-json\/wp\/v2\/posts\/25861","targetHints":{"allow":["GET"]}}],"collection":[{"href":"https:\/\/www.cbti-bkvt.org\/en\/wp-json\/wp\/v2\/posts"}],"about":[{"href":"https:\/\/www.cbti-bkvt.org\/en\/wp-json\/wp\/v2\/types\/post"}],"author":[{"embeddable":true,"href":"https:\/\/www.cbti-bkvt.org\/en\/wp-json\/wp\/v2\/users\/1"}],"replies":[{"embeddable":true,"href":"https:\/\/www.cbti-bkvt.org\/en\/wp-json\/wp\/v2\/comments?post=25861"}],"version-history":[{"count":1,"href":"https:\/\/www.cbti-bkvt.org\/en\/wp-json\/wp\/v2\/posts\/25861\/revisions"}],"predecessor-version":[{"id":27161,"href":"https:\/\/www.cbti-bkvt.org\/en\/wp-json\/wp\/v2\/posts\/25861\/revisions\/27161"}],"wp:featuredmedia":[{"embeddable":true,"href":"https:\/\/www.cbti-bkvt.org\/en\/wp-json\/wp\/v2\/media\/22147"}],"wp:attachment":[{"href":"https:\/\/www.cbti-bkvt.org\/en\/wp-json\/wp\/v2\/media?parent=25861"}],"wp:term":[{"taxonomy":"category","embeddable":true,"href":"https:\/\/www.cbti-bkvt.org\/en\/wp-json\/wp\/v2\/categories?post=25861"},{"taxonomy":"post_tag","embeddable":true,"href":"https:\/\/www.cbti-bkvt.org\/en\/wp-json\/wp\/v2\/tags?post=25861"}],"curies":[{"name":"wp","href":"https:\/\/api.w.org\/{rel}","templated":true}]}}