{"id":25870,"date":"2019-12-04T19:03:00","date_gmt":"2019-12-04T19:03:00","guid":{"rendered":"https:\/\/www.cbti-bkvt.org\/de-eerste-beedigde-vertalers-en-tolken-van-de-nieuwe-generatie-hebben-de-eed-afgelegd\/"},"modified":"2019-12-04T19:03:00","modified_gmt":"2019-12-04T19:03:00","slug":"de-eerste-beedigde-vertalers-en-tolken-van-de-nieuwe-generatie-hebben-de-eed-afgelegd","status":"publish","type":"post","link":"https:\/\/www.cbti-bkvt.org\/en\/de-eerste-beedigde-vertalers-en-tolken-van-de-nieuwe-generatie-hebben-de-eed-afgelegd\/","title":{"rendered":"De eerste be\u00ebdigde vertalers en tolken \u201cvan de nieuwe generatie\u201d hebben de eed afgelegd"},"content":{"rendered":"<p><!--De eerste be\u00ebdigde vertalers en tolken \u201cvan de nieuwe generatie\u201d hebben de eed afgelegd--><\/p>\n<p><strong>Brussel, 4 december 2019<\/strong> \u2013 Dinsdag 3 december 2019 is een historische datum. Verschillende tientallen be\u00ebdigde vertalers en tolken legden op die dag immers de nieuwe eed af in handen van de eerste voorzitter van het Hof van Beroep van Brussel. Dat dit een uitzonderlijke gebeurtenis was, heeft te maken met het feit dat deze beroepsbeoefenaars de eersten zijn die onder het nagelnieuwe statuut zullen vallen van de wet van 10 april 2014 inzake het nationaal register voor be\u00ebdigde vertalers, tolken en vertalers-tolken. <\/p>\n<p>Ter herinnering: deze wet is de omzetting in Belgisch recht van richtlijn 2010\/64\/EU van het Europees Parlement en de Raad van 20 oktober 2010 betreffende het recht op vertolking en vertaling in strafprocedures, een richtlijn die de sector beschouwt als een belangrijke vooruitgang in de strijd om erkenning van het beroep. Het Belgische model zou weleens als voorbeeld kunnen dienen voor het merendeel van de andere EU-lidstaten.<\/p>\n<p>We wijzen er nogmaals op dat de leeftijd van 21 jaar en een blanco strafblad tot niet zo lang geleden de enige aanvaardingscriteria waren. Elk gerechtelijk arrondissement legde bovendien zijn eigen voorwaarden op, waarbij sommige een diploma vereisten, en andere helemaal niets. Daardoor stonden hooggeschoolde professionals in de uitoefening van het beroep naast anderen met veel minder kwalificaties.<\/p>\n<p>De wet &#8211; die intussen al een paar keer werd aangepast &#8211; en de uitvoeringsbesluiten ervan vormen een essenti\u00eble omkadering voor het statuut: toelatingsvoorwaarden, een aanvaardingscommissie die moet toezien op kwaliteit, een deontologische code, vergoeding, &#8230;<\/p>\n<p>De Belgische Kamer van Vertalers en Tolken is verheugd over deze ontwikkeling, die het resultaat is van onvermoeibare inspanningen om het beroep te reglementeren, al sinds de oprichting van de beroepsvereniging in 1955. Dat dit statuut nu van kracht wordt, is de beste garantie voor rechtszoekenden en voor justitie dat zij een beroep kunnen doen op een kwalitatieve taalkundige dienstverlening.<\/p>\n<p>Deze maand vinden nog andere eedafleggingen plaats, meer bepaald in:<\/p>\n<ul>\n<li>Brussel: op 9 en 12 december in het Frans, op 4 en 11 december 2019 in het Nederlands<\/li>\n<li>Luik: op 5 en 11 december 2019<\/li>\n<li>Bergen: op 10 december 2019<\/li>\n<li>Gent: op 3 en 10 december 2019<\/li>\n<li>Antwerpen: op 19 en 20 december 2019<\/li>\n<\/ul>\n<p>De Belgische Kamer van Vertalers en Tolken feliciteert alle vertalers en tolken \u201cvan de nieuwe generatie\u201d van harte, en blijft zich voor hen inzetten.<\/p>\n<h3>Over de BKVT<\/h3>\n<p>De Belgische Kamer van Vertalers en Tolken werd opgericht in 1955. Ze is een Koninklijke vereniging zonder winstoogmerk en de enige beroepsorganisatie die vertalers en tolken in heel Belgi\u00eb verenigt en officieel vertegenwoordigt in de Hoge Raad voor de Zelfstandigen en de KMO. Ze heeft tot doel natuurlijke personen die een beroep uitoefenen dat rechtstreeks verband houdt met vertaal- of tolkwerk, te groeperen, hun wederzijdse belangen te verdedigen, de professionele kennis te vervolmaken door middel van permanente vorming, het prestige te verhogen van de beroepen die onder de statuten vallen en de collectieve beroepsbelangen van de leden te verdedigen. <\/p>\n<p>De BKVT is lid van de Internationale Federatie van Vertalers (FIT).<\/p>\n<h3>Contact<\/h3>\n<p><strong>Belgische Kamer van Vertalers en Tolken (BKVT)<\/strong><br \/>\nMontoyerstraat 24 &#8211; b12<br \/>\nB-1000 Brussel<br \/>\nTel: +32 2 513 09 15<br \/>\n<a href=\"mailto:secretariat@cbti-bkvt.org\">secretariat@cbti-bkvt.org<\/a><br \/>\n<a href=\"http:\/\/www.cbti-bkvt.org\">http:\/\/www.cbti-bkvt.org<\/a>  <\/p>\n<p>Doris GROLLMANN &#8211; voorzitter Commissie Be\u00ebdigd Vertalers en Tolken<br \/>\n+32 (0)473 71 21 77 &#8211; <a href=\"mailto:jur@cbti-bkvt.org\">jur@cbti-bkvt.org<\/a><\/p>\n","protected":false},"excerpt":{"rendered":"<p>Brussel, 4 december 2019 \u2013 Dinsdag 3 december 2019 is een historische datum. Verschillende tientallen be\u00ebdigde vertalers en tolken legden op die dag immers de nieuwe eed af in handen van de eerste voorzitter van het Hof van Beroep van Brussel. Dat dit een uitzonderlijke gebeurtenis was, heeft te maken met het feit dat deze&hellip;&nbsp;<a href=\"https:\/\/www.cbti-bkvt.org\/en\/de-eerste-beedigde-vertalers-en-tolken-van-de-nieuwe-generatie-hebben-de-eed-afgelegd\/\" rel=\"bookmark\">Read More &raquo;<span class=\"screen-reader-text\">De eerste be\u00ebdigde vertalers en tolken \u201cvan de nieuwe generatie\u201d hebben de eed afgelegd<\/span><\/a><\/p>\n","protected":false},"author":1,"featured_media":22195,"comment_status":"open","ping_status":"open","sticky":false,"template":"","format":"standard","meta":{"_acf_changed":false,"pmpro_default_level":"","neve_meta_sidebar":"","neve_meta_container":"","neve_meta_enable_content_width":"","neve_meta_content_width":0,"neve_meta_title_alignment":"","neve_meta_author_avatar":"","neve_post_elements_order":"","neve_meta_disable_header":"","neve_meta_disable_footer":"","neve_meta_disable_title":"","neve_meta_reading_time":"","footnotes":"","_links_to":"","_links_to_target":""},"categories":[381],"tags":[],"class_list":["post-25870","post","type-post","status-publish","format-standard","has-post-thumbnail","hentry","category-press-releases","pmpro-has-access"],"acf":[],"yoast_head":"<!-- This site is optimized with the Yoast SEO plugin v27.4 - https:\/\/yoast.com\/product\/yoast-seo-wordpress\/ -->\n<title>Chambre Belge des Traducteurs et Interpr\u00e8tes | Belgische Kamer van Vertalers en Tolken<\/title>\n<meta name=\"robots\" content=\"index, follow, max-snippet:-1, max-image-preview:large, max-video-preview:-1\" \/>\n<link rel=\"canonical\" href=\"https:\/\/www.cbti-bkvt.org\/en\/de-eerste-beedigde-vertalers-en-tolken-van-de-nieuwe-generatie-hebben-de-eed-afgelegd\/\" \/>\n<meta property=\"og:locale\" content=\"en_US\" \/>\n<meta property=\"og:type\" content=\"article\" \/>\n<meta property=\"og:title\" content=\"De eerste be\u00ebdigde vertalers en tolken \u201cvan de nieuwe generatie\u201d hebben de eed afgelegd - Chambre Belge des Traducteurs et Interpr\u00e8tes | Belgische Kamer van Vertalers en Tolken\" \/>\n<meta property=\"og:description\" content=\"Brussel, 4 december 2019 \u2013 Dinsdag 3 december 2019 is een historische datum. Verschillende tientallen be\u00ebdigde vertalers en tolken legden op die dag immers de nieuwe eed af in handen van de eerste voorzitter van het Hof van Beroep van Brussel. Dat dit een uitzonderlijke gebeurtenis was, heeft te maken met het feit dat deze&hellip;&nbsp;Read More &raquo;De eerste be\u00ebdigde vertalers en tolken \u201cvan de nieuwe generatie\u201d hebben de eed afgelegd\" \/>\n<meta property=\"og:url\" content=\"https:\/\/www.cbti-bkvt.org\/en\/de-eerste-beedigde-vertalers-en-tolken-van-de-nieuwe-generatie-hebben-de-eed-afgelegd\/\" \/>\n<meta property=\"og:site_name\" content=\"Chambre Belge des Traducteurs et Interpr\u00e8tes | Belgische Kamer van Vertalers en Tolken\" \/>\n<meta property=\"article:published_time\" content=\"2019-12-04T19:03:00+00:00\" \/>\n<meta name=\"author\" content=\"CBTI Team\" \/>\n<meta name=\"twitter:card\" content=\"summary_large_image\" \/>\n<meta name=\"twitter:label1\" content=\"Written by\" \/>\n\t<meta name=\"twitter:data1\" content=\"CBTI Team\" \/>\n\t<meta name=\"twitter:label2\" content=\"Est. reading time\" \/>\n\t<meta name=\"twitter:data2\" content=\"3 minutes\" \/>\n<script type=\"application\/ld+json\" class=\"yoast-schema-graph\">{\"@context\":\"https:\\\/\\\/schema.org\",\"@graph\":[{\"@type\":\"Article\",\"@id\":\"https:\\\/\\\/www.cbti-bkvt.org\\\/en\\\/de-eerste-beedigde-vertalers-en-tolken-van-de-nieuwe-generatie-hebben-de-eed-afgelegd\\\/#article\",\"isPartOf\":{\"@id\":\"https:\\\/\\\/www.cbti-bkvt.org\\\/en\\\/de-eerste-beedigde-vertalers-en-tolken-van-de-nieuwe-generatie-hebben-de-eed-afgelegd\\\/\"},\"author\":{\"name\":\"CBTI Team\",\"@id\":\"https:\\\/\\\/www.cbti-bkvt.org\\\/en\\\/#\\\/schema\\\/person\\\/39694e286cbdc709aed8641743fa4591\"},\"headline\":\"De eerste be\u00ebdigde vertalers en tolken \u201cvan de nieuwe generatie\u201d hebben de eed afgelegd\",\"datePublished\":\"2019-12-04T19:03:00+00:00\",\"mainEntityOfPage\":{\"@id\":\"https:\\\/\\\/www.cbti-bkvt.org\\\/en\\\/de-eerste-beedigde-vertalers-en-tolken-van-de-nieuwe-generatie-hebben-de-eed-afgelegd\\\/\"},\"wordCount\":519,\"commentCount\":0,\"image\":{\"@id\":\"https:\\\/\\\/www.cbti-bkvt.org\\\/en\\\/de-eerste-beedigde-vertalers-en-tolken-van-de-nieuwe-generatie-hebben-de-eed-afgelegd\\\/#primaryimage\"},\"thumbnailUrl\":\"https:\\\/\\\/www.cbti-bkvt.org\\\/wp-content\\\/uploads\\\/Serment-min-2.png\",\"articleSection\":[\"Press Releases\"],\"inLanguage\":\"en-US\",\"potentialAction\":[{\"@type\":\"CommentAction\",\"name\":\"Comment\",\"target\":[\"https:\\\/\\\/www.cbti-bkvt.org\\\/en\\\/de-eerste-beedigde-vertalers-en-tolken-van-de-nieuwe-generatie-hebben-de-eed-afgelegd\\\/#respond\"]}]},{\"@type\":\"WebPage\",\"@id\":\"https:\\\/\\\/www.cbti-bkvt.org\\\/en\\\/de-eerste-beedigde-vertalers-en-tolken-van-de-nieuwe-generatie-hebben-de-eed-afgelegd\\\/\",\"url\":\"https:\\\/\\\/www.cbti-bkvt.org\\\/en\\\/de-eerste-beedigde-vertalers-en-tolken-van-de-nieuwe-generatie-hebben-de-eed-afgelegd\\\/\",\"name\":\"De eerste be\u00ebdigde vertalers en tolken \u201cvan de nieuwe generatie\u201d hebben de eed afgelegd - Chambre Belge des Traducteurs et Interpr\u00e8tes | Belgische Kamer van Vertalers en Tolken\",\"isPartOf\":{\"@id\":\"https:\\\/\\\/www.cbti-bkvt.org\\\/en\\\/#website\"},\"primaryImageOfPage\":{\"@id\":\"https:\\\/\\\/www.cbti-bkvt.org\\\/en\\\/de-eerste-beedigde-vertalers-en-tolken-van-de-nieuwe-generatie-hebben-de-eed-afgelegd\\\/#primaryimage\"},\"image\":{\"@id\":\"https:\\\/\\\/www.cbti-bkvt.org\\\/en\\\/de-eerste-beedigde-vertalers-en-tolken-van-de-nieuwe-generatie-hebben-de-eed-afgelegd\\\/#primaryimage\"},\"thumbnailUrl\":\"https:\\\/\\\/www.cbti-bkvt.org\\\/wp-content\\\/uploads\\\/Serment-min-2.png\",\"datePublished\":\"2019-12-04T19:03:00+00:00\",\"author\":{\"@id\":\"https:\\\/\\\/www.cbti-bkvt.org\\\/en\\\/#\\\/schema\\\/person\\\/39694e286cbdc709aed8641743fa4591\"},\"breadcrumb\":{\"@id\":\"https:\\\/\\\/www.cbti-bkvt.org\\\/en\\\/de-eerste-beedigde-vertalers-en-tolken-van-de-nieuwe-generatie-hebben-de-eed-afgelegd\\\/#breadcrumb\"},\"inLanguage\":\"en-US\",\"potentialAction\":[{\"@type\":\"ReadAction\",\"target\":[\"https:\\\/\\\/www.cbti-bkvt.org\\\/en\\\/de-eerste-beedigde-vertalers-en-tolken-van-de-nieuwe-generatie-hebben-de-eed-afgelegd\\\/\"]}]},{\"@type\":\"ImageObject\",\"inLanguage\":\"en-US\",\"@id\":\"https:\\\/\\\/www.cbti-bkvt.org\\\/en\\\/de-eerste-beedigde-vertalers-en-tolken-van-de-nieuwe-generatie-hebben-de-eed-afgelegd\\\/#primaryimage\",\"url\":\"https:\\\/\\\/www.cbti-bkvt.org\\\/wp-content\\\/uploads\\\/Serment-min-2.png\",\"contentUrl\":\"https:\\\/\\\/www.cbti-bkvt.org\\\/wp-content\\\/uploads\\\/Serment-min-2.png\",\"width\":605,\"height\":377},{\"@type\":\"BreadcrumbList\",\"@id\":\"https:\\\/\\\/www.cbti-bkvt.org\\\/en\\\/de-eerste-beedigde-vertalers-en-tolken-van-de-nieuwe-generatie-hebben-de-eed-afgelegd\\\/#breadcrumb\",\"itemListElement\":[{\"@type\":\"ListItem\",\"position\":1,\"name\":\"Home\",\"item\":\"https:\\\/\\\/www.cbti-bkvt.org\\\/en\\\/\"},{\"@type\":\"ListItem\",\"position\":2,\"name\":\"De eerste be\u00ebdigde vertalers en tolken \u201cvan de nieuwe generatie\u201d hebben de eed afgelegd\"}]},{\"@type\":\"WebSite\",\"@id\":\"https:\\\/\\\/www.cbti-bkvt.org\\\/en\\\/#website\",\"url\":\"https:\\\/\\\/www.cbti-bkvt.org\\\/en\\\/\",\"name\":\"Chambre Belge des Traducteurs et Interpr\u00e8tes | Belgische Kamer van Vertalers en Tolken\",\"description\":\"M\u00e9tiers de la traduction \u00e9crite, l\u2019interpr\u00e9tation de conf\u00e9rence, la traduction et l\u2019interpr\u00e9tation en milieu judiciaire.\",\"potentialAction\":[{\"@type\":\"SearchAction\",\"target\":{\"@type\":\"EntryPoint\",\"urlTemplate\":\"https:\\\/\\\/www.cbti-bkvt.org\\\/en\\\/?s={search_term_string}\"},\"query-input\":{\"@type\":\"PropertyValueSpecification\",\"valueRequired\":true,\"valueName\":\"search_term_string\"}}],\"inLanguage\":\"en-US\"},{\"@type\":\"Person\",\"@id\":\"https:\\\/\\\/www.cbti-bkvt.org\\\/en\\\/#\\\/schema\\\/person\\\/39694e286cbdc709aed8641743fa4591\",\"name\":\"CBTI Team\",\"image\":{\"@type\":\"ImageObject\",\"inLanguage\":\"en-US\",\"@id\":\"https:\\\/\\\/secure.gravatar.com\\\/avatar\\\/46840e5c253419e7ddd36cf1b42202f1266a0347bb63a6b4f82b38f71ada6150?s=96&d=mm&r=g\",\"url\":\"https:\\\/\\\/secure.gravatar.com\\\/avatar\\\/46840e5c253419e7ddd36cf1b42202f1266a0347bb63a6b4f82b38f71ada6150?s=96&d=mm&r=g\",\"contentUrl\":\"https:\\\/\\\/secure.gravatar.com\\\/avatar\\\/46840e5c253419e7ddd36cf1b42202f1266a0347bb63a6b4f82b38f71ada6150?s=96&d=mm&r=g\",\"caption\":\"CBTI Team\"},\"sameAs\":[\"http:\\\/\\\/www.cbti-bkvt.org\"],\"url\":\"https:\\\/\\\/www.cbti-bkvt.org\\\/en\\\/author\\\/cbtitrad__gestion\\\/\"}]}<\/script>\n<!-- \/ Yoast SEO plugin. -->","yoast_head_json":{"title":"Chambre Belge des Traducteurs et Interpr\u00e8tes | Belgische Kamer van Vertalers en Tolken","robots":{"index":"index","follow":"follow","max-snippet":"max-snippet:-1","max-image-preview":"max-image-preview:large","max-video-preview":"max-video-preview:-1"},"canonical":"https:\/\/www.cbti-bkvt.org\/en\/de-eerste-beedigde-vertalers-en-tolken-van-de-nieuwe-generatie-hebben-de-eed-afgelegd\/","og_locale":"en_US","og_type":"article","og_title":"De eerste be\u00ebdigde vertalers en tolken \u201cvan de nieuwe generatie\u201d hebben de eed afgelegd - Chambre Belge des Traducteurs et Interpr\u00e8tes | Belgische Kamer van Vertalers en Tolken","og_description":"Brussel, 4 december 2019 \u2013 Dinsdag 3 december 2019 is een historische datum. Verschillende tientallen be\u00ebdigde vertalers en tolken legden op die dag immers de nieuwe eed af in handen van de eerste voorzitter van het Hof van Beroep van Brussel. Dat dit een uitzonderlijke gebeurtenis was, heeft te maken met het feit dat deze&hellip;&nbsp;Read More &raquo;De eerste be\u00ebdigde vertalers en tolken \u201cvan de nieuwe generatie\u201d hebben de eed afgelegd","og_url":"https:\/\/www.cbti-bkvt.org\/en\/de-eerste-beedigde-vertalers-en-tolken-van-de-nieuwe-generatie-hebben-de-eed-afgelegd\/","og_site_name":"Chambre Belge des Traducteurs et Interpr\u00e8tes | Belgische Kamer van Vertalers en Tolken","article_published_time":"2019-12-04T19:03:00+00:00","author":"CBTI Team","twitter_card":"summary_large_image","twitter_misc":{"Written by":"CBTI Team","Est. reading time":"3 minutes"},"schema":{"@context":"https:\/\/schema.org","@graph":[{"@type":"Article","@id":"https:\/\/www.cbti-bkvt.org\/en\/de-eerste-beedigde-vertalers-en-tolken-van-de-nieuwe-generatie-hebben-de-eed-afgelegd\/#article","isPartOf":{"@id":"https:\/\/www.cbti-bkvt.org\/en\/de-eerste-beedigde-vertalers-en-tolken-van-de-nieuwe-generatie-hebben-de-eed-afgelegd\/"},"author":{"name":"CBTI Team","@id":"https:\/\/www.cbti-bkvt.org\/en\/#\/schema\/person\/39694e286cbdc709aed8641743fa4591"},"headline":"De eerste be\u00ebdigde vertalers en tolken \u201cvan de nieuwe generatie\u201d hebben de eed afgelegd","datePublished":"2019-12-04T19:03:00+00:00","mainEntityOfPage":{"@id":"https:\/\/www.cbti-bkvt.org\/en\/de-eerste-beedigde-vertalers-en-tolken-van-de-nieuwe-generatie-hebben-de-eed-afgelegd\/"},"wordCount":519,"commentCount":0,"image":{"@id":"https:\/\/www.cbti-bkvt.org\/en\/de-eerste-beedigde-vertalers-en-tolken-van-de-nieuwe-generatie-hebben-de-eed-afgelegd\/#primaryimage"},"thumbnailUrl":"https:\/\/www.cbti-bkvt.org\/wp-content\/uploads\/Serment-min-2.png","articleSection":["Press Releases"],"inLanguage":"en-US","potentialAction":[{"@type":"CommentAction","name":"Comment","target":["https:\/\/www.cbti-bkvt.org\/en\/de-eerste-beedigde-vertalers-en-tolken-van-de-nieuwe-generatie-hebben-de-eed-afgelegd\/#respond"]}]},{"@type":"WebPage","@id":"https:\/\/www.cbti-bkvt.org\/en\/de-eerste-beedigde-vertalers-en-tolken-van-de-nieuwe-generatie-hebben-de-eed-afgelegd\/","url":"https:\/\/www.cbti-bkvt.org\/en\/de-eerste-beedigde-vertalers-en-tolken-van-de-nieuwe-generatie-hebben-de-eed-afgelegd\/","name":"De eerste be\u00ebdigde vertalers en tolken \u201cvan de nieuwe generatie\u201d hebben de eed afgelegd - Chambre Belge des Traducteurs et Interpr\u00e8tes | Belgische Kamer van Vertalers en Tolken","isPartOf":{"@id":"https:\/\/www.cbti-bkvt.org\/en\/#website"},"primaryImageOfPage":{"@id":"https:\/\/www.cbti-bkvt.org\/en\/de-eerste-beedigde-vertalers-en-tolken-van-de-nieuwe-generatie-hebben-de-eed-afgelegd\/#primaryimage"},"image":{"@id":"https:\/\/www.cbti-bkvt.org\/en\/de-eerste-beedigde-vertalers-en-tolken-van-de-nieuwe-generatie-hebben-de-eed-afgelegd\/#primaryimage"},"thumbnailUrl":"https:\/\/www.cbti-bkvt.org\/wp-content\/uploads\/Serment-min-2.png","datePublished":"2019-12-04T19:03:00+00:00","author":{"@id":"https:\/\/www.cbti-bkvt.org\/en\/#\/schema\/person\/39694e286cbdc709aed8641743fa4591"},"breadcrumb":{"@id":"https:\/\/www.cbti-bkvt.org\/en\/de-eerste-beedigde-vertalers-en-tolken-van-de-nieuwe-generatie-hebben-de-eed-afgelegd\/#breadcrumb"},"inLanguage":"en-US","potentialAction":[{"@type":"ReadAction","target":["https:\/\/www.cbti-bkvt.org\/en\/de-eerste-beedigde-vertalers-en-tolken-van-de-nieuwe-generatie-hebben-de-eed-afgelegd\/"]}]},{"@type":"ImageObject","inLanguage":"en-US","@id":"https:\/\/www.cbti-bkvt.org\/en\/de-eerste-beedigde-vertalers-en-tolken-van-de-nieuwe-generatie-hebben-de-eed-afgelegd\/#primaryimage","url":"https:\/\/www.cbti-bkvt.org\/wp-content\/uploads\/Serment-min-2.png","contentUrl":"https:\/\/www.cbti-bkvt.org\/wp-content\/uploads\/Serment-min-2.png","width":605,"height":377},{"@type":"BreadcrumbList","@id":"https:\/\/www.cbti-bkvt.org\/en\/de-eerste-beedigde-vertalers-en-tolken-van-de-nieuwe-generatie-hebben-de-eed-afgelegd\/#breadcrumb","itemListElement":[{"@type":"ListItem","position":1,"name":"Home","item":"https:\/\/www.cbti-bkvt.org\/en\/"},{"@type":"ListItem","position":2,"name":"De eerste be\u00ebdigde vertalers en tolken \u201cvan de nieuwe generatie\u201d hebben de eed afgelegd"}]},{"@type":"WebSite","@id":"https:\/\/www.cbti-bkvt.org\/en\/#website","url":"https:\/\/www.cbti-bkvt.org\/en\/","name":"Chambre Belge des Traducteurs et Interpr\u00e8tes | Belgische Kamer van Vertalers en Tolken","description":"M\u00e9tiers de la traduction \u00e9crite, l\u2019interpr\u00e9tation de conf\u00e9rence, la traduction et l\u2019interpr\u00e9tation en milieu judiciaire.","potentialAction":[{"@type":"SearchAction","target":{"@type":"EntryPoint","urlTemplate":"https:\/\/www.cbti-bkvt.org\/en\/?s={search_term_string}"},"query-input":{"@type":"PropertyValueSpecification","valueRequired":true,"valueName":"search_term_string"}}],"inLanguage":"en-US"},{"@type":"Person","@id":"https:\/\/www.cbti-bkvt.org\/en\/#\/schema\/person\/39694e286cbdc709aed8641743fa4591","name":"CBTI Team","image":{"@type":"ImageObject","inLanguage":"en-US","@id":"https:\/\/secure.gravatar.com\/avatar\/46840e5c253419e7ddd36cf1b42202f1266a0347bb63a6b4f82b38f71ada6150?s=96&d=mm&r=g","url":"https:\/\/secure.gravatar.com\/avatar\/46840e5c253419e7ddd36cf1b42202f1266a0347bb63a6b4f82b38f71ada6150?s=96&d=mm&r=g","contentUrl":"https:\/\/secure.gravatar.com\/avatar\/46840e5c253419e7ddd36cf1b42202f1266a0347bb63a6b4f82b38f71ada6150?s=96&d=mm&r=g","caption":"CBTI Team"},"sameAs":["http:\/\/www.cbti-bkvt.org"],"url":"https:\/\/www.cbti-bkvt.org\/en\/author\/cbtitrad__gestion\/"}]}},"_links":{"self":[{"href":"https:\/\/www.cbti-bkvt.org\/en\/wp-json\/wp\/v2\/posts\/25870","targetHints":{"allow":["GET"]}}],"collection":[{"href":"https:\/\/www.cbti-bkvt.org\/en\/wp-json\/wp\/v2\/posts"}],"about":[{"href":"https:\/\/www.cbti-bkvt.org\/en\/wp-json\/wp\/v2\/types\/post"}],"author":[{"embeddable":true,"href":"https:\/\/www.cbti-bkvt.org\/en\/wp-json\/wp\/v2\/users\/1"}],"replies":[{"embeddable":true,"href":"https:\/\/www.cbti-bkvt.org\/en\/wp-json\/wp\/v2\/comments?post=25870"}],"version-history":[{"count":0,"href":"https:\/\/www.cbti-bkvt.org\/en\/wp-json\/wp\/v2\/posts\/25870\/revisions"}],"wp:featuredmedia":[{"embeddable":true,"href":"https:\/\/www.cbti-bkvt.org\/en\/wp-json\/wp\/v2\/media\/22195"}],"wp:attachment":[{"href":"https:\/\/www.cbti-bkvt.org\/en\/wp-json\/wp\/v2\/media?parent=25870"}],"wp:term":[{"taxonomy":"category","embeddable":true,"href":"https:\/\/www.cbti-bkvt.org\/en\/wp-json\/wp\/v2\/categories?post=25870"},{"taxonomy":"post_tag","embeddable":true,"href":"https:\/\/www.cbti-bkvt.org\/en\/wp-json\/wp\/v2\/tags?post=25870"}],"curies":[{"name":"wp","href":"https:\/\/api.w.org\/{rel}","templated":true}]}}