{"id":25883,"date":"2020-05-07T13:00:00","date_gmt":"2020-05-07T13:00:00","guid":{"rendered":"https:\/\/www.cbti-bkvt.org\/open-brief-van-de-voorzitter-van-eulita\/"},"modified":"2024-01-14T20:22:13","modified_gmt":"2024-01-14T20:22:13","slug":"open-brief-van-de-voorzitter-van-eulita","status":"publish","type":"post","link":"https:\/\/www.cbti-bkvt.org\/en\/open-brief-van-de-voorzitter-van-eulita\/","title":{"rendered":"Open brief van de voorzitter van EULITA"},"content":{"rendered":"<p><!--Open brief van de voorzitter van EULITA --><\/p>\n<p>De BVKT ziet het als haar taak om mee ruchtbaarheid te geven aan de open brief van de voorzitter van EULITA (Europese vereniging van juridische tolken en vertalers) aan de regeringen van de EU-lidstaten.<\/p>\n<p>Deze brief benadrukt de moeilijke situatie waarin zich onder anderen juridische tolken en vertalers bevinden.<\/p>\n\n\n<ul class=\"wp-block-list\">\n<li><a href=\"https:\/\/www.cbti-bkvt.org\/wp-content\/uploads\/EN__Open_letter_EULITA_-_COVID19.pdf\" target=\"_blank\" rel=\"noreferrer noopener\">Open letter EULITA &#8211; COVID19\u00a0<\/a>[PDF]<\/li>\n<\/ul>\n","protected":false},"excerpt":{"rendered":"<p>De BVKT ziet het als haar taak om mee ruchtbaarheid te geven aan de open brief van de voorzitter van EULITA (Europese vereniging van juridische tolken en vertalers) aan de regeringen van de EU-lidstaten. Deze brief benadrukt de moeilijke situatie waarin zich onder anderen juridische tolken en vertalers bevinden.<\/p>\n","protected":false},"author":1,"featured_media":22234,"comment_status":"open","ping_status":"open","sticky":false,"template":"","format":"standard","meta":{"_acf_changed":false,"pmpro_default_level":"","neve_meta_sidebar":"","neve_meta_container":"","neve_meta_enable_content_width":"","neve_meta_content_width":0,"neve_meta_title_alignment":"","neve_meta_author_avatar":"","neve_post_elements_order":"","neve_meta_disable_header":"","neve_meta_disable_footer":"","neve_meta_disable_title":"","neve_meta_reading_time":"","footnotes":"","_links_to":"","_links_to_target":""},"categories":[405,395],"tags":[],"class_list":["post-25883","post","type-post","status-publish","format-standard","has-post-thumbnail","hentry","category-life-in-cbti-bkvt","category-news-from-the-sector","pmpro-has-access"],"acf":[],"yoast_head":"<!-- This site is optimized with the Yoast SEO plugin v27.4 - https:\/\/yoast.com\/product\/yoast-seo-wordpress\/ -->\n<title>Chambre Belge des Traducteurs et Interpr\u00e8tes | Belgische Kamer van Vertalers en Tolken<\/title>\n<meta name=\"robots\" content=\"index, follow, max-snippet:-1, max-image-preview:large, max-video-preview:-1\" \/>\n<link rel=\"canonical\" href=\"https:\/\/www.cbti-bkvt.org\/en\/open-brief-van-de-voorzitter-van-eulita\/\" \/>\n<meta property=\"og:locale\" content=\"en_US\" \/>\n<meta property=\"og:type\" content=\"article\" \/>\n<meta property=\"og:title\" content=\"Open brief van de voorzitter van EULITA - Chambre Belge des Traducteurs et Interpr\u00e8tes | Belgische Kamer van Vertalers en Tolken\" \/>\n<meta property=\"og:description\" content=\"De BVKT ziet het als haar taak om mee ruchtbaarheid te geven aan de open brief van de voorzitter van EULITA (Europese vereniging van juridische tolken en vertalers) aan de regeringen van de EU-lidstaten. Deze brief benadrukt de moeilijke situatie waarin zich onder anderen juridische tolken en vertalers bevinden.\" \/>\n<meta property=\"og:url\" content=\"https:\/\/www.cbti-bkvt.org\/en\/open-brief-van-de-voorzitter-van-eulita\/\" \/>\n<meta property=\"og:site_name\" content=\"Chambre Belge des Traducteurs et Interpr\u00e8tes | Belgische Kamer van Vertalers en Tolken\" \/>\n<meta property=\"article:published_time\" content=\"2020-05-07T13:00:00+00:00\" \/>\n<meta property=\"article:modified_time\" content=\"2024-01-14T20:22:13+00:00\" \/>\n<meta property=\"og:image\" content=\"https:\/\/www.cbti-bkvt.org\/wp-content\/uploads\/Eulita-2.png\" \/>\n\t<meta property=\"og:image:width\" content=\"1457\" \/>\n\t<meta property=\"og:image:height\" content=\"768\" \/>\n\t<meta property=\"og:image:type\" content=\"image\/png\" \/>\n<meta name=\"author\" content=\"CBTI Team\" \/>\n<meta name=\"twitter:card\" content=\"summary_large_image\" \/>\n<meta name=\"twitter:label1\" content=\"Written by\" \/>\n\t<meta name=\"twitter:data1\" content=\"CBTI Team\" \/>\n<script type=\"application\/ld+json\" class=\"yoast-schema-graph\">{\"@context\":\"https:\\\/\\\/schema.org\",\"@graph\":[{\"@type\":\"Article\",\"@id\":\"https:\\\/\\\/www.cbti-bkvt.org\\\/en\\\/open-brief-van-de-voorzitter-van-eulita\\\/#article\",\"isPartOf\":{\"@id\":\"https:\\\/\\\/www.cbti-bkvt.org\\\/en\\\/open-brief-van-de-voorzitter-van-eulita\\\/\"},\"author\":{\"name\":\"CBTI Team\",\"@id\":\"https:\\\/\\\/www.cbti-bkvt.org\\\/en\\\/#\\\/schema\\\/person\\\/39694e286cbdc709aed8641743fa4591\"},\"headline\":\"Open brief van de voorzitter van EULITA\",\"datePublished\":\"2020-05-07T13:00:00+00:00\",\"dateModified\":\"2024-01-14T20:22:13+00:00\",\"mainEntityOfPage\":{\"@id\":\"https:\\\/\\\/www.cbti-bkvt.org\\\/en\\\/open-brief-van-de-voorzitter-van-eulita\\\/\"},\"wordCount\":62,\"commentCount\":0,\"image\":{\"@id\":\"https:\\\/\\\/www.cbti-bkvt.org\\\/en\\\/open-brief-van-de-voorzitter-van-eulita\\\/#primaryimage\"},\"thumbnailUrl\":\"https:\\\/\\\/www.cbti-bkvt.org\\\/wp-content\\\/uploads\\\/Eulita-2.png\",\"articleSection\":[\"Life in CBTI\\\/BKVT\",\"News from the sector\"],\"inLanguage\":\"en-US\",\"potentialAction\":[{\"@type\":\"CommentAction\",\"name\":\"Comment\",\"target\":[\"https:\\\/\\\/www.cbti-bkvt.org\\\/en\\\/open-brief-van-de-voorzitter-van-eulita\\\/#respond\"]}]},{\"@type\":\"WebPage\",\"@id\":\"https:\\\/\\\/www.cbti-bkvt.org\\\/en\\\/open-brief-van-de-voorzitter-van-eulita\\\/\",\"url\":\"https:\\\/\\\/www.cbti-bkvt.org\\\/en\\\/open-brief-van-de-voorzitter-van-eulita\\\/\",\"name\":\"Open brief van de voorzitter van EULITA - Chambre Belge des Traducteurs et Interpr\u00e8tes | Belgische Kamer van Vertalers en Tolken\",\"isPartOf\":{\"@id\":\"https:\\\/\\\/www.cbti-bkvt.org\\\/en\\\/#website\"},\"primaryImageOfPage\":{\"@id\":\"https:\\\/\\\/www.cbti-bkvt.org\\\/en\\\/open-brief-van-de-voorzitter-van-eulita\\\/#primaryimage\"},\"image\":{\"@id\":\"https:\\\/\\\/www.cbti-bkvt.org\\\/en\\\/open-brief-van-de-voorzitter-van-eulita\\\/#primaryimage\"},\"thumbnailUrl\":\"https:\\\/\\\/www.cbti-bkvt.org\\\/wp-content\\\/uploads\\\/Eulita-2.png\",\"datePublished\":\"2020-05-07T13:00:00+00:00\",\"dateModified\":\"2024-01-14T20:22:13+00:00\",\"author\":{\"@id\":\"https:\\\/\\\/www.cbti-bkvt.org\\\/en\\\/#\\\/schema\\\/person\\\/39694e286cbdc709aed8641743fa4591\"},\"breadcrumb\":{\"@id\":\"https:\\\/\\\/www.cbti-bkvt.org\\\/en\\\/open-brief-van-de-voorzitter-van-eulita\\\/#breadcrumb\"},\"inLanguage\":\"en-US\",\"potentialAction\":[{\"@type\":\"ReadAction\",\"target\":[\"https:\\\/\\\/www.cbti-bkvt.org\\\/en\\\/open-brief-van-de-voorzitter-van-eulita\\\/\"]}]},{\"@type\":\"ImageObject\",\"inLanguage\":\"en-US\",\"@id\":\"https:\\\/\\\/www.cbti-bkvt.org\\\/en\\\/open-brief-van-de-voorzitter-van-eulita\\\/#primaryimage\",\"url\":\"https:\\\/\\\/www.cbti-bkvt.org\\\/wp-content\\\/uploads\\\/Eulita-2.png\",\"contentUrl\":\"https:\\\/\\\/www.cbti-bkvt.org\\\/wp-content\\\/uploads\\\/Eulita-2.png\",\"width\":1457,\"height\":768},{\"@type\":\"BreadcrumbList\",\"@id\":\"https:\\\/\\\/www.cbti-bkvt.org\\\/en\\\/open-brief-van-de-voorzitter-van-eulita\\\/#breadcrumb\",\"itemListElement\":[{\"@type\":\"ListItem\",\"position\":1,\"name\":\"Home\",\"item\":\"https:\\\/\\\/www.cbti-bkvt.org\\\/en\\\/\"},{\"@type\":\"ListItem\",\"position\":2,\"name\":\"Open brief van de voorzitter van EULITA\"}]},{\"@type\":\"WebSite\",\"@id\":\"https:\\\/\\\/www.cbti-bkvt.org\\\/en\\\/#website\",\"url\":\"https:\\\/\\\/www.cbti-bkvt.org\\\/en\\\/\",\"name\":\"Chambre Belge des Traducteurs et Interpr\u00e8tes | Belgische Kamer van Vertalers en Tolken\",\"description\":\"M\u00e9tiers de la traduction \u00e9crite, l\u2019interpr\u00e9tation de conf\u00e9rence, la traduction et l\u2019interpr\u00e9tation en milieu judiciaire.\",\"potentialAction\":[{\"@type\":\"SearchAction\",\"target\":{\"@type\":\"EntryPoint\",\"urlTemplate\":\"https:\\\/\\\/www.cbti-bkvt.org\\\/en\\\/?s={search_term_string}\"},\"query-input\":{\"@type\":\"PropertyValueSpecification\",\"valueRequired\":true,\"valueName\":\"search_term_string\"}}],\"inLanguage\":\"en-US\"},{\"@type\":\"Person\",\"@id\":\"https:\\\/\\\/www.cbti-bkvt.org\\\/en\\\/#\\\/schema\\\/person\\\/39694e286cbdc709aed8641743fa4591\",\"name\":\"CBTI Team\",\"image\":{\"@type\":\"ImageObject\",\"inLanguage\":\"en-US\",\"@id\":\"https:\\\/\\\/secure.gravatar.com\\\/avatar\\\/46840e5c253419e7ddd36cf1b42202f1266a0347bb63a6b4f82b38f71ada6150?s=96&d=mm&r=g\",\"url\":\"https:\\\/\\\/secure.gravatar.com\\\/avatar\\\/46840e5c253419e7ddd36cf1b42202f1266a0347bb63a6b4f82b38f71ada6150?s=96&d=mm&r=g\",\"contentUrl\":\"https:\\\/\\\/secure.gravatar.com\\\/avatar\\\/46840e5c253419e7ddd36cf1b42202f1266a0347bb63a6b4f82b38f71ada6150?s=96&d=mm&r=g\",\"caption\":\"CBTI Team\"},\"sameAs\":[\"http:\\\/\\\/www.cbti-bkvt.org\"],\"url\":\"https:\\\/\\\/www.cbti-bkvt.org\\\/en\\\/author\\\/cbtitrad__gestion\\\/\"}]}<\/script>\n<!-- \/ Yoast SEO plugin. -->","yoast_head_json":{"title":"Chambre Belge des Traducteurs et Interpr\u00e8tes | Belgische Kamer van Vertalers en Tolken","robots":{"index":"index","follow":"follow","max-snippet":"max-snippet:-1","max-image-preview":"max-image-preview:large","max-video-preview":"max-video-preview:-1"},"canonical":"https:\/\/www.cbti-bkvt.org\/en\/open-brief-van-de-voorzitter-van-eulita\/","og_locale":"en_US","og_type":"article","og_title":"Open brief van de voorzitter van EULITA - Chambre Belge des Traducteurs et Interpr\u00e8tes | Belgische Kamer van Vertalers en Tolken","og_description":"De BVKT ziet het als haar taak om mee ruchtbaarheid te geven aan de open brief van de voorzitter van EULITA (Europese vereniging van juridische tolken en vertalers) aan de regeringen van de EU-lidstaten. Deze brief benadrukt de moeilijke situatie waarin zich onder anderen juridische tolken en vertalers bevinden.","og_url":"https:\/\/www.cbti-bkvt.org\/en\/open-brief-van-de-voorzitter-van-eulita\/","og_site_name":"Chambre Belge des Traducteurs et Interpr\u00e8tes | Belgische Kamer van Vertalers en Tolken","article_published_time":"2020-05-07T13:00:00+00:00","article_modified_time":"2024-01-14T20:22:13+00:00","og_image":[{"width":1457,"height":768,"url":"https:\/\/www.cbti-bkvt.org\/wp-content\/uploads\/Eulita-2.png","type":"image\/png"}],"author":"CBTI Team","twitter_card":"summary_large_image","twitter_misc":{"Written by":"CBTI Team"},"schema":{"@context":"https:\/\/schema.org","@graph":[{"@type":"Article","@id":"https:\/\/www.cbti-bkvt.org\/en\/open-brief-van-de-voorzitter-van-eulita\/#article","isPartOf":{"@id":"https:\/\/www.cbti-bkvt.org\/en\/open-brief-van-de-voorzitter-van-eulita\/"},"author":{"name":"CBTI Team","@id":"https:\/\/www.cbti-bkvt.org\/en\/#\/schema\/person\/39694e286cbdc709aed8641743fa4591"},"headline":"Open brief van de voorzitter van EULITA","datePublished":"2020-05-07T13:00:00+00:00","dateModified":"2024-01-14T20:22:13+00:00","mainEntityOfPage":{"@id":"https:\/\/www.cbti-bkvt.org\/en\/open-brief-van-de-voorzitter-van-eulita\/"},"wordCount":62,"commentCount":0,"image":{"@id":"https:\/\/www.cbti-bkvt.org\/en\/open-brief-van-de-voorzitter-van-eulita\/#primaryimage"},"thumbnailUrl":"https:\/\/www.cbti-bkvt.org\/wp-content\/uploads\/Eulita-2.png","articleSection":["Life in CBTI\/BKVT","News from the sector"],"inLanguage":"en-US","potentialAction":[{"@type":"CommentAction","name":"Comment","target":["https:\/\/www.cbti-bkvt.org\/en\/open-brief-van-de-voorzitter-van-eulita\/#respond"]}]},{"@type":"WebPage","@id":"https:\/\/www.cbti-bkvt.org\/en\/open-brief-van-de-voorzitter-van-eulita\/","url":"https:\/\/www.cbti-bkvt.org\/en\/open-brief-van-de-voorzitter-van-eulita\/","name":"Open brief van de voorzitter van EULITA - Chambre Belge des Traducteurs et Interpr\u00e8tes | Belgische Kamer van Vertalers en Tolken","isPartOf":{"@id":"https:\/\/www.cbti-bkvt.org\/en\/#website"},"primaryImageOfPage":{"@id":"https:\/\/www.cbti-bkvt.org\/en\/open-brief-van-de-voorzitter-van-eulita\/#primaryimage"},"image":{"@id":"https:\/\/www.cbti-bkvt.org\/en\/open-brief-van-de-voorzitter-van-eulita\/#primaryimage"},"thumbnailUrl":"https:\/\/www.cbti-bkvt.org\/wp-content\/uploads\/Eulita-2.png","datePublished":"2020-05-07T13:00:00+00:00","dateModified":"2024-01-14T20:22:13+00:00","author":{"@id":"https:\/\/www.cbti-bkvt.org\/en\/#\/schema\/person\/39694e286cbdc709aed8641743fa4591"},"breadcrumb":{"@id":"https:\/\/www.cbti-bkvt.org\/en\/open-brief-van-de-voorzitter-van-eulita\/#breadcrumb"},"inLanguage":"en-US","potentialAction":[{"@type":"ReadAction","target":["https:\/\/www.cbti-bkvt.org\/en\/open-brief-van-de-voorzitter-van-eulita\/"]}]},{"@type":"ImageObject","inLanguage":"en-US","@id":"https:\/\/www.cbti-bkvt.org\/en\/open-brief-van-de-voorzitter-van-eulita\/#primaryimage","url":"https:\/\/www.cbti-bkvt.org\/wp-content\/uploads\/Eulita-2.png","contentUrl":"https:\/\/www.cbti-bkvt.org\/wp-content\/uploads\/Eulita-2.png","width":1457,"height":768},{"@type":"BreadcrumbList","@id":"https:\/\/www.cbti-bkvt.org\/en\/open-brief-van-de-voorzitter-van-eulita\/#breadcrumb","itemListElement":[{"@type":"ListItem","position":1,"name":"Home","item":"https:\/\/www.cbti-bkvt.org\/en\/"},{"@type":"ListItem","position":2,"name":"Open brief van de voorzitter van EULITA"}]},{"@type":"WebSite","@id":"https:\/\/www.cbti-bkvt.org\/en\/#website","url":"https:\/\/www.cbti-bkvt.org\/en\/","name":"Chambre Belge des Traducteurs et Interpr\u00e8tes | Belgische Kamer van Vertalers en Tolken","description":"M\u00e9tiers de la traduction \u00e9crite, l\u2019interpr\u00e9tation de conf\u00e9rence, la traduction et l\u2019interpr\u00e9tation en milieu judiciaire.","potentialAction":[{"@type":"SearchAction","target":{"@type":"EntryPoint","urlTemplate":"https:\/\/www.cbti-bkvt.org\/en\/?s={search_term_string}"},"query-input":{"@type":"PropertyValueSpecification","valueRequired":true,"valueName":"search_term_string"}}],"inLanguage":"en-US"},{"@type":"Person","@id":"https:\/\/www.cbti-bkvt.org\/en\/#\/schema\/person\/39694e286cbdc709aed8641743fa4591","name":"CBTI Team","image":{"@type":"ImageObject","inLanguage":"en-US","@id":"https:\/\/secure.gravatar.com\/avatar\/46840e5c253419e7ddd36cf1b42202f1266a0347bb63a6b4f82b38f71ada6150?s=96&d=mm&r=g","url":"https:\/\/secure.gravatar.com\/avatar\/46840e5c253419e7ddd36cf1b42202f1266a0347bb63a6b4f82b38f71ada6150?s=96&d=mm&r=g","contentUrl":"https:\/\/secure.gravatar.com\/avatar\/46840e5c253419e7ddd36cf1b42202f1266a0347bb63a6b4f82b38f71ada6150?s=96&d=mm&r=g","caption":"CBTI Team"},"sameAs":["http:\/\/www.cbti-bkvt.org"],"url":"https:\/\/www.cbti-bkvt.org\/en\/author\/cbtitrad__gestion\/"}]}},"_links":{"self":[{"href":"https:\/\/www.cbti-bkvt.org\/en\/wp-json\/wp\/v2\/posts\/25883","targetHints":{"allow":["GET"]}}],"collection":[{"href":"https:\/\/www.cbti-bkvt.org\/en\/wp-json\/wp\/v2\/posts"}],"about":[{"href":"https:\/\/www.cbti-bkvt.org\/en\/wp-json\/wp\/v2\/types\/post"}],"author":[{"embeddable":true,"href":"https:\/\/www.cbti-bkvt.org\/en\/wp-json\/wp\/v2\/users\/1"}],"replies":[{"embeddable":true,"href":"https:\/\/www.cbti-bkvt.org\/en\/wp-json\/wp\/v2\/comments?post=25883"}],"version-history":[{"count":1,"href":"https:\/\/www.cbti-bkvt.org\/en\/wp-json\/wp\/v2\/posts\/25883\/revisions"}],"predecessor-version":[{"id":27114,"href":"https:\/\/www.cbti-bkvt.org\/en\/wp-json\/wp\/v2\/posts\/25883\/revisions\/27114"}],"wp:featuredmedia":[{"embeddable":true,"href":"https:\/\/www.cbti-bkvt.org\/en\/wp-json\/wp\/v2\/media\/22234"}],"wp:attachment":[{"href":"https:\/\/www.cbti-bkvt.org\/en\/wp-json\/wp\/v2\/media?parent=25883"}],"wp:term":[{"taxonomy":"category","embeddable":true,"href":"https:\/\/www.cbti-bkvt.org\/en\/wp-json\/wp\/v2\/categories?post=25883"},{"taxonomy":"post_tag","embeddable":true,"href":"https:\/\/www.cbti-bkvt.org\/en\/wp-json\/wp\/v2\/tags?post=25883"}],"curies":[{"name":"wp","href":"https:\/\/api.w.org\/{rel}","templated":true}]}}