{"id":25892,"date":"2020-11-03T09:22:00","date_gmt":"2020-11-03T09:22:00","guid":{"rendered":"https:\/\/www.cbti-bkvt.org\/de-bkvt-en-aiic-belgie-slaan-de-handen-in-elkaar-voor-de-conferentietolken\/"},"modified":"2024-01-14T20:07:11","modified_gmt":"2024-01-14T20:07:11","slug":"de-bkvt-en-aiic-belgie-slaan-de-handen-in-elkaar-voor-de-conferentietolken","status":"publish","type":"post","link":"https:\/\/www.cbti-bkvt.org\/en\/de-bkvt-en-aiic-belgie-slaan-de-handen-in-elkaar-voor-de-conferentietolken\/","title":{"rendered":"De BKVT en AIIC Belgi\u00eb slaan de handen in elkaar voor de conferentietolken"},"content":{"rendered":"\n<p>De BKVT en AIIC Belgi\u00eb hebben besloten om een gezamenlijke brief te richten aan de federale minister van Zelfstandigen en KMO&#8217;s, David Clarinval, om zijn aandacht te vestigen op de situatie van de conferentietolken. Hieronder vindt u een kopie van deze brief:&nbsp;<\/p>\n\n\n\n<div class=\"wp-block-group is-nowrap is-layout-flex wp-container-core-group-is-layout-ad2f72ca wp-block-group-is-layout-flex\">\n<figure data-wp-context=\"{&quot;imageId&quot;:&quot;69f3c7b9e063c&quot;}\" data-wp-interactive=\"core\/image\" data-wp-key=\"69f3c7b9e063c\" class=\"wp-block-image size-large wp-lightbox-container\"><img decoding=\"async\" width=\"609\" height=\"1024\" data-wp-class--hide=\"state.isContentHidden\" data-wp-class--show=\"state.isContentVisible\" data-wp-init=\"callbacks.setButtonStyles\" data-wp-on--click=\"actions.showLightbox\" data-wp-on--load=\"callbacks.setButtonStyles\" data-wp-on-window--resize=\"callbacks.setButtonStyles\" src=\"https:\/\/www.cbti-bkvt.org\/wp-content\/uploads\/Clarinval1-609x1024.jpg\" alt=\"\" class=\"wp-image-27078\" srcset=\"https:\/\/www.cbti-bkvt.org\/wp-content\/uploads\/Clarinval1-609x1024.jpg 609w, https:\/\/www.cbti-bkvt.org\/wp-content\/uploads\/Clarinval1-178x300.jpg 178w, https:\/\/www.cbti-bkvt.org\/wp-content\/uploads\/Clarinval1.jpg 627w\" sizes=\"(max-width: 609px) 100vw, 609px\" \/><button\n\t\t\tclass=\"lightbox-trigger\"\n\t\t\ttype=\"button\"\n\t\t\taria-haspopup=\"dialog\"\n\t\t\taria-label=\"Enlarge\"\n\t\t\tdata-wp-init=\"callbacks.initTriggerButton\"\n\t\t\tdata-wp-on--click=\"actions.showLightbox\"\n\t\t\tdata-wp-style--right=\"state.imageButtonRight\"\n\t\t\tdata-wp-style--top=\"state.imageButtonTop\"\n\t\t>\n\t\t\t<svg xmlns=\"http:\/\/www.w3.org\/2000\/svg\" width=\"12\" height=\"12\" fill=\"none\" viewBox=\"0 0 12 12\">\n\t\t\t\t<path fill=\"#fff\" d=\"M2 0a2 2 0 0 0-2 2v2h1.5V2a.5.5 0 0 1 .5-.5h2V0H2Zm2 10.5H2a.5.5 0 0 1-.5-.5V8H0v2a2 2 0 0 0 2 2h2v-1.5ZM8 12v-1.5h2a.5.5 0 0 0 .5-.5V8H12v2a2 2 0 0 1-2 2H8Zm2-12a2 2 0 0 1 2 2v2h-1.5V2a.5.5 0 0 0-.5-.5H8V0h2Z\" \/>\n\t\t\t<\/svg>\n\t\t<\/button><\/figure>\n\n\n\n<figure data-wp-context=\"{&quot;imageId&quot;:&quot;69f3c7b9e0a61&quot;}\" data-wp-interactive=\"core\/image\" data-wp-key=\"69f3c7b9e0a61\" class=\"wp-block-image size-large wp-lightbox-container\"><img decoding=\"async\" width=\"646\" height=\"1024\" data-wp-class--hide=\"state.isContentHidden\" data-wp-class--show=\"state.isContentVisible\" data-wp-init=\"callbacks.setButtonStyles\" data-wp-on--click=\"actions.showLightbox\" data-wp-on--load=\"callbacks.setButtonStyles\" data-wp-on-window--resize=\"callbacks.setButtonStyles\" src=\"https:\/\/www.cbti-bkvt.org\/wp-content\/uploads\/Clarinval2-646x1024.jpg\" alt=\"\" class=\"wp-image-27083\" srcset=\"https:\/\/www.cbti-bkvt.org\/wp-content\/uploads\/Clarinval2-646x1024.jpg 646w, https:\/\/www.cbti-bkvt.org\/wp-content\/uploads\/Clarinval2-189x300.jpg 189w, https:\/\/www.cbti-bkvt.org\/wp-content\/uploads\/Clarinval2.jpg 666w\" sizes=\"(max-width: 646px) 100vw, 646px\" \/><button\n\t\t\tclass=\"lightbox-trigger\"\n\t\t\ttype=\"button\"\n\t\t\taria-haspopup=\"dialog\"\n\t\t\taria-label=\"Enlarge\"\n\t\t\tdata-wp-init=\"callbacks.initTriggerButton\"\n\t\t\tdata-wp-on--click=\"actions.showLightbox\"\n\t\t\tdata-wp-style--right=\"state.imageButtonRight\"\n\t\t\tdata-wp-style--top=\"state.imageButtonTop\"\n\t\t>\n\t\t\t<svg xmlns=\"http:\/\/www.w3.org\/2000\/svg\" width=\"12\" height=\"12\" fill=\"none\" viewBox=\"0 0 12 12\">\n\t\t\t\t<path fill=\"#fff\" d=\"M2 0a2 2 0 0 0-2 2v2h1.5V2a.5.5 0 0 1 .5-.5h2V0H2Zm2 10.5H2a.5.5 0 0 1-.5-.5V8H0v2a2 2 0 0 0 2 2h2v-1.5ZM8 12v-1.5h2a.5.5 0 0 0 .5-.5V8H12v2a2 2 0 0 1-2 2H8Zm2-12a2 2 0 0 1 2 2v2h-1.5V2a.5.5 0 0 0-.5-.5H8V0h2Z\" \/>\n\t\t\t<\/svg>\n\t\t<\/button><\/figure>\n<\/div>\n","protected":false},"excerpt":{"rendered":"<p>De BKVT en AIIC Belgi\u00eb hebben besloten om een gezamenlijke brief te richten aan de federale minister van Zelfstandigen en KMO&#8217;s, David Clarinval, om zijn aandacht te vestigen op de situatie van de conferentietolken. Hieronder vindt u een kopie van deze brief:&nbsp;<\/p>\n","protected":false},"author":1,"featured_media":22264,"comment_status":"open","ping_status":"open","sticky":false,"template":"","format":"standard","meta":{"_acf_changed":false,"pmpro_default_level":"","neve_meta_sidebar":"","neve_meta_container":"","neve_meta_enable_content_width":"","neve_meta_content_width":0,"neve_meta_title_alignment":"","neve_meta_author_avatar":"","neve_post_elements_order":"","neve_meta_disable_header":"","neve_meta_disable_footer":"","neve_meta_disable_title":"","neve_meta_reading_time":"","footnotes":"","_links_to":"","_links_to_target":""},"categories":[405,395],"tags":[],"class_list":["post-25892","post","type-post","status-publish","format-standard","has-post-thumbnail","hentry","category-life-in-cbti-bkvt","category-news-from-the-sector","pmpro-has-access"],"acf":[],"yoast_head":"<!-- This site is optimized with the Yoast SEO plugin v27.4 - https:\/\/yoast.com\/product\/yoast-seo-wordpress\/ -->\n<title>Chambre Belge des Traducteurs et Interpr\u00e8tes | Belgische Kamer van Vertalers en Tolken<\/title>\n<meta name=\"robots\" content=\"index, follow, max-snippet:-1, max-image-preview:large, max-video-preview:-1\" \/>\n<link rel=\"canonical\" href=\"https:\/\/www.cbti-bkvt.org\/en\/de-bkvt-en-aiic-belgie-slaan-de-handen-in-elkaar-voor-de-conferentietolken\/\" \/>\n<meta property=\"og:locale\" content=\"en_US\" \/>\n<meta property=\"og:type\" content=\"article\" \/>\n<meta property=\"og:title\" content=\"De BKVT en AIIC Belgi\u00eb slaan de handen in elkaar voor de conferentietolken - Chambre Belge des Traducteurs et Interpr\u00e8tes | Belgische Kamer van Vertalers en Tolken\" \/>\n<meta property=\"og:description\" content=\"De BKVT en AIIC Belgi\u00eb hebben besloten om een gezamenlijke brief te richten aan de federale minister van Zelfstandigen en KMO&#8217;s, David Clarinval, om zijn aandacht te vestigen op de situatie van de conferentietolken. Hieronder vindt u een kopie van deze brief:&nbsp;\" \/>\n<meta property=\"og:url\" content=\"https:\/\/www.cbti-bkvt.org\/en\/de-bkvt-en-aiic-belgie-slaan-de-handen-in-elkaar-voor-de-conferentietolken\/\" \/>\n<meta property=\"og:site_name\" content=\"Chambre Belge des Traducteurs et Interpr\u00e8tes | Belgische Kamer van Vertalers en Tolken\" \/>\n<meta property=\"article:published_time\" content=\"2020-11-03T09:22:00+00:00\" \/>\n<meta property=\"article:modified_time\" content=\"2024-01-14T20:07:11+00:00\" \/>\n<meta property=\"og:image\" content=\"https:\/\/www.cbti-bkvt.org\/wp-content\/uploads\/Clarinval_header-2.jpg\" \/>\n\t<meta property=\"og:image:width\" content=\"1280\" \/>\n\t<meta property=\"og:image:height\" content=\"569\" \/>\n\t<meta property=\"og:image:type\" content=\"image\/jpeg\" \/>\n<meta name=\"author\" content=\"CBTI Team\" \/>\n<meta name=\"twitter:card\" content=\"summary_large_image\" \/>\n<meta name=\"twitter:label1\" content=\"Written by\" \/>\n\t<meta name=\"twitter:data1\" content=\"CBTI Team\" \/>\n<script type=\"application\/ld+json\" class=\"yoast-schema-graph\">{\"@context\":\"https:\\\/\\\/schema.org\",\"@graph\":[{\"@type\":\"Article\",\"@id\":\"https:\\\/\\\/www.cbti-bkvt.org\\\/en\\\/de-bkvt-en-aiic-belgie-slaan-de-handen-in-elkaar-voor-de-conferentietolken\\\/#article\",\"isPartOf\":{\"@id\":\"https:\\\/\\\/www.cbti-bkvt.org\\\/en\\\/de-bkvt-en-aiic-belgie-slaan-de-handen-in-elkaar-voor-de-conferentietolken\\\/\"},\"author\":{\"name\":\"CBTI Team\",\"@id\":\"https:\\\/\\\/www.cbti-bkvt.org\\\/en\\\/#\\\/schema\\\/person\\\/39694e286cbdc709aed8641743fa4591\"},\"headline\":\"De BKVT en AIIC Belgi\u00eb slaan de handen in elkaar voor de conferentietolken\",\"datePublished\":\"2020-11-03T09:22:00+00:00\",\"dateModified\":\"2024-01-14T20:07:11+00:00\",\"mainEntityOfPage\":{\"@id\":\"https:\\\/\\\/www.cbti-bkvt.org\\\/en\\\/de-bkvt-en-aiic-belgie-slaan-de-handen-in-elkaar-voor-de-conferentietolken\\\/\"},\"wordCount\":57,\"commentCount\":0,\"image\":{\"@id\":\"https:\\\/\\\/www.cbti-bkvt.org\\\/en\\\/de-bkvt-en-aiic-belgie-slaan-de-handen-in-elkaar-voor-de-conferentietolken\\\/#primaryimage\"},\"thumbnailUrl\":\"https:\\\/\\\/www.cbti-bkvt.org\\\/wp-content\\\/uploads\\\/Clarinval_header-2.jpg\",\"articleSection\":[\"Life in CBTI\\\/BKVT\",\"News from the sector\"],\"inLanguage\":\"en-US\",\"potentialAction\":[{\"@type\":\"CommentAction\",\"name\":\"Comment\",\"target\":[\"https:\\\/\\\/www.cbti-bkvt.org\\\/en\\\/de-bkvt-en-aiic-belgie-slaan-de-handen-in-elkaar-voor-de-conferentietolken\\\/#respond\"]}]},{\"@type\":\"WebPage\",\"@id\":\"https:\\\/\\\/www.cbti-bkvt.org\\\/en\\\/de-bkvt-en-aiic-belgie-slaan-de-handen-in-elkaar-voor-de-conferentietolken\\\/\",\"url\":\"https:\\\/\\\/www.cbti-bkvt.org\\\/en\\\/de-bkvt-en-aiic-belgie-slaan-de-handen-in-elkaar-voor-de-conferentietolken\\\/\",\"name\":\"De BKVT en AIIC Belgi\u00eb slaan de handen in elkaar voor de conferentietolken - Chambre Belge des Traducteurs et Interpr\u00e8tes | Belgische Kamer van Vertalers en Tolken\",\"isPartOf\":{\"@id\":\"https:\\\/\\\/www.cbti-bkvt.org\\\/en\\\/#website\"},\"primaryImageOfPage\":{\"@id\":\"https:\\\/\\\/www.cbti-bkvt.org\\\/en\\\/de-bkvt-en-aiic-belgie-slaan-de-handen-in-elkaar-voor-de-conferentietolken\\\/#primaryimage\"},\"image\":{\"@id\":\"https:\\\/\\\/www.cbti-bkvt.org\\\/en\\\/de-bkvt-en-aiic-belgie-slaan-de-handen-in-elkaar-voor-de-conferentietolken\\\/#primaryimage\"},\"thumbnailUrl\":\"https:\\\/\\\/www.cbti-bkvt.org\\\/wp-content\\\/uploads\\\/Clarinval_header-2.jpg\",\"datePublished\":\"2020-11-03T09:22:00+00:00\",\"dateModified\":\"2024-01-14T20:07:11+00:00\",\"author\":{\"@id\":\"https:\\\/\\\/www.cbti-bkvt.org\\\/en\\\/#\\\/schema\\\/person\\\/39694e286cbdc709aed8641743fa4591\"},\"breadcrumb\":{\"@id\":\"https:\\\/\\\/www.cbti-bkvt.org\\\/en\\\/de-bkvt-en-aiic-belgie-slaan-de-handen-in-elkaar-voor-de-conferentietolken\\\/#breadcrumb\"},\"inLanguage\":\"en-US\",\"potentialAction\":[{\"@type\":\"ReadAction\",\"target\":[\"https:\\\/\\\/www.cbti-bkvt.org\\\/en\\\/de-bkvt-en-aiic-belgie-slaan-de-handen-in-elkaar-voor-de-conferentietolken\\\/\"]}]},{\"@type\":\"ImageObject\",\"inLanguage\":\"en-US\",\"@id\":\"https:\\\/\\\/www.cbti-bkvt.org\\\/en\\\/de-bkvt-en-aiic-belgie-slaan-de-handen-in-elkaar-voor-de-conferentietolken\\\/#primaryimage\",\"url\":\"https:\\\/\\\/www.cbti-bkvt.org\\\/wp-content\\\/uploads\\\/Clarinval_header-2.jpg\",\"contentUrl\":\"https:\\\/\\\/www.cbti-bkvt.org\\\/wp-content\\\/uploads\\\/Clarinval_header-2.jpg\",\"width\":1280,\"height\":569},{\"@type\":\"BreadcrumbList\",\"@id\":\"https:\\\/\\\/www.cbti-bkvt.org\\\/en\\\/de-bkvt-en-aiic-belgie-slaan-de-handen-in-elkaar-voor-de-conferentietolken\\\/#breadcrumb\",\"itemListElement\":[{\"@type\":\"ListItem\",\"position\":1,\"name\":\"Home\",\"item\":\"https:\\\/\\\/www.cbti-bkvt.org\\\/en\\\/\"},{\"@type\":\"ListItem\",\"position\":2,\"name\":\"De BKVT en AIIC Belgi\u00eb slaan de handen in elkaar voor de conferentietolken\"}]},{\"@type\":\"WebSite\",\"@id\":\"https:\\\/\\\/www.cbti-bkvt.org\\\/en\\\/#website\",\"url\":\"https:\\\/\\\/www.cbti-bkvt.org\\\/en\\\/\",\"name\":\"Chambre Belge des Traducteurs et Interpr\u00e8tes | Belgische Kamer van Vertalers en Tolken\",\"description\":\"M\u00e9tiers de la traduction \u00e9crite, l\u2019interpr\u00e9tation de conf\u00e9rence, la traduction et l\u2019interpr\u00e9tation en milieu judiciaire.\",\"potentialAction\":[{\"@type\":\"SearchAction\",\"target\":{\"@type\":\"EntryPoint\",\"urlTemplate\":\"https:\\\/\\\/www.cbti-bkvt.org\\\/en\\\/?s={search_term_string}\"},\"query-input\":{\"@type\":\"PropertyValueSpecification\",\"valueRequired\":true,\"valueName\":\"search_term_string\"}}],\"inLanguage\":\"en-US\"},{\"@type\":\"Person\",\"@id\":\"https:\\\/\\\/www.cbti-bkvt.org\\\/en\\\/#\\\/schema\\\/person\\\/39694e286cbdc709aed8641743fa4591\",\"name\":\"CBTI Team\",\"image\":{\"@type\":\"ImageObject\",\"inLanguage\":\"en-US\",\"@id\":\"https:\\\/\\\/secure.gravatar.com\\\/avatar\\\/46840e5c253419e7ddd36cf1b42202f1266a0347bb63a6b4f82b38f71ada6150?s=96&d=mm&r=g\",\"url\":\"https:\\\/\\\/secure.gravatar.com\\\/avatar\\\/46840e5c253419e7ddd36cf1b42202f1266a0347bb63a6b4f82b38f71ada6150?s=96&d=mm&r=g\",\"contentUrl\":\"https:\\\/\\\/secure.gravatar.com\\\/avatar\\\/46840e5c253419e7ddd36cf1b42202f1266a0347bb63a6b4f82b38f71ada6150?s=96&d=mm&r=g\",\"caption\":\"CBTI Team\"},\"sameAs\":[\"http:\\\/\\\/www.cbti-bkvt.org\"],\"url\":\"https:\\\/\\\/www.cbti-bkvt.org\\\/en\\\/author\\\/cbtitrad__gestion\\\/\"}]}<\/script>\n<!-- \/ Yoast SEO plugin. -->","yoast_head_json":{"title":"Chambre Belge des Traducteurs et Interpr\u00e8tes | Belgische Kamer van Vertalers en Tolken","robots":{"index":"index","follow":"follow","max-snippet":"max-snippet:-1","max-image-preview":"max-image-preview:large","max-video-preview":"max-video-preview:-1"},"canonical":"https:\/\/www.cbti-bkvt.org\/en\/de-bkvt-en-aiic-belgie-slaan-de-handen-in-elkaar-voor-de-conferentietolken\/","og_locale":"en_US","og_type":"article","og_title":"De BKVT en AIIC Belgi\u00eb slaan de handen in elkaar voor de conferentietolken - Chambre Belge des Traducteurs et Interpr\u00e8tes | Belgische Kamer van Vertalers en Tolken","og_description":"De BKVT en AIIC Belgi\u00eb hebben besloten om een gezamenlijke brief te richten aan de federale minister van Zelfstandigen en KMO&#8217;s, David Clarinval, om zijn aandacht te vestigen op de situatie van de conferentietolken. Hieronder vindt u een kopie van deze brief:&nbsp;","og_url":"https:\/\/www.cbti-bkvt.org\/en\/de-bkvt-en-aiic-belgie-slaan-de-handen-in-elkaar-voor-de-conferentietolken\/","og_site_name":"Chambre Belge des Traducteurs et Interpr\u00e8tes | Belgische Kamer van Vertalers en Tolken","article_published_time":"2020-11-03T09:22:00+00:00","article_modified_time":"2024-01-14T20:07:11+00:00","og_image":[{"width":1280,"height":569,"url":"https:\/\/www.cbti-bkvt.org\/wp-content\/uploads\/Clarinval_header-2.jpg","type":"image\/jpeg"}],"author":"CBTI Team","twitter_card":"summary_large_image","twitter_misc":{"Written by":"CBTI Team"},"schema":{"@context":"https:\/\/schema.org","@graph":[{"@type":"Article","@id":"https:\/\/www.cbti-bkvt.org\/en\/de-bkvt-en-aiic-belgie-slaan-de-handen-in-elkaar-voor-de-conferentietolken\/#article","isPartOf":{"@id":"https:\/\/www.cbti-bkvt.org\/en\/de-bkvt-en-aiic-belgie-slaan-de-handen-in-elkaar-voor-de-conferentietolken\/"},"author":{"name":"CBTI Team","@id":"https:\/\/www.cbti-bkvt.org\/en\/#\/schema\/person\/39694e286cbdc709aed8641743fa4591"},"headline":"De BKVT en AIIC Belgi\u00eb slaan de handen in elkaar voor de conferentietolken","datePublished":"2020-11-03T09:22:00+00:00","dateModified":"2024-01-14T20:07:11+00:00","mainEntityOfPage":{"@id":"https:\/\/www.cbti-bkvt.org\/en\/de-bkvt-en-aiic-belgie-slaan-de-handen-in-elkaar-voor-de-conferentietolken\/"},"wordCount":57,"commentCount":0,"image":{"@id":"https:\/\/www.cbti-bkvt.org\/en\/de-bkvt-en-aiic-belgie-slaan-de-handen-in-elkaar-voor-de-conferentietolken\/#primaryimage"},"thumbnailUrl":"https:\/\/www.cbti-bkvt.org\/wp-content\/uploads\/Clarinval_header-2.jpg","articleSection":["Life in CBTI\/BKVT","News from the sector"],"inLanguage":"en-US","potentialAction":[{"@type":"CommentAction","name":"Comment","target":["https:\/\/www.cbti-bkvt.org\/en\/de-bkvt-en-aiic-belgie-slaan-de-handen-in-elkaar-voor-de-conferentietolken\/#respond"]}]},{"@type":"WebPage","@id":"https:\/\/www.cbti-bkvt.org\/en\/de-bkvt-en-aiic-belgie-slaan-de-handen-in-elkaar-voor-de-conferentietolken\/","url":"https:\/\/www.cbti-bkvt.org\/en\/de-bkvt-en-aiic-belgie-slaan-de-handen-in-elkaar-voor-de-conferentietolken\/","name":"De BKVT en AIIC Belgi\u00eb slaan de handen in elkaar voor de conferentietolken - Chambre Belge des Traducteurs et Interpr\u00e8tes | Belgische Kamer van Vertalers en Tolken","isPartOf":{"@id":"https:\/\/www.cbti-bkvt.org\/en\/#website"},"primaryImageOfPage":{"@id":"https:\/\/www.cbti-bkvt.org\/en\/de-bkvt-en-aiic-belgie-slaan-de-handen-in-elkaar-voor-de-conferentietolken\/#primaryimage"},"image":{"@id":"https:\/\/www.cbti-bkvt.org\/en\/de-bkvt-en-aiic-belgie-slaan-de-handen-in-elkaar-voor-de-conferentietolken\/#primaryimage"},"thumbnailUrl":"https:\/\/www.cbti-bkvt.org\/wp-content\/uploads\/Clarinval_header-2.jpg","datePublished":"2020-11-03T09:22:00+00:00","dateModified":"2024-01-14T20:07:11+00:00","author":{"@id":"https:\/\/www.cbti-bkvt.org\/en\/#\/schema\/person\/39694e286cbdc709aed8641743fa4591"},"breadcrumb":{"@id":"https:\/\/www.cbti-bkvt.org\/en\/de-bkvt-en-aiic-belgie-slaan-de-handen-in-elkaar-voor-de-conferentietolken\/#breadcrumb"},"inLanguage":"en-US","potentialAction":[{"@type":"ReadAction","target":["https:\/\/www.cbti-bkvt.org\/en\/de-bkvt-en-aiic-belgie-slaan-de-handen-in-elkaar-voor-de-conferentietolken\/"]}]},{"@type":"ImageObject","inLanguage":"en-US","@id":"https:\/\/www.cbti-bkvt.org\/en\/de-bkvt-en-aiic-belgie-slaan-de-handen-in-elkaar-voor-de-conferentietolken\/#primaryimage","url":"https:\/\/www.cbti-bkvt.org\/wp-content\/uploads\/Clarinval_header-2.jpg","contentUrl":"https:\/\/www.cbti-bkvt.org\/wp-content\/uploads\/Clarinval_header-2.jpg","width":1280,"height":569},{"@type":"BreadcrumbList","@id":"https:\/\/www.cbti-bkvt.org\/en\/de-bkvt-en-aiic-belgie-slaan-de-handen-in-elkaar-voor-de-conferentietolken\/#breadcrumb","itemListElement":[{"@type":"ListItem","position":1,"name":"Home","item":"https:\/\/www.cbti-bkvt.org\/en\/"},{"@type":"ListItem","position":2,"name":"De BKVT en AIIC Belgi\u00eb slaan de handen in elkaar voor de conferentietolken"}]},{"@type":"WebSite","@id":"https:\/\/www.cbti-bkvt.org\/en\/#website","url":"https:\/\/www.cbti-bkvt.org\/en\/","name":"Chambre Belge des Traducteurs et Interpr\u00e8tes | Belgische Kamer van Vertalers en Tolken","description":"M\u00e9tiers de la traduction \u00e9crite, l\u2019interpr\u00e9tation de conf\u00e9rence, la traduction et l\u2019interpr\u00e9tation en milieu judiciaire.","potentialAction":[{"@type":"SearchAction","target":{"@type":"EntryPoint","urlTemplate":"https:\/\/www.cbti-bkvt.org\/en\/?s={search_term_string}"},"query-input":{"@type":"PropertyValueSpecification","valueRequired":true,"valueName":"search_term_string"}}],"inLanguage":"en-US"},{"@type":"Person","@id":"https:\/\/www.cbti-bkvt.org\/en\/#\/schema\/person\/39694e286cbdc709aed8641743fa4591","name":"CBTI Team","image":{"@type":"ImageObject","inLanguage":"en-US","@id":"https:\/\/secure.gravatar.com\/avatar\/46840e5c253419e7ddd36cf1b42202f1266a0347bb63a6b4f82b38f71ada6150?s=96&d=mm&r=g","url":"https:\/\/secure.gravatar.com\/avatar\/46840e5c253419e7ddd36cf1b42202f1266a0347bb63a6b4f82b38f71ada6150?s=96&d=mm&r=g","contentUrl":"https:\/\/secure.gravatar.com\/avatar\/46840e5c253419e7ddd36cf1b42202f1266a0347bb63a6b4f82b38f71ada6150?s=96&d=mm&r=g","caption":"CBTI Team"},"sameAs":["http:\/\/www.cbti-bkvt.org"],"url":"https:\/\/www.cbti-bkvt.org\/en\/author\/cbtitrad__gestion\/"}]}},"_links":{"self":[{"href":"https:\/\/www.cbti-bkvt.org\/en\/wp-json\/wp\/v2\/posts\/25892","targetHints":{"allow":["GET"]}}],"collection":[{"href":"https:\/\/www.cbti-bkvt.org\/en\/wp-json\/wp\/v2\/posts"}],"about":[{"href":"https:\/\/www.cbti-bkvt.org\/en\/wp-json\/wp\/v2\/types\/post"}],"author":[{"embeddable":true,"href":"https:\/\/www.cbti-bkvt.org\/en\/wp-json\/wp\/v2\/users\/1"}],"replies":[{"embeddable":true,"href":"https:\/\/www.cbti-bkvt.org\/en\/wp-json\/wp\/v2\/comments?post=25892"}],"version-history":[{"count":1,"href":"https:\/\/www.cbti-bkvt.org\/en\/wp-json\/wp\/v2\/posts\/25892\/revisions"}],"predecessor-version":[{"id":27089,"href":"https:\/\/www.cbti-bkvt.org\/en\/wp-json\/wp\/v2\/posts\/25892\/revisions\/27089"}],"wp:featuredmedia":[{"embeddable":true,"href":"https:\/\/www.cbti-bkvt.org\/en\/wp-json\/wp\/v2\/media\/22264"}],"wp:attachment":[{"href":"https:\/\/www.cbti-bkvt.org\/en\/wp-json\/wp\/v2\/media?parent=25892"}],"wp:term":[{"taxonomy":"category","embeddable":true,"href":"https:\/\/www.cbti-bkvt.org\/en\/wp-json\/wp\/v2\/categories?post=25892"},{"taxonomy":"post_tag","embeddable":true,"href":"https:\/\/www.cbti-bkvt.org\/en\/wp-json\/wp\/v2\/tags?post=25892"}],"curies":[{"name":"wp","href":"https:\/\/api.w.org\/{rel}","templated":true}]}}