{"id":25921,"date":"2022-04-07T08:09:00","date_gmt":"2022-04-07T08:09:00","guid":{"rendered":"https:\/\/www.cbti-bkvt.org\/oprichting-werkgroep-inclusiviteit-kom-erbij\/"},"modified":"2022-04-07T08:09:00","modified_gmt":"2022-04-07T08:09:00","slug":"oprichting-werkgroep-inclusiviteit-kom-erbij","status":"publish","type":"post","link":"https:\/\/www.cbti-bkvt.org\/en\/oprichting-werkgroep-inclusiviteit-kom-erbij\/","title":{"rendered":"Oprichting Werkgroep Inclusiviteit: kom erbij!"},"content":{"rendered":"<p><!--Oprichting Werkgroep Inclusiviteit: kom erbij!--><\/p>\n<p>Tijdens de Algemene vergadering van 19 maart hebben onze leden Sophie Hennuy en Emeline Jamoul een nieuwe werkgroep voorgesteld die zich focust op inclusiviteit binnen de BKVT. Was je niet aanwezig? Dan brengen we je graag op de hoogte!<\/p>\n<h3>Waarom?<\/h3>\n<p>We hebben deze werkgroep opgericht om ons over inclusief taalgebruik te buigen, en over inclusiviteit binnen de BKVT in het algemeen. Het onderwerp doet niet alleen in de media veel stof opwaaien, maar ook in de vertaalwereld. Er zijn immers steeds meer bedrijven die inclusiever willen communiceren om beter aan te sluiten bij de diversiteit in onze maatschappij. In dit hele overgangsproces moeten ook wij als taalkundigen onze rol opnemen.<\/p>\n<p>Beroepsverenigingen in onze buurlanden, waaronder de SFT en de ASTTI, zijn al in actie geschoten. Dus mogen we zeker niet achterblijven!<\/p>\n<h3>Actiepunten<\/h3>\n<p>Na stevig denkwerk hebben we drie actielijnen uitgetekend:  <\/p>\n<ul>\n<li><strong><em>Opleidingen<\/em><\/strong>: praktische workshops, manier om het thema \u201cinclusief schrijven\u201d bij klanten aan te kaarten, inclusief schrijven binnen onze specialisatiedomeinen, de organisatie van een themadag &#8230;  <\/li>\n<li><strong><em>Publicaties<\/em><\/strong>: inclusievere communicatie en website van de BKVT, denkoefening omtrent de naam van de BKVT, opmaak van gidsen voor vertaalprofessionals en onze klanten, opmaak van een lijst met referentiematerialen, opstellen van een enqu\u00eate &#8230;<\/li>\n<li><strong><em>Inclusieve waarden<\/em><\/strong>: denkoefening over gendergelijkheid binnen de RvB en over de rol van een vertrouwenspersoon (psychologische ondersteuning, luisterend oor, link met arbitrageraad\/juridische dienst)<\/li>\n<\/ul>\n<h3>Hoe word je lid van de WG Inclusiviteit?<\/h3>\n<p>We barsten van de idee\u00ebn en zin om erin te vliegen, maar zonder jullie staan we nergens. <strong>Daarom zijn we op zoek naar helpende handen.<\/strong> Wil je je graag inzetten voor inclusiviteit en je bij de werkgroep aansluiten? Stuur dan een mailtje naar een van de onderstaande adressen (*we gaan voor een meertalige aanpak en voor alle werktalen van de BKVT):  <\/p>\n<ul>\n<li>FR: <a href=\"mailto:inclusivite@translators.be\">inclusivite@translators.be<\/a><\/li>\n<li>NL: <a href=\"mailto:inclusiviteit@translators.be\">inclusiviteit@translators.be<\/a><\/li>\n<li>DE: <a href=\"mailto:inklusiv@translators.be\">inklusiv@translators.be<\/a><\/li>\n<li>EN: <a href=\"mailto:inclusivity@translators.be\">inclusivity@translators.be<\/a><\/li>\n<\/ul>\n<p>Check ook zeker Workplace, waar de subgroep Inclusivity werd opgericht om elkaar te helpen en best practices uit te wisselen.<\/p>\n","protected":false},"excerpt":{"rendered":"<p>Tijdens de Algemene vergadering van 19 maart hebben onze leden Sophie Hennuy en Emeline Jamoul een nieuwe werkgroep voorgesteld die zich focust op inclusiviteit binnen de BKVT. Was je niet aanwezig? Dan brengen we je graag op de hoogte! Waarom? We hebben deze werkgroep opgericht om ons over inclusief taalgebruik te buigen, en over inclusiviteit&hellip;&nbsp;<a href=\"https:\/\/www.cbti-bkvt.org\/en\/oprichting-werkgroep-inclusiviteit-kom-erbij\/\" rel=\"bookmark\">Read More &raquo;<span class=\"screen-reader-text\">Oprichting Werkgroep Inclusiviteit: kom erbij!<\/span><\/a><\/p>\n","protected":false},"author":1,"featured_media":22336,"comment_status":"open","ping_status":"open","sticky":false,"template":"","format":"standard","meta":{"_acf_changed":false,"pmpro_default_level":"","neve_meta_sidebar":"","neve_meta_container":"","neve_meta_enable_content_width":"","neve_meta_content_width":0,"neve_meta_title_alignment":"","neve_meta_author_avatar":"","neve_post_elements_order":"","neve_meta_disable_header":"","neve_meta_disable_footer":"","neve_meta_disable_title":"","neve_meta_reading_time":"","footnotes":"","_links_to":"","_links_to_target":""},"categories":[405],"tags":[],"class_list":["post-25921","post","type-post","status-publish","format-standard","has-post-thumbnail","hentry","category-life-in-cbti-bkvt","pmpro-has-access"],"acf":[],"yoast_head":"<!-- This site is optimized with the Yoast SEO plugin v27.4 - https:\/\/yoast.com\/product\/yoast-seo-wordpress\/ -->\n<title>Chambre Belge des Traducteurs et Interpr\u00e8tes | Belgische Kamer van Vertalers en Tolken<\/title>\n<meta name=\"robots\" content=\"index, follow, max-snippet:-1, max-image-preview:large, max-video-preview:-1\" \/>\n<link rel=\"canonical\" href=\"https:\/\/www.cbti-bkvt.org\/en\/oprichting-werkgroep-inclusiviteit-kom-erbij\/\" \/>\n<meta property=\"og:locale\" content=\"en_US\" \/>\n<meta property=\"og:type\" content=\"article\" \/>\n<meta property=\"og:title\" content=\"Oprichting Werkgroep Inclusiviteit: kom erbij! - Chambre Belge des Traducteurs et Interpr\u00e8tes | Belgische Kamer van Vertalers en Tolken\" \/>\n<meta property=\"og:description\" content=\"Tijdens de Algemene vergadering van 19 maart hebben onze leden Sophie Hennuy en Emeline Jamoul een nieuwe werkgroep voorgesteld die zich focust op inclusiviteit binnen de BKVT. Was je niet aanwezig? Dan brengen we je graag op de hoogte! Waarom? We hebben deze werkgroep opgericht om ons over inclusief taalgebruik te buigen, en over inclusiviteit&hellip;&nbsp;Read More &raquo;Oprichting Werkgroep Inclusiviteit: kom erbij!\" \/>\n<meta property=\"og:url\" content=\"https:\/\/www.cbti-bkvt.org\/en\/oprichting-werkgroep-inclusiviteit-kom-erbij\/\" \/>\n<meta property=\"og:site_name\" content=\"Chambre Belge des Traducteurs et Interpr\u00e8tes | Belgische Kamer van Vertalers en Tolken\" \/>\n<meta property=\"article:published_time\" content=\"2022-04-07T08:09:00+00:00\" \/>\n<meta name=\"author\" content=\"CBTI Team\" \/>\n<meta name=\"twitter:card\" content=\"summary_large_image\" \/>\n<meta name=\"twitter:label1\" content=\"Written by\" \/>\n\t<meta name=\"twitter:data1\" content=\"CBTI Team\" \/>\n\t<meta name=\"twitter:label2\" content=\"Est. reading time\" \/>\n\t<meta name=\"twitter:data2\" content=\"2 minutes\" \/>\n<script type=\"application\/ld+json\" class=\"yoast-schema-graph\">{\"@context\":\"https:\\\/\\\/schema.org\",\"@graph\":[{\"@type\":\"Article\",\"@id\":\"https:\\\/\\\/www.cbti-bkvt.org\\\/en\\\/oprichting-werkgroep-inclusiviteit-kom-erbij\\\/#article\",\"isPartOf\":{\"@id\":\"https:\\\/\\\/www.cbti-bkvt.org\\\/en\\\/oprichting-werkgroep-inclusiviteit-kom-erbij\\\/\"},\"author\":{\"name\":\"CBTI Team\",\"@id\":\"https:\\\/\\\/www.cbti-bkvt.org\\\/en\\\/#\\\/schema\\\/person\\\/39694e286cbdc709aed8641743fa4591\"},\"headline\":\"Oprichting Werkgroep Inclusiviteit: kom erbij!\",\"datePublished\":\"2022-04-07T08:09:00+00:00\",\"mainEntityOfPage\":{\"@id\":\"https:\\\/\\\/www.cbti-bkvt.org\\\/en\\\/oprichting-werkgroep-inclusiviteit-kom-erbij\\\/\"},\"wordCount\":332,\"commentCount\":0,\"image\":{\"@id\":\"https:\\\/\\\/www.cbti-bkvt.org\\\/en\\\/oprichting-werkgroep-inclusiviteit-kom-erbij\\\/#primaryimage\"},\"thumbnailUrl\":\"https:\\\/\\\/www.cbti-bkvt.org\\\/wp-content\\\/uploads\\\/Yourhappypics-Print-58-min-3.jpg\",\"articleSection\":[\"Life in CBTI\\\/BKVT\"],\"inLanguage\":\"en-US\",\"potentialAction\":[{\"@type\":\"CommentAction\",\"name\":\"Comment\",\"target\":[\"https:\\\/\\\/www.cbti-bkvt.org\\\/en\\\/oprichting-werkgroep-inclusiviteit-kom-erbij\\\/#respond\"]}]},{\"@type\":\"WebPage\",\"@id\":\"https:\\\/\\\/www.cbti-bkvt.org\\\/en\\\/oprichting-werkgroep-inclusiviteit-kom-erbij\\\/\",\"url\":\"https:\\\/\\\/www.cbti-bkvt.org\\\/en\\\/oprichting-werkgroep-inclusiviteit-kom-erbij\\\/\",\"name\":\"Oprichting Werkgroep Inclusiviteit: kom erbij! - Chambre Belge des Traducteurs et Interpr\u00e8tes | Belgische Kamer van Vertalers en Tolken\",\"isPartOf\":{\"@id\":\"https:\\\/\\\/www.cbti-bkvt.org\\\/en\\\/#website\"},\"primaryImageOfPage\":{\"@id\":\"https:\\\/\\\/www.cbti-bkvt.org\\\/en\\\/oprichting-werkgroep-inclusiviteit-kom-erbij\\\/#primaryimage\"},\"image\":{\"@id\":\"https:\\\/\\\/www.cbti-bkvt.org\\\/en\\\/oprichting-werkgroep-inclusiviteit-kom-erbij\\\/#primaryimage\"},\"thumbnailUrl\":\"https:\\\/\\\/www.cbti-bkvt.org\\\/wp-content\\\/uploads\\\/Yourhappypics-Print-58-min-3.jpg\",\"datePublished\":\"2022-04-07T08:09:00+00:00\",\"author\":{\"@id\":\"https:\\\/\\\/www.cbti-bkvt.org\\\/en\\\/#\\\/schema\\\/person\\\/39694e286cbdc709aed8641743fa4591\"},\"breadcrumb\":{\"@id\":\"https:\\\/\\\/www.cbti-bkvt.org\\\/en\\\/oprichting-werkgroep-inclusiviteit-kom-erbij\\\/#breadcrumb\"},\"inLanguage\":\"en-US\",\"potentialAction\":[{\"@type\":\"ReadAction\",\"target\":[\"https:\\\/\\\/www.cbti-bkvt.org\\\/en\\\/oprichting-werkgroep-inclusiviteit-kom-erbij\\\/\"]}]},{\"@type\":\"ImageObject\",\"inLanguage\":\"en-US\",\"@id\":\"https:\\\/\\\/www.cbti-bkvt.org\\\/en\\\/oprichting-werkgroep-inclusiviteit-kom-erbij\\\/#primaryimage\",\"url\":\"https:\\\/\\\/www.cbti-bkvt.org\\\/wp-content\\\/uploads\\\/Yourhappypics-Print-58-min-3.jpg\",\"contentUrl\":\"https:\\\/\\\/www.cbti-bkvt.org\\\/wp-content\\\/uploads\\\/Yourhappypics-Print-58-min-3.jpg\",\"width\":1497,\"height\":908},{\"@type\":\"BreadcrumbList\",\"@id\":\"https:\\\/\\\/www.cbti-bkvt.org\\\/en\\\/oprichting-werkgroep-inclusiviteit-kom-erbij\\\/#breadcrumb\",\"itemListElement\":[{\"@type\":\"ListItem\",\"position\":1,\"name\":\"Home\",\"item\":\"https:\\\/\\\/www.cbti-bkvt.org\\\/en\\\/\"},{\"@type\":\"ListItem\",\"position\":2,\"name\":\"Oprichting Werkgroep Inclusiviteit: kom erbij!\"}]},{\"@type\":\"WebSite\",\"@id\":\"https:\\\/\\\/www.cbti-bkvt.org\\\/en\\\/#website\",\"url\":\"https:\\\/\\\/www.cbti-bkvt.org\\\/en\\\/\",\"name\":\"Chambre Belge des Traducteurs et Interpr\u00e8tes | Belgische Kamer van Vertalers en Tolken\",\"description\":\"M\u00e9tiers de la traduction \u00e9crite, l\u2019interpr\u00e9tation de conf\u00e9rence, la traduction et l\u2019interpr\u00e9tation en milieu judiciaire.\",\"potentialAction\":[{\"@type\":\"SearchAction\",\"target\":{\"@type\":\"EntryPoint\",\"urlTemplate\":\"https:\\\/\\\/www.cbti-bkvt.org\\\/en\\\/?s={search_term_string}\"},\"query-input\":{\"@type\":\"PropertyValueSpecification\",\"valueRequired\":true,\"valueName\":\"search_term_string\"}}],\"inLanguage\":\"en-US\"},{\"@type\":\"Person\",\"@id\":\"https:\\\/\\\/www.cbti-bkvt.org\\\/en\\\/#\\\/schema\\\/person\\\/39694e286cbdc709aed8641743fa4591\",\"name\":\"CBTI Team\",\"image\":{\"@type\":\"ImageObject\",\"inLanguage\":\"en-US\",\"@id\":\"https:\\\/\\\/secure.gravatar.com\\\/avatar\\\/46840e5c253419e7ddd36cf1b42202f1266a0347bb63a6b4f82b38f71ada6150?s=96&d=mm&r=g\",\"url\":\"https:\\\/\\\/secure.gravatar.com\\\/avatar\\\/46840e5c253419e7ddd36cf1b42202f1266a0347bb63a6b4f82b38f71ada6150?s=96&d=mm&r=g\",\"contentUrl\":\"https:\\\/\\\/secure.gravatar.com\\\/avatar\\\/46840e5c253419e7ddd36cf1b42202f1266a0347bb63a6b4f82b38f71ada6150?s=96&d=mm&r=g\",\"caption\":\"CBTI Team\"},\"sameAs\":[\"http:\\\/\\\/www.cbti-bkvt.org\"],\"url\":\"https:\\\/\\\/www.cbti-bkvt.org\\\/en\\\/author\\\/cbtitrad__gestion\\\/\"}]}<\/script>\n<!-- \/ Yoast SEO plugin. -->","yoast_head_json":{"title":"Chambre Belge des Traducteurs et Interpr\u00e8tes | Belgische Kamer van Vertalers en Tolken","robots":{"index":"index","follow":"follow","max-snippet":"max-snippet:-1","max-image-preview":"max-image-preview:large","max-video-preview":"max-video-preview:-1"},"canonical":"https:\/\/www.cbti-bkvt.org\/en\/oprichting-werkgroep-inclusiviteit-kom-erbij\/","og_locale":"en_US","og_type":"article","og_title":"Oprichting Werkgroep Inclusiviteit: kom erbij! - Chambre Belge des Traducteurs et Interpr\u00e8tes | Belgische Kamer van Vertalers en Tolken","og_description":"Tijdens de Algemene vergadering van 19 maart hebben onze leden Sophie Hennuy en Emeline Jamoul een nieuwe werkgroep voorgesteld die zich focust op inclusiviteit binnen de BKVT. Was je niet aanwezig? Dan brengen we je graag op de hoogte! Waarom? We hebben deze werkgroep opgericht om ons over inclusief taalgebruik te buigen, en over inclusiviteit&hellip;&nbsp;Read More &raquo;Oprichting Werkgroep Inclusiviteit: kom erbij!","og_url":"https:\/\/www.cbti-bkvt.org\/en\/oprichting-werkgroep-inclusiviteit-kom-erbij\/","og_site_name":"Chambre Belge des Traducteurs et Interpr\u00e8tes | Belgische Kamer van Vertalers en Tolken","article_published_time":"2022-04-07T08:09:00+00:00","author":"CBTI Team","twitter_card":"summary_large_image","twitter_misc":{"Written by":"CBTI Team","Est. reading time":"2 minutes"},"schema":{"@context":"https:\/\/schema.org","@graph":[{"@type":"Article","@id":"https:\/\/www.cbti-bkvt.org\/en\/oprichting-werkgroep-inclusiviteit-kom-erbij\/#article","isPartOf":{"@id":"https:\/\/www.cbti-bkvt.org\/en\/oprichting-werkgroep-inclusiviteit-kom-erbij\/"},"author":{"name":"CBTI Team","@id":"https:\/\/www.cbti-bkvt.org\/en\/#\/schema\/person\/39694e286cbdc709aed8641743fa4591"},"headline":"Oprichting Werkgroep Inclusiviteit: kom erbij!","datePublished":"2022-04-07T08:09:00+00:00","mainEntityOfPage":{"@id":"https:\/\/www.cbti-bkvt.org\/en\/oprichting-werkgroep-inclusiviteit-kom-erbij\/"},"wordCount":332,"commentCount":0,"image":{"@id":"https:\/\/www.cbti-bkvt.org\/en\/oprichting-werkgroep-inclusiviteit-kom-erbij\/#primaryimage"},"thumbnailUrl":"https:\/\/www.cbti-bkvt.org\/wp-content\/uploads\/Yourhappypics-Print-58-min-3.jpg","articleSection":["Life in CBTI\/BKVT"],"inLanguage":"en-US","potentialAction":[{"@type":"CommentAction","name":"Comment","target":["https:\/\/www.cbti-bkvt.org\/en\/oprichting-werkgroep-inclusiviteit-kom-erbij\/#respond"]}]},{"@type":"WebPage","@id":"https:\/\/www.cbti-bkvt.org\/en\/oprichting-werkgroep-inclusiviteit-kom-erbij\/","url":"https:\/\/www.cbti-bkvt.org\/en\/oprichting-werkgroep-inclusiviteit-kom-erbij\/","name":"Oprichting Werkgroep Inclusiviteit: kom erbij! - Chambre Belge des Traducteurs et Interpr\u00e8tes | Belgische Kamer van Vertalers en Tolken","isPartOf":{"@id":"https:\/\/www.cbti-bkvt.org\/en\/#website"},"primaryImageOfPage":{"@id":"https:\/\/www.cbti-bkvt.org\/en\/oprichting-werkgroep-inclusiviteit-kom-erbij\/#primaryimage"},"image":{"@id":"https:\/\/www.cbti-bkvt.org\/en\/oprichting-werkgroep-inclusiviteit-kom-erbij\/#primaryimage"},"thumbnailUrl":"https:\/\/www.cbti-bkvt.org\/wp-content\/uploads\/Yourhappypics-Print-58-min-3.jpg","datePublished":"2022-04-07T08:09:00+00:00","author":{"@id":"https:\/\/www.cbti-bkvt.org\/en\/#\/schema\/person\/39694e286cbdc709aed8641743fa4591"},"breadcrumb":{"@id":"https:\/\/www.cbti-bkvt.org\/en\/oprichting-werkgroep-inclusiviteit-kom-erbij\/#breadcrumb"},"inLanguage":"en-US","potentialAction":[{"@type":"ReadAction","target":["https:\/\/www.cbti-bkvt.org\/en\/oprichting-werkgroep-inclusiviteit-kom-erbij\/"]}]},{"@type":"ImageObject","inLanguage":"en-US","@id":"https:\/\/www.cbti-bkvt.org\/en\/oprichting-werkgroep-inclusiviteit-kom-erbij\/#primaryimage","url":"https:\/\/www.cbti-bkvt.org\/wp-content\/uploads\/Yourhappypics-Print-58-min-3.jpg","contentUrl":"https:\/\/www.cbti-bkvt.org\/wp-content\/uploads\/Yourhappypics-Print-58-min-3.jpg","width":1497,"height":908},{"@type":"BreadcrumbList","@id":"https:\/\/www.cbti-bkvt.org\/en\/oprichting-werkgroep-inclusiviteit-kom-erbij\/#breadcrumb","itemListElement":[{"@type":"ListItem","position":1,"name":"Home","item":"https:\/\/www.cbti-bkvt.org\/en\/"},{"@type":"ListItem","position":2,"name":"Oprichting Werkgroep Inclusiviteit: kom erbij!"}]},{"@type":"WebSite","@id":"https:\/\/www.cbti-bkvt.org\/en\/#website","url":"https:\/\/www.cbti-bkvt.org\/en\/","name":"Chambre Belge des Traducteurs et Interpr\u00e8tes | Belgische Kamer van Vertalers en Tolken","description":"M\u00e9tiers de la traduction \u00e9crite, l\u2019interpr\u00e9tation de conf\u00e9rence, la traduction et l\u2019interpr\u00e9tation en milieu judiciaire.","potentialAction":[{"@type":"SearchAction","target":{"@type":"EntryPoint","urlTemplate":"https:\/\/www.cbti-bkvt.org\/en\/?s={search_term_string}"},"query-input":{"@type":"PropertyValueSpecification","valueRequired":true,"valueName":"search_term_string"}}],"inLanguage":"en-US"},{"@type":"Person","@id":"https:\/\/www.cbti-bkvt.org\/en\/#\/schema\/person\/39694e286cbdc709aed8641743fa4591","name":"CBTI Team","image":{"@type":"ImageObject","inLanguage":"en-US","@id":"https:\/\/secure.gravatar.com\/avatar\/46840e5c253419e7ddd36cf1b42202f1266a0347bb63a6b4f82b38f71ada6150?s=96&d=mm&r=g","url":"https:\/\/secure.gravatar.com\/avatar\/46840e5c253419e7ddd36cf1b42202f1266a0347bb63a6b4f82b38f71ada6150?s=96&d=mm&r=g","contentUrl":"https:\/\/secure.gravatar.com\/avatar\/46840e5c253419e7ddd36cf1b42202f1266a0347bb63a6b4f82b38f71ada6150?s=96&d=mm&r=g","caption":"CBTI Team"},"sameAs":["http:\/\/www.cbti-bkvt.org"],"url":"https:\/\/www.cbti-bkvt.org\/en\/author\/cbtitrad__gestion\/"}]}},"_links":{"self":[{"href":"https:\/\/www.cbti-bkvt.org\/en\/wp-json\/wp\/v2\/posts\/25921","targetHints":{"allow":["GET"]}}],"collection":[{"href":"https:\/\/www.cbti-bkvt.org\/en\/wp-json\/wp\/v2\/posts"}],"about":[{"href":"https:\/\/www.cbti-bkvt.org\/en\/wp-json\/wp\/v2\/types\/post"}],"author":[{"embeddable":true,"href":"https:\/\/www.cbti-bkvt.org\/en\/wp-json\/wp\/v2\/users\/1"}],"replies":[{"embeddable":true,"href":"https:\/\/www.cbti-bkvt.org\/en\/wp-json\/wp\/v2\/comments?post=25921"}],"version-history":[{"count":0,"href":"https:\/\/www.cbti-bkvt.org\/en\/wp-json\/wp\/v2\/posts\/25921\/revisions"}],"wp:featuredmedia":[{"embeddable":true,"href":"https:\/\/www.cbti-bkvt.org\/en\/wp-json\/wp\/v2\/media\/22336"}],"wp:attachment":[{"href":"https:\/\/www.cbti-bkvt.org\/en\/wp-json\/wp\/v2\/media?parent=25921"}],"wp:term":[{"taxonomy":"category","embeddable":true,"href":"https:\/\/www.cbti-bkvt.org\/en\/wp-json\/wp\/v2\/categories?post=25921"},{"taxonomy":"post_tag","embeddable":true,"href":"https:\/\/www.cbti-bkvt.org\/en\/wp-json\/wp\/v2\/tags?post=25921"}],"curies":[{"name":"wp","href":"https:\/\/api.w.org\/{rel}","templated":true}]}}