{"id":30819,"date":"2024-11-05T18:44:27","date_gmt":"2024-11-05T18:44:27","guid":{"rendered":"https:\/\/www.cbti-bkvt.org\/retards-de-paiement-du-spf-justice\/"},"modified":"2024-12-21T11:01:19","modified_gmt":"2024-12-21T11:01:19","slug":"vertraging-in-de-betalingen-van-fod-justitie","status":"publish","type":"post","link":"https:\/\/www.cbti-bkvt.org\/en\/vertraging-in-de-betalingen-van-fod-justitie\/","title":{"rendered":"Vertraging in de betalingen van FOD Justitie"},"content":{"rendered":"\n<h2 class=\"wp-block-heading\">Persbericht Linguajuris<\/h2>\n\n\n\n<p><strong>Be\u00ebdigde vertalers en tolken: bij gebrek aan budget kondigt de FOD Justitie vertraging in de betalingen aan &#8211; de Belgische Kamer van Vertalers en Tolken toont zich verontwaardigd en vraagt de politieke wereld om dringend te reageren<\/strong><\/p>\n\n\n\n<p>Brussel, 29 oktober 20124 &#8211; Na de aankondiging van het directoraat-generaal Rechterlijke Orde dat de be\u00ebdigde vertalers en tolken (BVT\u2019s) te maken kunnen krijgen met vertraging in de betaling van hun prestaties, tonen de Belgische Kamer van Vertalers en Tolken (BKVT) en haar commissie LinguaJuris zich bezorgd, verbaasd en verontwaardigd.<\/p>\n\n\n\n<p>Als bevoorrechte gesprekspartner van dit directoraat-generaal is LinguaJuris zeer ontgoocheld over de kloof tussen de geruststellende woorden over de mogelijkheid van de FOD Justitie om de BVT\u2019s te betalen en de inhoud van de aankondiging die alle be\u00ebdigde vertalers en tolken deze ochtend kregen.<\/p>\n\n\n\n<p>De situatie van de BVT\u2019s, die essentieel zijn voor de goede werking van Justitie, wordt eenvoudigweg onhoudbaar, en het vertrouwen dat zij zouden moeten kunnen hebben in de Belgische instellingen dreigt langdurig geschonden te worden.<\/p>\n\n\n\n<p>De BKVT en haar commissie LinguaJuris roepen de politieke wereld ertoe op om zich eindelijk beuwst te worden van het belang van het budget dat aan Justitie wordt toegekend en van de arbeids- en verloningsvoorwaarden van professionele be\u00ebdigde vertalers en tolken, zoals ze nogmaals benadrukten in het memorandum van de BVT-verenigingen dat gepubliceerd werd bij de federale verkiezingen in de maand juni.<\/p>\n\n\n\n<p>LinguaJuris verzoekt de politieke partijen aan beide kanten van de taalgrens om concrete maatregelen te nemen die de goede werking van de instellingen garanderen en de geruststelling te bieden dat die instellingen voldoende robuust zijn om aan de behoeften van de bevolking te voldoen, in het bijzonder wat justitie betreft.<\/p>\n\n\n\n<blockquote class=\"wp-block-quote is-layout-flow wp-block-quote-is-layout-flow\">\n<p>De Belgische Kamer van Vertalers en Tolken, die in 1955 werd opgericht, is een koninklijke vereniging zonder winstoogmerk. De BKVT is de voornaamste beroepsvereniging die de belangen van alle vertaal- en tolkberoepen behartigt en hen vertegenwoordigt bij de Hoge Raad voor de Zelfstandigen en de KMO. De BKVT heeft tot doel natuurlijke personen die een beroep uitoefenen dat rechtstreeks verband houdt met vertaal- of tolkwerk, te groeperen, hun wederzijdse belangen te verdedigen, de professionele kennis te vervolmaken door middel van permanente vorming, het prestige te verhogen van de beroepen die onder de statuten vallen en de collectieve beroepsbelangen van de leden te verdedigen.<br>Meer informatie op: <a href=\"https:\/\/www.cbti-bkvt.org\/en\/\">https:\/\/www.cbti-bkvt.org<\/a>.<br>De BKVT is lid van de F\u00e9d\u00e9ration internationale des traducteurs (FIT).<\/p>\n<\/blockquote>\n\n\n\n<p><a href=\"https:\/\/www.cbti-bkvt.org\/wp-content\/uploads\/CBTI-LinguaJuris-CP-Retards-de-paiement-Justice-2024-10-29_NL.pdf\">Download het persbericht<\/a><\/p>\n","protected":false},"excerpt":{"rendered":"<p>Persbericht Linguajuris Be\u00ebdigde vertalers en tolken: bij gebrek aan budget kondigt de FOD Justitie vertraging in de betalingen aan &#8211; de Belgische Kamer van Vertalers en Tolken toont zich verontwaardigd en vraagt de politieke wereld om dringend te reageren Brussel, 29 oktober 20124 &#8211; Na de aankondiging van het directoraat-generaal Rechterlijke Orde dat de be\u00ebdigde&hellip;&nbsp;<a href=\"https:\/\/www.cbti-bkvt.org\/en\/vertraging-in-de-betalingen-van-fod-justitie\/\" rel=\"bookmark\">Read More &raquo;<span class=\"screen-reader-text\">Vertraging in de betalingen van FOD Justitie<\/span><\/a><\/p>\n","protected":false},"author":265,"featured_media":30802,"comment_status":"closed","ping_status":"closed","sticky":false,"template":"","format":"standard","meta":{"_acf_changed":false,"pmpro_default_level":"","neve_meta_sidebar":"","neve_meta_container":"","neve_meta_enable_content_width":"","neve_meta_content_width":0,"neve_meta_title_alignment":"","neve_meta_author_avatar":"","neve_post_elements_order":"","neve_meta_disable_header":"","neve_meta_disable_footer":"","neve_meta_disable_title":"","neve_meta_reading_time":"","footnotes":"","_links_to":"","_links_to_target":""},"categories":[381,379,403],"tags":[],"class_list":["post-30819","post","type-post","status-publish","format-standard","has-post-thumbnail","hentry","category-press-releases","category-sectoral-committees","category-sworn-translators-interpreters","pmpro-has-access"],"acf":[],"yoast_head":"<!-- This site is optimized with the Yoast SEO plugin v27.4 - https:\/\/yoast.com\/product\/yoast-seo-wordpress\/ -->\n<title>Chambre Belge des Traducteurs et Interpr\u00e8tes | Belgische Kamer van Vertalers en Tolken<\/title>\n<meta name=\"description\" content=\"Persbericht van de BKVT-CBTi: Be\u00ebdigde vertalers en tolken: bij gebrek aan budget kondigt de FOD Justitie vertraging in de betalingen aan\" \/>\n<meta name=\"robots\" content=\"index, follow, max-snippet:-1, max-image-preview:large, max-video-preview:-1\" \/>\n<link rel=\"canonical\" href=\"https:\/\/www.cbti-bkvt.org\/en\/vertraging-in-de-betalingen-van-fod-justitie\/\" \/>\n<meta property=\"og:locale\" content=\"en_US\" \/>\n<meta property=\"og:type\" content=\"article\" \/>\n<meta property=\"og:title\" content=\"Vertraging in de betalingen van FOD Justitie - Chambre Belge des Traducteurs et Interpr\u00e8tes | Belgische Kamer van Vertalers en Tolken\" \/>\n<meta property=\"og:description\" content=\"Persbericht van de BKVT-CBTi: Be\u00ebdigde vertalers en tolken: bij gebrek aan budget kondigt de FOD Justitie vertraging in de betalingen aan\" \/>\n<meta property=\"og:url\" content=\"https:\/\/www.cbti-bkvt.org\/en\/vertraging-in-de-betalingen-van-fod-justitie\/\" \/>\n<meta property=\"og:site_name\" content=\"Chambre Belge des Traducteurs et Interpr\u00e8tes | Belgische Kamer van Vertalers en Tolken\" \/>\n<meta property=\"article:published_time\" content=\"2024-11-05T18:44:27+00:00\" \/>\n<meta property=\"article:modified_time\" content=\"2024-12-21T11:01:19+00:00\" \/>\n<meta property=\"og:image\" content=\"https:\/\/www.cbti-bkvt.org\/wp-content\/uploads\/daniel-dan-3SR040CKpB0-unsplash.jpg\" \/>\n\t<meta property=\"og:image:width\" content=\"800\" \/>\n\t<meta property=\"og:image:height\" content=\"533\" \/>\n\t<meta property=\"og:image:type\" content=\"image\/jpeg\" \/>\n<meta name=\"author\" content=\"C\u00e9line Maes\" \/>\n<meta name=\"twitter:card\" content=\"summary_large_image\" \/>\n<meta name=\"twitter:label1\" content=\"Written by\" \/>\n\t<meta name=\"twitter:data1\" content=\"C\u00e9line Maes\" \/>\n\t<meta name=\"twitter:label2\" content=\"Est. reading time\" \/>\n\t<meta name=\"twitter:data2\" content=\"2 minutes\" \/>\n<script type=\"application\/ld+json\" class=\"yoast-schema-graph\">{\"@context\":\"https:\\\/\\\/schema.org\",\"@graph\":[{\"@type\":\"Article\",\"@id\":\"https:\\\/\\\/www.cbti-bkvt.org\\\/en\\\/vertraging-in-de-betalingen-van-fod-justitie\\\/#article\",\"isPartOf\":{\"@id\":\"https:\\\/\\\/www.cbti-bkvt.org\\\/en\\\/vertraging-in-de-betalingen-van-fod-justitie\\\/\"},\"author\":{\"name\":\"C\u00e9line Maes\",\"@id\":\"https:\\\/\\\/www.cbti-bkvt.org\\\/en\\\/#\\\/schema\\\/person\\\/618be4a1eba65d61684e3a8d473272d0\"},\"headline\":\"Vertraging in de betalingen van FOD Justitie\",\"datePublished\":\"2024-11-05T18:44:27+00:00\",\"dateModified\":\"2024-12-21T11:01:19+00:00\",\"mainEntityOfPage\":{\"@id\":\"https:\\\/\\\/www.cbti-bkvt.org\\\/en\\\/vertraging-in-de-betalingen-van-fod-justitie\\\/\"},\"wordCount\":417,\"image\":{\"@id\":\"https:\\\/\\\/www.cbti-bkvt.org\\\/en\\\/vertraging-in-de-betalingen-van-fod-justitie\\\/#primaryimage\"},\"thumbnailUrl\":\"https:\\\/\\\/www.cbti-bkvt.org\\\/wp-content\\\/uploads\\\/daniel-dan-3SR040CKpB0-unsplash.jpg\",\"articleSection\":[\"Press Releases\",\"Sectoral committees\",\"Sworn Translators\\\/Interpreters\"],\"inLanguage\":\"en-US\"},{\"@type\":\"WebPage\",\"@id\":\"https:\\\/\\\/www.cbti-bkvt.org\\\/en\\\/vertraging-in-de-betalingen-van-fod-justitie\\\/\",\"url\":\"https:\\\/\\\/www.cbti-bkvt.org\\\/en\\\/vertraging-in-de-betalingen-van-fod-justitie\\\/\",\"name\":\"Vertraging in de betalingen van FOD Justitie - Chambre Belge des Traducteurs et Interpr\u00e8tes | Belgische Kamer van Vertalers en Tolken\",\"isPartOf\":{\"@id\":\"https:\\\/\\\/www.cbti-bkvt.org\\\/en\\\/#website\"},\"primaryImageOfPage\":{\"@id\":\"https:\\\/\\\/www.cbti-bkvt.org\\\/en\\\/vertraging-in-de-betalingen-van-fod-justitie\\\/#primaryimage\"},\"image\":{\"@id\":\"https:\\\/\\\/www.cbti-bkvt.org\\\/en\\\/vertraging-in-de-betalingen-van-fod-justitie\\\/#primaryimage\"},\"thumbnailUrl\":\"https:\\\/\\\/www.cbti-bkvt.org\\\/wp-content\\\/uploads\\\/daniel-dan-3SR040CKpB0-unsplash.jpg\",\"datePublished\":\"2024-11-05T18:44:27+00:00\",\"dateModified\":\"2024-12-21T11:01:19+00:00\",\"author\":{\"@id\":\"https:\\\/\\\/www.cbti-bkvt.org\\\/en\\\/#\\\/schema\\\/person\\\/618be4a1eba65d61684e3a8d473272d0\"},\"description\":\"Persbericht van de BKVT-CBTi: Be\u00ebdigde vertalers en tolken: bij gebrek aan budget kondigt de FOD Justitie vertraging in de betalingen aan\",\"breadcrumb\":{\"@id\":\"https:\\\/\\\/www.cbti-bkvt.org\\\/en\\\/vertraging-in-de-betalingen-van-fod-justitie\\\/#breadcrumb\"},\"inLanguage\":\"en-US\",\"potentialAction\":[{\"@type\":\"ReadAction\",\"target\":[\"https:\\\/\\\/www.cbti-bkvt.org\\\/en\\\/vertraging-in-de-betalingen-van-fod-justitie\\\/\"]}]},{\"@type\":\"ImageObject\",\"inLanguage\":\"en-US\",\"@id\":\"https:\\\/\\\/www.cbti-bkvt.org\\\/en\\\/vertraging-in-de-betalingen-van-fod-justitie\\\/#primaryimage\",\"url\":\"https:\\\/\\\/www.cbti-bkvt.org\\\/wp-content\\\/uploads\\\/daniel-dan-3SR040CKpB0-unsplash.jpg\",\"contentUrl\":\"https:\\\/\\\/www.cbti-bkvt.org\\\/wp-content\\\/uploads\\\/daniel-dan-3SR040CKpB0-unsplash.jpg\",\"width\":800,\"height\":533},{\"@type\":\"BreadcrumbList\",\"@id\":\"https:\\\/\\\/www.cbti-bkvt.org\\\/en\\\/vertraging-in-de-betalingen-van-fod-justitie\\\/#breadcrumb\",\"itemListElement\":[{\"@type\":\"ListItem\",\"position\":1,\"name\":\"Home\",\"item\":\"https:\\\/\\\/www.cbti-bkvt.org\\\/en\\\/\"},{\"@type\":\"ListItem\",\"position\":2,\"name\":\"Vertraging in de betalingen van FOD Justitie\"}]},{\"@type\":\"WebSite\",\"@id\":\"https:\\\/\\\/www.cbti-bkvt.org\\\/en\\\/#website\",\"url\":\"https:\\\/\\\/www.cbti-bkvt.org\\\/en\\\/\",\"name\":\"Chambre Belge des Traducteurs et Interpr\u00e8tes | Belgische Kamer van Vertalers en Tolken\",\"description\":\"M\u00e9tiers de la traduction \u00e9crite, l\u2019interpr\u00e9tation de conf\u00e9rence, la traduction et l\u2019interpr\u00e9tation en milieu judiciaire.\",\"potentialAction\":[{\"@type\":\"SearchAction\",\"target\":{\"@type\":\"EntryPoint\",\"urlTemplate\":\"https:\\\/\\\/www.cbti-bkvt.org\\\/en\\\/?s={search_term_string}\"},\"query-input\":{\"@type\":\"PropertyValueSpecification\",\"valueRequired\":true,\"valueName\":\"search_term_string\"}}],\"inLanguage\":\"en-US\"},{\"@type\":\"Person\",\"@id\":\"https:\\\/\\\/www.cbti-bkvt.org\\\/en\\\/#\\\/schema\\\/person\\\/618be4a1eba65d61684e3a8d473272d0\",\"name\":\"C\u00e9line Maes\",\"image\":{\"@type\":\"ImageObject\",\"inLanguage\":\"en-US\",\"@id\":\"https:\\\/\\\/secure.gravatar.com\\\/avatar\\\/6dab3ef828603e99aa932e67eee22b03c8af9eedd530af71e0d723f323241dad?s=96&d=mm&r=g\",\"url\":\"https:\\\/\\\/secure.gravatar.com\\\/avatar\\\/6dab3ef828603e99aa932e67eee22b03c8af9eedd530af71e0d723f323241dad?s=96&d=mm&r=g\",\"contentUrl\":\"https:\\\/\\\/secure.gravatar.com\\\/avatar\\\/6dab3ef828603e99aa932e67eee22b03c8af9eedd530af71e0d723f323241dad?s=96&d=mm&r=g\",\"caption\":\"C\u00e9line Maes\"},\"url\":\"https:\\\/\\\/www.cbti-bkvt.org\\\/en\\\/author\\\/celine-maes\\\/\"}]}<\/script>\n<!-- \/ Yoast SEO plugin. -->","yoast_head_json":{"title":"Chambre Belge des Traducteurs et Interpr\u00e8tes | Belgische Kamer van Vertalers en Tolken","description":"Persbericht van de BKVT-CBTi: Be\u00ebdigde vertalers en tolken: bij gebrek aan budget kondigt de FOD Justitie vertraging in de betalingen aan","robots":{"index":"index","follow":"follow","max-snippet":"max-snippet:-1","max-image-preview":"max-image-preview:large","max-video-preview":"max-video-preview:-1"},"canonical":"https:\/\/www.cbti-bkvt.org\/en\/vertraging-in-de-betalingen-van-fod-justitie\/","og_locale":"en_US","og_type":"article","og_title":"Vertraging in de betalingen van FOD Justitie - Chambre Belge des Traducteurs et Interpr\u00e8tes | Belgische Kamer van Vertalers en Tolken","og_description":"Persbericht van de BKVT-CBTi: Be\u00ebdigde vertalers en tolken: bij gebrek aan budget kondigt de FOD Justitie vertraging in de betalingen aan","og_url":"https:\/\/www.cbti-bkvt.org\/en\/vertraging-in-de-betalingen-van-fod-justitie\/","og_site_name":"Chambre Belge des Traducteurs et Interpr\u00e8tes | Belgische Kamer van Vertalers en Tolken","article_published_time":"2024-11-05T18:44:27+00:00","article_modified_time":"2024-12-21T11:01:19+00:00","og_image":[{"width":800,"height":533,"url":"https:\/\/www.cbti-bkvt.org\/wp-content\/uploads\/daniel-dan-3SR040CKpB0-unsplash.jpg","type":"image\/jpeg"}],"author":"C\u00e9line Maes","twitter_card":"summary_large_image","twitter_misc":{"Written by":"C\u00e9line Maes","Est. reading time":"2 minutes"},"schema":{"@context":"https:\/\/schema.org","@graph":[{"@type":"Article","@id":"https:\/\/www.cbti-bkvt.org\/en\/vertraging-in-de-betalingen-van-fod-justitie\/#article","isPartOf":{"@id":"https:\/\/www.cbti-bkvt.org\/en\/vertraging-in-de-betalingen-van-fod-justitie\/"},"author":{"name":"C\u00e9line Maes","@id":"https:\/\/www.cbti-bkvt.org\/en\/#\/schema\/person\/618be4a1eba65d61684e3a8d473272d0"},"headline":"Vertraging in de betalingen van FOD Justitie","datePublished":"2024-11-05T18:44:27+00:00","dateModified":"2024-12-21T11:01:19+00:00","mainEntityOfPage":{"@id":"https:\/\/www.cbti-bkvt.org\/en\/vertraging-in-de-betalingen-van-fod-justitie\/"},"wordCount":417,"image":{"@id":"https:\/\/www.cbti-bkvt.org\/en\/vertraging-in-de-betalingen-van-fod-justitie\/#primaryimage"},"thumbnailUrl":"https:\/\/www.cbti-bkvt.org\/wp-content\/uploads\/daniel-dan-3SR040CKpB0-unsplash.jpg","articleSection":["Press Releases","Sectoral committees","Sworn Translators\/Interpreters"],"inLanguage":"en-US"},{"@type":"WebPage","@id":"https:\/\/www.cbti-bkvt.org\/en\/vertraging-in-de-betalingen-van-fod-justitie\/","url":"https:\/\/www.cbti-bkvt.org\/en\/vertraging-in-de-betalingen-van-fod-justitie\/","name":"Vertraging in de betalingen van FOD Justitie - Chambre Belge des Traducteurs et Interpr\u00e8tes | Belgische Kamer van Vertalers en Tolken","isPartOf":{"@id":"https:\/\/www.cbti-bkvt.org\/en\/#website"},"primaryImageOfPage":{"@id":"https:\/\/www.cbti-bkvt.org\/en\/vertraging-in-de-betalingen-van-fod-justitie\/#primaryimage"},"image":{"@id":"https:\/\/www.cbti-bkvt.org\/en\/vertraging-in-de-betalingen-van-fod-justitie\/#primaryimage"},"thumbnailUrl":"https:\/\/www.cbti-bkvt.org\/wp-content\/uploads\/daniel-dan-3SR040CKpB0-unsplash.jpg","datePublished":"2024-11-05T18:44:27+00:00","dateModified":"2024-12-21T11:01:19+00:00","author":{"@id":"https:\/\/www.cbti-bkvt.org\/en\/#\/schema\/person\/618be4a1eba65d61684e3a8d473272d0"},"description":"Persbericht van de BKVT-CBTi: Be\u00ebdigde vertalers en tolken: bij gebrek aan budget kondigt de FOD Justitie vertraging in de betalingen aan","breadcrumb":{"@id":"https:\/\/www.cbti-bkvt.org\/en\/vertraging-in-de-betalingen-van-fod-justitie\/#breadcrumb"},"inLanguage":"en-US","potentialAction":[{"@type":"ReadAction","target":["https:\/\/www.cbti-bkvt.org\/en\/vertraging-in-de-betalingen-van-fod-justitie\/"]}]},{"@type":"ImageObject","inLanguage":"en-US","@id":"https:\/\/www.cbti-bkvt.org\/en\/vertraging-in-de-betalingen-van-fod-justitie\/#primaryimage","url":"https:\/\/www.cbti-bkvt.org\/wp-content\/uploads\/daniel-dan-3SR040CKpB0-unsplash.jpg","contentUrl":"https:\/\/www.cbti-bkvt.org\/wp-content\/uploads\/daniel-dan-3SR040CKpB0-unsplash.jpg","width":800,"height":533},{"@type":"BreadcrumbList","@id":"https:\/\/www.cbti-bkvt.org\/en\/vertraging-in-de-betalingen-van-fod-justitie\/#breadcrumb","itemListElement":[{"@type":"ListItem","position":1,"name":"Home","item":"https:\/\/www.cbti-bkvt.org\/en\/"},{"@type":"ListItem","position":2,"name":"Vertraging in de betalingen van FOD Justitie"}]},{"@type":"WebSite","@id":"https:\/\/www.cbti-bkvt.org\/en\/#website","url":"https:\/\/www.cbti-bkvt.org\/en\/","name":"Chambre Belge des Traducteurs et Interpr\u00e8tes | Belgische Kamer van Vertalers en Tolken","description":"M\u00e9tiers de la traduction \u00e9crite, l\u2019interpr\u00e9tation de conf\u00e9rence, la traduction et l\u2019interpr\u00e9tation en milieu judiciaire.","potentialAction":[{"@type":"SearchAction","target":{"@type":"EntryPoint","urlTemplate":"https:\/\/www.cbti-bkvt.org\/en\/?s={search_term_string}"},"query-input":{"@type":"PropertyValueSpecification","valueRequired":true,"valueName":"search_term_string"}}],"inLanguage":"en-US"},{"@type":"Person","@id":"https:\/\/www.cbti-bkvt.org\/en\/#\/schema\/person\/618be4a1eba65d61684e3a8d473272d0","name":"C\u00e9line Maes","image":{"@type":"ImageObject","inLanguage":"en-US","@id":"https:\/\/secure.gravatar.com\/avatar\/6dab3ef828603e99aa932e67eee22b03c8af9eedd530af71e0d723f323241dad?s=96&d=mm&r=g","url":"https:\/\/secure.gravatar.com\/avatar\/6dab3ef828603e99aa932e67eee22b03c8af9eedd530af71e0d723f323241dad?s=96&d=mm&r=g","contentUrl":"https:\/\/secure.gravatar.com\/avatar\/6dab3ef828603e99aa932e67eee22b03c8af9eedd530af71e0d723f323241dad?s=96&d=mm&r=g","caption":"C\u00e9line Maes"},"url":"https:\/\/www.cbti-bkvt.org\/en\/author\/celine-maes\/"}]}},"_links":{"self":[{"href":"https:\/\/www.cbti-bkvt.org\/en\/wp-json\/wp\/v2\/posts\/30819","targetHints":{"allow":["GET"]}}],"collection":[{"href":"https:\/\/www.cbti-bkvt.org\/en\/wp-json\/wp\/v2\/posts"}],"about":[{"href":"https:\/\/www.cbti-bkvt.org\/en\/wp-json\/wp\/v2\/types\/post"}],"author":[{"embeddable":true,"href":"https:\/\/www.cbti-bkvt.org\/en\/wp-json\/wp\/v2\/users\/265"}],"replies":[{"embeddable":true,"href":"https:\/\/www.cbti-bkvt.org\/en\/wp-json\/wp\/v2\/comments?post=30819"}],"version-history":[{"count":2,"href":"https:\/\/www.cbti-bkvt.org\/en\/wp-json\/wp\/v2\/posts\/30819\/revisions"}],"predecessor-version":[{"id":31291,"href":"https:\/\/www.cbti-bkvt.org\/en\/wp-json\/wp\/v2\/posts\/30819\/revisions\/31291"}],"wp:featuredmedia":[{"embeddable":true,"href":"https:\/\/www.cbti-bkvt.org\/en\/wp-json\/wp\/v2\/media\/30802"}],"wp:attachment":[{"href":"https:\/\/www.cbti-bkvt.org\/en\/wp-json\/wp\/v2\/media?parent=30819"}],"wp:term":[{"taxonomy":"category","embeddable":true,"href":"https:\/\/www.cbti-bkvt.org\/en\/wp-json\/wp\/v2\/categories?post=30819"},{"taxonomy":"post_tag","embeddable":true,"href":"https:\/\/www.cbti-bkvt.org\/en\/wp-json\/wp\/v2\/tags?post=30819"}],"curies":[{"name":"wp","href":"https:\/\/api.w.org\/{rel}","templated":true}]}}