{"id":33005,"date":"2025-05-19T17:47:15","date_gmt":"2025-05-19T17:47:15","guid":{"rendered":"https:\/\/www.cbti-bkvt.org\/ontmoeting-tussen-de-beroepsverenigingen-van-bvt-en-de-aanvaardingscommissie\/"},"modified":"2025-05-19T17:49:58","modified_gmt":"2025-05-19T17:49:58","slug":"ontmoeting-tussen-de-beroepsverenigingen-van-bvt-en-de-aanvaardingscommissie","status":"publish","type":"post","link":"https:\/\/www.cbti-bkvt.org\/en\/ontmoeting-tussen-de-beroepsverenigingen-van-bvt-en-de-aanvaardingscommissie\/","title":{"rendered":"Ontmoeting tussen de beroepsverenigingen van BVT en de aanvaardingscommissie"},"content":{"rendered":"\n<p>Beste collega&#8217;s,<\/p>\n\n\n\n<p>Enige tijd geleden hebben de beroepsverenigingen van be\u00ebdigd vertalers en tolken (BVT) de wens uitgedrukt dat een ontmoeting georganiseerd zou worden met de voorzitters van de Nederlandstalige en de Franstalige kamers van de aanvaardingscommissie.<br>\u00a0<br>Vooraleer deze ontmoeting zou georganiseerd worden, wil de FOD Justitie de vragen en aandachtpunten die wij willlen aanbrengen, ontvangen.<br>\u00a0<br><strong>Kan u ons uw korte en duidelijke vragen tegen uiterlijk 28 mei 2025 bezorgen? Wij maken ze dan over aan de FOD Justitie die deze aan de voorzitters van de aanvaardingscommissie zal overmaken.<br><\/strong>\u00a0<br>Met vriendelijke groeten,<br>\u00a0<br>LinguaJuris<br>Sectorcommissie Be\u00ebdigd Vertalers en Tolken (BVT) van de BKVT<br>Voor meer informatie: <a href=\"mailto:linguajuris@cbti-bkvt.org\">linguajuris@cbti-bkvt.org<\/a><\/p>\n","protected":false},"excerpt":{"rendered":"<p>Beste collega&#8217;s, Enige tijd geleden hebben de beroepsverenigingen van be\u00ebdigd vertalers en tolken (BVT) de wens uitgedrukt dat een ontmoeting georganiseerd zou worden met de voorzitters van de Nederlandstalige en de Franstalige kamers van de aanvaardingscommissie.\u00a0Vooraleer deze ontmoeting zou georganiseerd worden, wil de FOD Justitie de vragen en aandachtpunten die wij willlen aanbrengen, ontvangen.\u00a0Kan u&hellip;&nbsp;<a href=\"https:\/\/www.cbti-bkvt.org\/en\/ontmoeting-tussen-de-beroepsverenigingen-van-bvt-en-de-aanvaardingscommissie\/\" rel=\"bookmark\">Read More &raquo;<span class=\"screen-reader-text\">Ontmoeting tussen de beroepsverenigingen van BVT en de aanvaardingscommissie<\/span><\/a><\/p>\n","protected":false},"author":265,"featured_media":32998,"comment_status":"closed","ping_status":"closed","sticky":false,"template":"","format":"standard","meta":{"_acf_changed":false,"pmpro_default_level":"","neve_meta_sidebar":"","neve_meta_container":"","neve_meta_enable_content_width":"","neve_meta_content_width":0,"neve_meta_title_alignment":"","neve_meta_author_avatar":"","neve_post_elements_order":"","neve_meta_disable_header":"","neve_meta_disable_footer":"","neve_meta_disable_title":"","neve_meta_reading_time":"","footnotes":"","_links_to":"","_links_to_target":""},"categories":[403],"tags":[],"class_list":["post-33005","post","type-post","status-publish","format-standard","has-post-thumbnail","hentry","category-sworn-translators-interpreters","pmpro-has-access"],"acf":[],"yoast_head":"<!-- This site is optimized with the Yoast SEO plugin v27.4 - https:\/\/yoast.com\/product\/yoast-seo-wordpress\/ -->\n<title>Chambre Belge des Traducteurs et Interpr\u00e8tes | Belgische Kamer van Vertalers en Tolken<\/title>\n<meta name=\"robots\" content=\"index, follow, max-snippet:-1, max-image-preview:large, max-video-preview:-1\" \/>\n<link rel=\"canonical\" href=\"https:\/\/www.cbti-bkvt.org\/en\/ontmoeting-tussen-de-beroepsverenigingen-van-bvt-en-de-aanvaardingscommissie\/\" \/>\n<meta property=\"og:locale\" content=\"en_US\" \/>\n<meta property=\"og:type\" content=\"article\" \/>\n<meta property=\"og:title\" content=\"Ontmoeting tussen de beroepsverenigingen van BVT en de aanvaardingscommissie - Chambre Belge des Traducteurs et Interpr\u00e8tes | Belgische Kamer van Vertalers en Tolken\" \/>\n<meta property=\"og:description\" content=\"Beste collega&#8217;s, Enige tijd geleden hebben de beroepsverenigingen van be\u00ebdigd vertalers en tolken (BVT) de wens uitgedrukt dat een ontmoeting georganiseerd zou worden met de voorzitters van de Nederlandstalige en de Franstalige kamers van de aanvaardingscommissie.\u00a0Vooraleer deze ontmoeting zou georganiseerd worden, wil de FOD Justitie de vragen en aandachtpunten die wij willlen aanbrengen, ontvangen.\u00a0Kan u&hellip;&nbsp;Read More &raquo;Ontmoeting tussen de beroepsverenigingen van BVT en de aanvaardingscommissie\" \/>\n<meta property=\"og:url\" content=\"https:\/\/www.cbti-bkvt.org\/en\/ontmoeting-tussen-de-beroepsverenigingen-van-bvt-en-de-aanvaardingscommissie\/\" \/>\n<meta property=\"og:site_name\" content=\"Chambre Belge des Traducteurs et Interpr\u00e8tes | Belgische Kamer van Vertalers en Tolken\" \/>\n<meta property=\"article:published_time\" content=\"2025-05-19T17:47:15+00:00\" \/>\n<meta property=\"article:modified_time\" content=\"2025-05-19T17:49:58+00:00\" \/>\n<meta property=\"og:image\" content=\"https:\/\/www.cbti-bkvt.org\/wp-content\/uploads\/tim-gouw-bwki71ap-y8-unsplash.jpg\" \/>\n\t<meta property=\"og:image:width\" content=\"1910\" \/>\n\t<meta property=\"og:image:height\" content=\"1276\" \/>\n\t<meta property=\"og:image:type\" content=\"image\/jpeg\" \/>\n<meta name=\"author\" content=\"C\u00e9line Maes\" \/>\n<meta name=\"twitter:card\" content=\"summary_large_image\" \/>\n<meta name=\"twitter:label1\" content=\"Written by\" \/>\n\t<meta name=\"twitter:data1\" content=\"C\u00e9line Maes\" \/>\n\t<meta name=\"twitter:label2\" content=\"Est. reading time\" \/>\n\t<meta name=\"twitter:data2\" content=\"1 minute\" \/>\n<script type=\"application\/ld+json\" class=\"yoast-schema-graph\">{\"@context\":\"https:\\\/\\\/schema.org\",\"@graph\":[{\"@type\":\"Article\",\"@id\":\"https:\\\/\\\/www.cbti-bkvt.org\\\/en\\\/ontmoeting-tussen-de-beroepsverenigingen-van-bvt-en-de-aanvaardingscommissie\\\/#article\",\"isPartOf\":{\"@id\":\"https:\\\/\\\/www.cbti-bkvt.org\\\/en\\\/ontmoeting-tussen-de-beroepsverenigingen-van-bvt-en-de-aanvaardingscommissie\\\/\"},\"author\":{\"name\":\"C\u00e9line Maes\",\"@id\":\"https:\\\/\\\/www.cbti-bkvt.org\\\/en\\\/#\\\/schema\\\/person\\\/618be4a1eba65d61684e3a8d473272d0\"},\"headline\":\"Ontmoeting tussen de beroepsverenigingen van BVT en de aanvaardingscommissie\",\"datePublished\":\"2025-05-19T17:47:15+00:00\",\"dateModified\":\"2025-05-19T17:49:58+00:00\",\"mainEntityOfPage\":{\"@id\":\"https:\\\/\\\/www.cbti-bkvt.org\\\/en\\\/ontmoeting-tussen-de-beroepsverenigingen-van-bvt-en-de-aanvaardingscommissie\\\/\"},\"wordCount\":115,\"image\":{\"@id\":\"https:\\\/\\\/www.cbti-bkvt.org\\\/en\\\/ontmoeting-tussen-de-beroepsverenigingen-van-bvt-en-de-aanvaardingscommissie\\\/#primaryimage\"},\"thumbnailUrl\":\"https:\\\/\\\/www.cbti-bkvt.org\\\/wp-content\\\/uploads\\\/tim-gouw-bwki71ap-y8-unsplash.jpg\",\"articleSection\":[\"Sworn Translators\\\/Interpreters\"],\"inLanguage\":\"en-US\"},{\"@type\":\"WebPage\",\"@id\":\"https:\\\/\\\/www.cbti-bkvt.org\\\/en\\\/ontmoeting-tussen-de-beroepsverenigingen-van-bvt-en-de-aanvaardingscommissie\\\/\",\"url\":\"https:\\\/\\\/www.cbti-bkvt.org\\\/en\\\/ontmoeting-tussen-de-beroepsverenigingen-van-bvt-en-de-aanvaardingscommissie\\\/\",\"name\":\"Ontmoeting tussen de beroepsverenigingen van BVT en de aanvaardingscommissie - Chambre Belge des Traducteurs et Interpr\u00e8tes | Belgische Kamer van Vertalers en Tolken\",\"isPartOf\":{\"@id\":\"https:\\\/\\\/www.cbti-bkvt.org\\\/en\\\/#website\"},\"primaryImageOfPage\":{\"@id\":\"https:\\\/\\\/www.cbti-bkvt.org\\\/en\\\/ontmoeting-tussen-de-beroepsverenigingen-van-bvt-en-de-aanvaardingscommissie\\\/#primaryimage\"},\"image\":{\"@id\":\"https:\\\/\\\/www.cbti-bkvt.org\\\/en\\\/ontmoeting-tussen-de-beroepsverenigingen-van-bvt-en-de-aanvaardingscommissie\\\/#primaryimage\"},\"thumbnailUrl\":\"https:\\\/\\\/www.cbti-bkvt.org\\\/wp-content\\\/uploads\\\/tim-gouw-bwki71ap-y8-unsplash.jpg\",\"datePublished\":\"2025-05-19T17:47:15+00:00\",\"dateModified\":\"2025-05-19T17:49:58+00:00\",\"author\":{\"@id\":\"https:\\\/\\\/www.cbti-bkvt.org\\\/en\\\/#\\\/schema\\\/person\\\/618be4a1eba65d61684e3a8d473272d0\"},\"breadcrumb\":{\"@id\":\"https:\\\/\\\/www.cbti-bkvt.org\\\/en\\\/ontmoeting-tussen-de-beroepsverenigingen-van-bvt-en-de-aanvaardingscommissie\\\/#breadcrumb\"},\"inLanguage\":\"en-US\",\"potentialAction\":[{\"@type\":\"ReadAction\",\"target\":[\"https:\\\/\\\/www.cbti-bkvt.org\\\/en\\\/ontmoeting-tussen-de-beroepsverenigingen-van-bvt-en-de-aanvaardingscommissie\\\/\"]}]},{\"@type\":\"ImageObject\",\"inLanguage\":\"en-US\",\"@id\":\"https:\\\/\\\/www.cbti-bkvt.org\\\/en\\\/ontmoeting-tussen-de-beroepsverenigingen-van-bvt-en-de-aanvaardingscommissie\\\/#primaryimage\",\"url\":\"https:\\\/\\\/www.cbti-bkvt.org\\\/wp-content\\\/uploads\\\/tim-gouw-bwki71ap-y8-unsplash.jpg\",\"contentUrl\":\"https:\\\/\\\/www.cbti-bkvt.org\\\/wp-content\\\/uploads\\\/tim-gouw-bwki71ap-y8-unsplash.jpg\",\"width\":1910,\"height\":1276},{\"@type\":\"BreadcrumbList\",\"@id\":\"https:\\\/\\\/www.cbti-bkvt.org\\\/en\\\/ontmoeting-tussen-de-beroepsverenigingen-van-bvt-en-de-aanvaardingscommissie\\\/#breadcrumb\",\"itemListElement\":[{\"@type\":\"ListItem\",\"position\":1,\"name\":\"Home\",\"item\":\"https:\\\/\\\/www.cbti-bkvt.org\\\/en\\\/\"},{\"@type\":\"ListItem\",\"position\":2,\"name\":\"Ontmoeting tussen de beroepsverenigingen van BVT en de aanvaardingscommissie\"}]},{\"@type\":\"WebSite\",\"@id\":\"https:\\\/\\\/www.cbti-bkvt.org\\\/en\\\/#website\",\"url\":\"https:\\\/\\\/www.cbti-bkvt.org\\\/en\\\/\",\"name\":\"Chambre Belge des Traducteurs et Interpr\u00e8tes | Belgische Kamer van Vertalers en Tolken\",\"description\":\"M\u00e9tiers de la traduction \u00e9crite, l\u2019interpr\u00e9tation de conf\u00e9rence, la traduction et l\u2019interpr\u00e9tation en milieu judiciaire.\",\"potentialAction\":[{\"@type\":\"SearchAction\",\"target\":{\"@type\":\"EntryPoint\",\"urlTemplate\":\"https:\\\/\\\/www.cbti-bkvt.org\\\/en\\\/?s={search_term_string}\"},\"query-input\":{\"@type\":\"PropertyValueSpecification\",\"valueRequired\":true,\"valueName\":\"search_term_string\"}}],\"inLanguage\":\"en-US\"},{\"@type\":\"Person\",\"@id\":\"https:\\\/\\\/www.cbti-bkvt.org\\\/en\\\/#\\\/schema\\\/person\\\/618be4a1eba65d61684e3a8d473272d0\",\"name\":\"C\u00e9line Maes\",\"image\":{\"@type\":\"ImageObject\",\"inLanguage\":\"en-US\",\"@id\":\"https:\\\/\\\/secure.gravatar.com\\\/avatar\\\/6dab3ef828603e99aa932e67eee22b03c8af9eedd530af71e0d723f323241dad?s=96&d=mm&r=g\",\"url\":\"https:\\\/\\\/secure.gravatar.com\\\/avatar\\\/6dab3ef828603e99aa932e67eee22b03c8af9eedd530af71e0d723f323241dad?s=96&d=mm&r=g\",\"contentUrl\":\"https:\\\/\\\/secure.gravatar.com\\\/avatar\\\/6dab3ef828603e99aa932e67eee22b03c8af9eedd530af71e0d723f323241dad?s=96&d=mm&r=g\",\"caption\":\"C\u00e9line Maes\"},\"url\":\"https:\\\/\\\/www.cbti-bkvt.org\\\/en\\\/author\\\/celine-maes\\\/\"}]}<\/script>\n<!-- \/ Yoast SEO plugin. -->","yoast_head_json":{"title":"Chambre Belge des Traducteurs et Interpr\u00e8tes | Belgische Kamer van Vertalers en Tolken","robots":{"index":"index","follow":"follow","max-snippet":"max-snippet:-1","max-image-preview":"max-image-preview:large","max-video-preview":"max-video-preview:-1"},"canonical":"https:\/\/www.cbti-bkvt.org\/en\/ontmoeting-tussen-de-beroepsverenigingen-van-bvt-en-de-aanvaardingscommissie\/","og_locale":"en_US","og_type":"article","og_title":"Ontmoeting tussen de beroepsverenigingen van BVT en de aanvaardingscommissie - Chambre Belge des Traducteurs et Interpr\u00e8tes | Belgische Kamer van Vertalers en Tolken","og_description":"Beste collega&#8217;s, Enige tijd geleden hebben de beroepsverenigingen van be\u00ebdigd vertalers en tolken (BVT) de wens uitgedrukt dat een ontmoeting georganiseerd zou worden met de voorzitters van de Nederlandstalige en de Franstalige kamers van de aanvaardingscommissie.\u00a0Vooraleer deze ontmoeting zou georganiseerd worden, wil de FOD Justitie de vragen en aandachtpunten die wij willlen aanbrengen, ontvangen.\u00a0Kan u&hellip;&nbsp;Read More &raquo;Ontmoeting tussen de beroepsverenigingen van BVT en de aanvaardingscommissie","og_url":"https:\/\/www.cbti-bkvt.org\/en\/ontmoeting-tussen-de-beroepsverenigingen-van-bvt-en-de-aanvaardingscommissie\/","og_site_name":"Chambre Belge des Traducteurs et Interpr\u00e8tes | Belgische Kamer van Vertalers en Tolken","article_published_time":"2025-05-19T17:47:15+00:00","article_modified_time":"2025-05-19T17:49:58+00:00","og_image":[{"width":1910,"height":1276,"url":"https:\/\/www.cbti-bkvt.org\/wp-content\/uploads\/tim-gouw-bwki71ap-y8-unsplash.jpg","type":"image\/jpeg"}],"author":"C\u00e9line Maes","twitter_card":"summary_large_image","twitter_misc":{"Written by":"C\u00e9line Maes","Est. reading time":"1 minute"},"schema":{"@context":"https:\/\/schema.org","@graph":[{"@type":"Article","@id":"https:\/\/www.cbti-bkvt.org\/en\/ontmoeting-tussen-de-beroepsverenigingen-van-bvt-en-de-aanvaardingscommissie\/#article","isPartOf":{"@id":"https:\/\/www.cbti-bkvt.org\/en\/ontmoeting-tussen-de-beroepsverenigingen-van-bvt-en-de-aanvaardingscommissie\/"},"author":{"name":"C\u00e9line Maes","@id":"https:\/\/www.cbti-bkvt.org\/en\/#\/schema\/person\/618be4a1eba65d61684e3a8d473272d0"},"headline":"Ontmoeting tussen de beroepsverenigingen van BVT en de aanvaardingscommissie","datePublished":"2025-05-19T17:47:15+00:00","dateModified":"2025-05-19T17:49:58+00:00","mainEntityOfPage":{"@id":"https:\/\/www.cbti-bkvt.org\/en\/ontmoeting-tussen-de-beroepsverenigingen-van-bvt-en-de-aanvaardingscommissie\/"},"wordCount":115,"image":{"@id":"https:\/\/www.cbti-bkvt.org\/en\/ontmoeting-tussen-de-beroepsverenigingen-van-bvt-en-de-aanvaardingscommissie\/#primaryimage"},"thumbnailUrl":"https:\/\/www.cbti-bkvt.org\/wp-content\/uploads\/tim-gouw-bwki71ap-y8-unsplash.jpg","articleSection":["Sworn Translators\/Interpreters"],"inLanguage":"en-US"},{"@type":"WebPage","@id":"https:\/\/www.cbti-bkvt.org\/en\/ontmoeting-tussen-de-beroepsverenigingen-van-bvt-en-de-aanvaardingscommissie\/","url":"https:\/\/www.cbti-bkvt.org\/en\/ontmoeting-tussen-de-beroepsverenigingen-van-bvt-en-de-aanvaardingscommissie\/","name":"Ontmoeting tussen de beroepsverenigingen van BVT en de aanvaardingscommissie - Chambre Belge des Traducteurs et Interpr\u00e8tes | Belgische Kamer van Vertalers en Tolken","isPartOf":{"@id":"https:\/\/www.cbti-bkvt.org\/en\/#website"},"primaryImageOfPage":{"@id":"https:\/\/www.cbti-bkvt.org\/en\/ontmoeting-tussen-de-beroepsverenigingen-van-bvt-en-de-aanvaardingscommissie\/#primaryimage"},"image":{"@id":"https:\/\/www.cbti-bkvt.org\/en\/ontmoeting-tussen-de-beroepsverenigingen-van-bvt-en-de-aanvaardingscommissie\/#primaryimage"},"thumbnailUrl":"https:\/\/www.cbti-bkvt.org\/wp-content\/uploads\/tim-gouw-bwki71ap-y8-unsplash.jpg","datePublished":"2025-05-19T17:47:15+00:00","dateModified":"2025-05-19T17:49:58+00:00","author":{"@id":"https:\/\/www.cbti-bkvt.org\/en\/#\/schema\/person\/618be4a1eba65d61684e3a8d473272d0"},"breadcrumb":{"@id":"https:\/\/www.cbti-bkvt.org\/en\/ontmoeting-tussen-de-beroepsverenigingen-van-bvt-en-de-aanvaardingscommissie\/#breadcrumb"},"inLanguage":"en-US","potentialAction":[{"@type":"ReadAction","target":["https:\/\/www.cbti-bkvt.org\/en\/ontmoeting-tussen-de-beroepsverenigingen-van-bvt-en-de-aanvaardingscommissie\/"]}]},{"@type":"ImageObject","inLanguage":"en-US","@id":"https:\/\/www.cbti-bkvt.org\/en\/ontmoeting-tussen-de-beroepsverenigingen-van-bvt-en-de-aanvaardingscommissie\/#primaryimage","url":"https:\/\/www.cbti-bkvt.org\/wp-content\/uploads\/tim-gouw-bwki71ap-y8-unsplash.jpg","contentUrl":"https:\/\/www.cbti-bkvt.org\/wp-content\/uploads\/tim-gouw-bwki71ap-y8-unsplash.jpg","width":1910,"height":1276},{"@type":"BreadcrumbList","@id":"https:\/\/www.cbti-bkvt.org\/en\/ontmoeting-tussen-de-beroepsverenigingen-van-bvt-en-de-aanvaardingscommissie\/#breadcrumb","itemListElement":[{"@type":"ListItem","position":1,"name":"Home","item":"https:\/\/www.cbti-bkvt.org\/en\/"},{"@type":"ListItem","position":2,"name":"Ontmoeting tussen de beroepsverenigingen van BVT en de aanvaardingscommissie"}]},{"@type":"WebSite","@id":"https:\/\/www.cbti-bkvt.org\/en\/#website","url":"https:\/\/www.cbti-bkvt.org\/en\/","name":"Chambre Belge des Traducteurs et Interpr\u00e8tes | Belgische Kamer van Vertalers en Tolken","description":"M\u00e9tiers de la traduction \u00e9crite, l\u2019interpr\u00e9tation de conf\u00e9rence, la traduction et l\u2019interpr\u00e9tation en milieu judiciaire.","potentialAction":[{"@type":"SearchAction","target":{"@type":"EntryPoint","urlTemplate":"https:\/\/www.cbti-bkvt.org\/en\/?s={search_term_string}"},"query-input":{"@type":"PropertyValueSpecification","valueRequired":true,"valueName":"search_term_string"}}],"inLanguage":"en-US"},{"@type":"Person","@id":"https:\/\/www.cbti-bkvt.org\/en\/#\/schema\/person\/618be4a1eba65d61684e3a8d473272d0","name":"C\u00e9line Maes","image":{"@type":"ImageObject","inLanguage":"en-US","@id":"https:\/\/secure.gravatar.com\/avatar\/6dab3ef828603e99aa932e67eee22b03c8af9eedd530af71e0d723f323241dad?s=96&d=mm&r=g","url":"https:\/\/secure.gravatar.com\/avatar\/6dab3ef828603e99aa932e67eee22b03c8af9eedd530af71e0d723f323241dad?s=96&d=mm&r=g","contentUrl":"https:\/\/secure.gravatar.com\/avatar\/6dab3ef828603e99aa932e67eee22b03c8af9eedd530af71e0d723f323241dad?s=96&d=mm&r=g","caption":"C\u00e9line Maes"},"url":"https:\/\/www.cbti-bkvt.org\/en\/author\/celine-maes\/"}]}},"_links":{"self":[{"href":"https:\/\/www.cbti-bkvt.org\/en\/wp-json\/wp\/v2\/posts\/33005","targetHints":{"allow":["GET"]}}],"collection":[{"href":"https:\/\/www.cbti-bkvt.org\/en\/wp-json\/wp\/v2\/posts"}],"about":[{"href":"https:\/\/www.cbti-bkvt.org\/en\/wp-json\/wp\/v2\/types\/post"}],"author":[{"embeddable":true,"href":"https:\/\/www.cbti-bkvt.org\/en\/wp-json\/wp\/v2\/users\/265"}],"replies":[{"embeddable":true,"href":"https:\/\/www.cbti-bkvt.org\/en\/wp-json\/wp\/v2\/comments?post=33005"}],"version-history":[{"count":1,"href":"https:\/\/www.cbti-bkvt.org\/en\/wp-json\/wp\/v2\/posts\/33005\/revisions"}],"predecessor-version":[{"id":33008,"href":"https:\/\/www.cbti-bkvt.org\/en\/wp-json\/wp\/v2\/posts\/33005\/revisions\/33008"}],"wp:featuredmedia":[{"embeddable":true,"href":"https:\/\/www.cbti-bkvt.org\/en\/wp-json\/wp\/v2\/media\/32998"}],"wp:attachment":[{"href":"https:\/\/www.cbti-bkvt.org\/en\/wp-json\/wp\/v2\/media?parent=33005"}],"wp:term":[{"taxonomy":"category","embeddable":true,"href":"https:\/\/www.cbti-bkvt.org\/en\/wp-json\/wp\/v2\/categories?post=33005"},{"taxonomy":"post_tag","embeddable":true,"href":"https:\/\/www.cbti-bkvt.org\/en\/wp-json\/wp\/v2\/tags?post=33005"}],"curies":[{"name":"wp","href":"https:\/\/api.w.org\/{rel}","templated":true}]}}