{"id":33849,"date":"2025-10-01T11:10:00","date_gmt":"2025-10-01T09:10:00","guid":{"rendered":"https:\/\/www.cbti-bkvt.org\/?p=33849"},"modified":"2025-10-01T11:10:23","modified_gmt":"2025-10-01T09:10:23","slug":"steun-van-de-bvt-voor-de-actie-vijf-voor-twaalf-van-de-hoven-en-rechtbanken-1-10-25","status":"publish","type":"post","link":"https:\/\/www.cbti-bkvt.org\/en\/steun-van-de-bvt-voor-de-actie-vijf-voor-twaalf-van-de-hoven-en-rechtbanken-1-10-25\/","title":{"rendered":"Steun van de BVT voor de actie \u201cVijf voor twaalf\u201d van de hoven en rechtbanken (1\/10\/25)"},"content":{"rendered":"\n<p>Beste collega\u2019s be\u00ebdigd vertalers en tolken,<\/p>\n\n\n\n<p>Wij nodigen u uit om deel te nemen aan de actie <strong>\u201cVijf voor twaalf\u201d<\/strong> <strong>van de hoven en rechtbanken<\/strong>, die wordt gehouden op <strong>woensdag 1 oktober om 11.55u<\/strong>. Dit initiatief is bedoeld om de <strong>ketenpartners van Justitie<\/strong>, waartoe wij behoren, te ondersteunen.<\/p>\n\n\n\n<p><strong>Onze deelname is cruciaal<\/strong> om onze stem te laten horen en meer erkenning en structurele steun te krijgen. Als BVT worden wij geconfronteerd met grote uitdagingen die de kwaliteit en de snelheid van justitie bedreigen.<\/p>\n\n\n\n<p><strong>Een van de te verdedigen kernpunten van onze situatie:<\/strong><\/p>\n\n\n\n<ul class=\"wp-block-list\">\n<li><strong>Correct budgetteren<\/strong>: de noden inzake de gerechtskosten dienen correct geraamd worden en aldus in de begroting ingeschreven. Steeds opnieuw blijken er in de loop van het jaar vaak voorspelbare tekorten, waardoor deskundigen, tolken en andere dienstverleners niet kunnen betaald worden, wat niet kan indien we kwalitatief willen blijven werken en we willen dat deze mensen zich verder engageren voor justitie.<\/li>\n<\/ul>\n\n\n\n<p><strong>Hoe deelnemen?<\/strong><\/p>\n\n\n\n<p>Kom naar de bijeenkomst op <strong>woensdag 1 oktober vanaf 11.45u<\/strong>:<\/p>\n\n\n\n<ul class=\"wp-block-list\">\n<li><strong>Antwerpen<\/strong>: Vlinderpaleis &#8211; Bolivarplaats 20<\/li>\n<\/ul>\n\n\n\n<p>Uw deelname is essentieel voor het voortbestaan van ons beroep en de goede werking van justitie. Laten we samen \u00e9\u00e9n front vormen opdat onze eisen worden gehoord <strong>voordat het te laat is voor justitie zelf<\/strong>.<\/p>\n\n\n\n<figure class=\"wp-block-image size-full\"><img decoding=\"async\" width=\"600\" height=\"200\" src=\"https:\/\/www.cbti-bkvt.org\/wp-content\/uploads\/Vijf-voor-twaalf.gif\" alt=\"\" class=\"wp-image-33860\" \/><\/figure>\n","protected":false},"excerpt":{"rendered":"<p>Beste collega\u2019s be\u00ebdigd vertalers en tolken, Wij nodigen u uit om deel te nemen aan de actie \u201cVijf voor twaalf\u201d van de hoven en rechtbanken, die wordt gehouden op woensdag 1 oktober om 11.55u. Dit initiatief is bedoeld om de ketenpartners van Justitie, waartoe wij behoren, te ondersteunen. Onze deelname is cruciaal om onze stem&hellip;&nbsp;<a href=\"https:\/\/www.cbti-bkvt.org\/en\/steun-van-de-bvt-voor-de-actie-vijf-voor-twaalf-van-de-hoven-en-rechtbanken-1-10-25\/\" rel=\"bookmark\">Read More &raquo;<span class=\"screen-reader-text\">Steun van de BVT voor de actie \u201cVijf voor twaalf\u201d van de hoven en rechtbanken (1\/10\/25)<\/span><\/a><\/p>\n","protected":false},"author":265,"featured_media":33314,"comment_status":"closed","ping_status":"closed","sticky":false,"template":"","format":"standard","meta":{"_acf_changed":false,"pmpro_default_level":"","neve_meta_sidebar":"","neve_meta_container":"","neve_meta_enable_content_width":"","neve_meta_content_width":0,"neve_meta_title_alignment":"","neve_meta_author_avatar":"","neve_post_elements_order":"","neve_meta_disable_header":"","neve_meta_disable_footer":"","neve_meta_disable_title":"","neve_meta_reading_time":"","footnotes":"","_links_to":"","_links_to_target":""},"categories":[403],"tags":[],"class_list":["post-33849","post","type-post","status-publish","format-standard","has-post-thumbnail","hentry","category-sworn-translators-interpreters","pmpro-has-access"],"acf":[],"yoast_head":"<!-- This site is optimized with the Yoast SEO plugin v27.4 - https:\/\/yoast.com\/product\/yoast-seo-wordpress\/ -->\n<title>Chambre Belge des Traducteurs et Interpr\u00e8tes | Belgische Kamer van Vertalers en Tolken<\/title>\n<meta name=\"robots\" content=\"index, follow, max-snippet:-1, max-image-preview:large, max-video-preview:-1\" \/>\n<link rel=\"canonical\" href=\"https:\/\/www.cbti-bkvt.org\/en\/steun-van-de-bvt-voor-de-actie-vijf-voor-twaalf-van-de-hoven-en-rechtbanken-1-10-25\/\" \/>\n<meta property=\"og:locale\" content=\"en_US\" \/>\n<meta property=\"og:type\" content=\"article\" \/>\n<meta property=\"og:title\" content=\"Steun van de BVT voor de actie \u201cVijf voor twaalf\u201d van de hoven en rechtbanken (1\/10\/25) - Chambre Belge des Traducteurs et Interpr\u00e8tes | Belgische Kamer van Vertalers en Tolken\" \/>\n<meta property=\"og:description\" content=\"Beste collega\u2019s be\u00ebdigd vertalers en tolken, Wij nodigen u uit om deel te nemen aan de actie \u201cVijf voor twaalf\u201d van de hoven en rechtbanken, die wordt gehouden op woensdag 1 oktober om 11.55u. Dit initiatief is bedoeld om de ketenpartners van Justitie, waartoe wij behoren, te ondersteunen. Onze deelname is cruciaal om onze stem&hellip;&nbsp;Read More &raquo;Steun van de BVT voor de actie \u201cVijf voor twaalf\u201d van de hoven en rechtbanken (1\/10\/25)\" \/>\n<meta property=\"og:url\" content=\"https:\/\/www.cbti-bkvt.org\/en\/steun-van-de-bvt-voor-de-actie-vijf-voor-twaalf-van-de-hoven-en-rechtbanken-1-10-25\/\" \/>\n<meta property=\"og:site_name\" content=\"Chambre Belge des Traducteurs et Interpr\u00e8tes | Belgische Kamer van Vertalers en Tolken\" \/>\n<meta property=\"article:published_time\" content=\"2025-10-01T09:10:00+00:00\" \/>\n<meta property=\"article:modified_time\" content=\"2025-10-01T09:10:23+00:00\" \/>\n<meta property=\"og:image\" content=\"https:\/\/www.cbti-bkvt.org\/wp-content\/uploads\/nadine-e-M_f3f8DGRg-unsplash.jpg\" \/>\n\t<meta property=\"og:image:width\" content=\"3969\" \/>\n\t<meta property=\"og:image:height\" content=\"2646\" \/>\n\t<meta property=\"og:image:type\" content=\"image\/jpeg\" \/>\n<meta name=\"author\" content=\"C\u00e9line Maes\" \/>\n<meta name=\"twitter:card\" content=\"summary_large_image\" \/>\n<meta name=\"twitter:label1\" content=\"Written by\" \/>\n\t<meta name=\"twitter:data1\" content=\"C\u00e9line Maes\" \/>\n\t<meta name=\"twitter:label2\" content=\"Est. reading time\" \/>\n\t<meta name=\"twitter:data2\" content=\"2 minutes\" \/>\n<script type=\"application\/ld+json\" class=\"yoast-schema-graph\">{\"@context\":\"https:\\\/\\\/schema.org\",\"@graph\":[{\"@type\":\"Article\",\"@id\":\"https:\\\/\\\/www.cbti-bkvt.org\\\/en\\\/steun-van-de-bvt-voor-de-actie-vijf-voor-twaalf-van-de-hoven-en-rechtbanken-1-10-25\\\/#article\",\"isPartOf\":{\"@id\":\"https:\\\/\\\/www.cbti-bkvt.org\\\/en\\\/steun-van-de-bvt-voor-de-actie-vijf-voor-twaalf-van-de-hoven-en-rechtbanken-1-10-25\\\/\"},\"author\":{\"name\":\"C\u00e9line Maes\",\"@id\":\"https:\\\/\\\/www.cbti-bkvt.org\\\/en\\\/#\\\/schema\\\/person\\\/618be4a1eba65d61684e3a8d473272d0\"},\"headline\":\"Steun van de BVT voor de actie \u201cVijf voor twaalf\u201d van de hoven en rechtbanken (1\\\/10\\\/25)\",\"datePublished\":\"2025-10-01T09:10:00+00:00\",\"dateModified\":\"2025-10-01T09:10:23+00:00\",\"mainEntityOfPage\":{\"@id\":\"https:\\\/\\\/www.cbti-bkvt.org\\\/en\\\/steun-van-de-bvt-voor-de-actie-vijf-voor-twaalf-van-de-hoven-en-rechtbanken-1-10-25\\\/\"},\"wordCount\":218,\"image\":{\"@id\":\"https:\\\/\\\/www.cbti-bkvt.org\\\/en\\\/steun-van-de-bvt-voor-de-actie-vijf-voor-twaalf-van-de-hoven-en-rechtbanken-1-10-25\\\/#primaryimage\"},\"thumbnailUrl\":\"https:\\\/\\\/www.cbti-bkvt.org\\\/wp-content\\\/uploads\\\/nadine-e-M_f3f8DGRg-unsplash.jpg\",\"articleSection\":[\"Sworn Translators\\\/Interpreters\"],\"inLanguage\":\"en-US\"},{\"@type\":\"WebPage\",\"@id\":\"https:\\\/\\\/www.cbti-bkvt.org\\\/en\\\/steun-van-de-bvt-voor-de-actie-vijf-voor-twaalf-van-de-hoven-en-rechtbanken-1-10-25\\\/\",\"url\":\"https:\\\/\\\/www.cbti-bkvt.org\\\/en\\\/steun-van-de-bvt-voor-de-actie-vijf-voor-twaalf-van-de-hoven-en-rechtbanken-1-10-25\\\/\",\"name\":\"Steun van de BVT voor de actie \u201cVijf voor twaalf\u201d van de hoven en rechtbanken (1\\\/10\\\/25) - Chambre Belge des Traducteurs et Interpr\u00e8tes | Belgische Kamer van Vertalers en Tolken\",\"isPartOf\":{\"@id\":\"https:\\\/\\\/www.cbti-bkvt.org\\\/en\\\/#website\"},\"primaryImageOfPage\":{\"@id\":\"https:\\\/\\\/www.cbti-bkvt.org\\\/en\\\/steun-van-de-bvt-voor-de-actie-vijf-voor-twaalf-van-de-hoven-en-rechtbanken-1-10-25\\\/#primaryimage\"},\"image\":{\"@id\":\"https:\\\/\\\/www.cbti-bkvt.org\\\/en\\\/steun-van-de-bvt-voor-de-actie-vijf-voor-twaalf-van-de-hoven-en-rechtbanken-1-10-25\\\/#primaryimage\"},\"thumbnailUrl\":\"https:\\\/\\\/www.cbti-bkvt.org\\\/wp-content\\\/uploads\\\/nadine-e-M_f3f8DGRg-unsplash.jpg\",\"datePublished\":\"2025-10-01T09:10:00+00:00\",\"dateModified\":\"2025-10-01T09:10:23+00:00\",\"author\":{\"@id\":\"https:\\\/\\\/www.cbti-bkvt.org\\\/en\\\/#\\\/schema\\\/person\\\/618be4a1eba65d61684e3a8d473272d0\"},\"breadcrumb\":{\"@id\":\"https:\\\/\\\/www.cbti-bkvt.org\\\/en\\\/steun-van-de-bvt-voor-de-actie-vijf-voor-twaalf-van-de-hoven-en-rechtbanken-1-10-25\\\/#breadcrumb\"},\"inLanguage\":\"en-US\",\"potentialAction\":[{\"@type\":\"ReadAction\",\"target\":[\"https:\\\/\\\/www.cbti-bkvt.org\\\/en\\\/steun-van-de-bvt-voor-de-actie-vijf-voor-twaalf-van-de-hoven-en-rechtbanken-1-10-25\\\/\"]}]},{\"@type\":\"ImageObject\",\"inLanguage\":\"en-US\",\"@id\":\"https:\\\/\\\/www.cbti-bkvt.org\\\/en\\\/steun-van-de-bvt-voor-de-actie-vijf-voor-twaalf-van-de-hoven-en-rechtbanken-1-10-25\\\/#primaryimage\",\"url\":\"https:\\\/\\\/www.cbti-bkvt.org\\\/wp-content\\\/uploads\\\/nadine-e-M_f3f8DGRg-unsplash.jpg\",\"contentUrl\":\"https:\\\/\\\/www.cbti-bkvt.org\\\/wp-content\\\/uploads\\\/nadine-e-M_f3f8DGRg-unsplash.jpg\",\"width\":3969,\"height\":2646},{\"@type\":\"BreadcrumbList\",\"@id\":\"https:\\\/\\\/www.cbti-bkvt.org\\\/en\\\/steun-van-de-bvt-voor-de-actie-vijf-voor-twaalf-van-de-hoven-en-rechtbanken-1-10-25\\\/#breadcrumb\",\"itemListElement\":[{\"@type\":\"ListItem\",\"position\":1,\"name\":\"Home\",\"item\":\"https:\\\/\\\/www.cbti-bkvt.org\\\/en\\\/\"},{\"@type\":\"ListItem\",\"position\":2,\"name\":\"Steun van de BVT voor de actie \u201cVijf voor twaalf\u201d van de hoven en rechtbanken (1\\\/10\\\/25)\"}]},{\"@type\":\"WebSite\",\"@id\":\"https:\\\/\\\/www.cbti-bkvt.org\\\/en\\\/#website\",\"url\":\"https:\\\/\\\/www.cbti-bkvt.org\\\/en\\\/\",\"name\":\"Chambre Belge des Traducteurs et Interpr\u00e8tes | Belgische Kamer van Vertalers en Tolken\",\"description\":\"M\u00e9tiers de la traduction \u00e9crite, l\u2019interpr\u00e9tation de conf\u00e9rence, la traduction et l\u2019interpr\u00e9tation en milieu judiciaire.\",\"potentialAction\":[{\"@type\":\"SearchAction\",\"target\":{\"@type\":\"EntryPoint\",\"urlTemplate\":\"https:\\\/\\\/www.cbti-bkvt.org\\\/en\\\/?s={search_term_string}\"},\"query-input\":{\"@type\":\"PropertyValueSpecification\",\"valueRequired\":true,\"valueName\":\"search_term_string\"}}],\"inLanguage\":\"en-US\"},{\"@type\":\"Person\",\"@id\":\"https:\\\/\\\/www.cbti-bkvt.org\\\/en\\\/#\\\/schema\\\/person\\\/618be4a1eba65d61684e3a8d473272d0\",\"name\":\"C\u00e9line Maes\",\"image\":{\"@type\":\"ImageObject\",\"inLanguage\":\"en-US\",\"@id\":\"https:\\\/\\\/secure.gravatar.com\\\/avatar\\\/6dab3ef828603e99aa932e67eee22b03c8af9eedd530af71e0d723f323241dad?s=96&d=mm&r=g\",\"url\":\"https:\\\/\\\/secure.gravatar.com\\\/avatar\\\/6dab3ef828603e99aa932e67eee22b03c8af9eedd530af71e0d723f323241dad?s=96&d=mm&r=g\",\"contentUrl\":\"https:\\\/\\\/secure.gravatar.com\\\/avatar\\\/6dab3ef828603e99aa932e67eee22b03c8af9eedd530af71e0d723f323241dad?s=96&d=mm&r=g\",\"caption\":\"C\u00e9line Maes\"},\"url\":\"https:\\\/\\\/www.cbti-bkvt.org\\\/en\\\/author\\\/celine-maes\\\/\"}]}<\/script>\n<!-- \/ Yoast SEO plugin. -->","yoast_head_json":{"title":"Chambre Belge des Traducteurs et Interpr\u00e8tes | Belgische Kamer van Vertalers en Tolken","robots":{"index":"index","follow":"follow","max-snippet":"max-snippet:-1","max-image-preview":"max-image-preview:large","max-video-preview":"max-video-preview:-1"},"canonical":"https:\/\/www.cbti-bkvt.org\/en\/steun-van-de-bvt-voor-de-actie-vijf-voor-twaalf-van-de-hoven-en-rechtbanken-1-10-25\/","og_locale":"en_US","og_type":"article","og_title":"Steun van de BVT voor de actie \u201cVijf voor twaalf\u201d van de hoven en rechtbanken (1\/10\/25) - Chambre Belge des Traducteurs et Interpr\u00e8tes | Belgische Kamer van Vertalers en Tolken","og_description":"Beste collega\u2019s be\u00ebdigd vertalers en tolken, Wij nodigen u uit om deel te nemen aan de actie \u201cVijf voor twaalf\u201d van de hoven en rechtbanken, die wordt gehouden op woensdag 1 oktober om 11.55u. Dit initiatief is bedoeld om de ketenpartners van Justitie, waartoe wij behoren, te ondersteunen. Onze deelname is cruciaal om onze stem&hellip;&nbsp;Read More &raquo;Steun van de BVT voor de actie \u201cVijf voor twaalf\u201d van de hoven en rechtbanken (1\/10\/25)","og_url":"https:\/\/www.cbti-bkvt.org\/en\/steun-van-de-bvt-voor-de-actie-vijf-voor-twaalf-van-de-hoven-en-rechtbanken-1-10-25\/","og_site_name":"Chambre Belge des Traducteurs et Interpr\u00e8tes | Belgische Kamer van Vertalers en Tolken","article_published_time":"2025-10-01T09:10:00+00:00","article_modified_time":"2025-10-01T09:10:23+00:00","og_image":[{"width":3969,"height":2646,"url":"https:\/\/www.cbti-bkvt.org\/wp-content\/uploads\/nadine-e-M_f3f8DGRg-unsplash.jpg","type":"image\/jpeg"}],"author":"C\u00e9line Maes","twitter_card":"summary_large_image","twitter_misc":{"Written by":"C\u00e9line Maes","Est. reading time":"2 minutes"},"schema":{"@context":"https:\/\/schema.org","@graph":[{"@type":"Article","@id":"https:\/\/www.cbti-bkvt.org\/en\/steun-van-de-bvt-voor-de-actie-vijf-voor-twaalf-van-de-hoven-en-rechtbanken-1-10-25\/#article","isPartOf":{"@id":"https:\/\/www.cbti-bkvt.org\/en\/steun-van-de-bvt-voor-de-actie-vijf-voor-twaalf-van-de-hoven-en-rechtbanken-1-10-25\/"},"author":{"name":"C\u00e9line Maes","@id":"https:\/\/www.cbti-bkvt.org\/en\/#\/schema\/person\/618be4a1eba65d61684e3a8d473272d0"},"headline":"Steun van de BVT voor de actie \u201cVijf voor twaalf\u201d van de hoven en rechtbanken (1\/10\/25)","datePublished":"2025-10-01T09:10:00+00:00","dateModified":"2025-10-01T09:10:23+00:00","mainEntityOfPage":{"@id":"https:\/\/www.cbti-bkvt.org\/en\/steun-van-de-bvt-voor-de-actie-vijf-voor-twaalf-van-de-hoven-en-rechtbanken-1-10-25\/"},"wordCount":218,"image":{"@id":"https:\/\/www.cbti-bkvt.org\/en\/steun-van-de-bvt-voor-de-actie-vijf-voor-twaalf-van-de-hoven-en-rechtbanken-1-10-25\/#primaryimage"},"thumbnailUrl":"https:\/\/www.cbti-bkvt.org\/wp-content\/uploads\/nadine-e-M_f3f8DGRg-unsplash.jpg","articleSection":["Sworn Translators\/Interpreters"],"inLanguage":"en-US"},{"@type":"WebPage","@id":"https:\/\/www.cbti-bkvt.org\/en\/steun-van-de-bvt-voor-de-actie-vijf-voor-twaalf-van-de-hoven-en-rechtbanken-1-10-25\/","url":"https:\/\/www.cbti-bkvt.org\/en\/steun-van-de-bvt-voor-de-actie-vijf-voor-twaalf-van-de-hoven-en-rechtbanken-1-10-25\/","name":"Steun van de BVT voor de actie \u201cVijf voor twaalf\u201d van de hoven en rechtbanken (1\/10\/25) - Chambre Belge des Traducteurs et Interpr\u00e8tes | Belgische Kamer van Vertalers en Tolken","isPartOf":{"@id":"https:\/\/www.cbti-bkvt.org\/en\/#website"},"primaryImageOfPage":{"@id":"https:\/\/www.cbti-bkvt.org\/en\/steun-van-de-bvt-voor-de-actie-vijf-voor-twaalf-van-de-hoven-en-rechtbanken-1-10-25\/#primaryimage"},"image":{"@id":"https:\/\/www.cbti-bkvt.org\/en\/steun-van-de-bvt-voor-de-actie-vijf-voor-twaalf-van-de-hoven-en-rechtbanken-1-10-25\/#primaryimage"},"thumbnailUrl":"https:\/\/www.cbti-bkvt.org\/wp-content\/uploads\/nadine-e-M_f3f8DGRg-unsplash.jpg","datePublished":"2025-10-01T09:10:00+00:00","dateModified":"2025-10-01T09:10:23+00:00","author":{"@id":"https:\/\/www.cbti-bkvt.org\/en\/#\/schema\/person\/618be4a1eba65d61684e3a8d473272d0"},"breadcrumb":{"@id":"https:\/\/www.cbti-bkvt.org\/en\/steun-van-de-bvt-voor-de-actie-vijf-voor-twaalf-van-de-hoven-en-rechtbanken-1-10-25\/#breadcrumb"},"inLanguage":"en-US","potentialAction":[{"@type":"ReadAction","target":["https:\/\/www.cbti-bkvt.org\/en\/steun-van-de-bvt-voor-de-actie-vijf-voor-twaalf-van-de-hoven-en-rechtbanken-1-10-25\/"]}]},{"@type":"ImageObject","inLanguage":"en-US","@id":"https:\/\/www.cbti-bkvt.org\/en\/steun-van-de-bvt-voor-de-actie-vijf-voor-twaalf-van-de-hoven-en-rechtbanken-1-10-25\/#primaryimage","url":"https:\/\/www.cbti-bkvt.org\/wp-content\/uploads\/nadine-e-M_f3f8DGRg-unsplash.jpg","contentUrl":"https:\/\/www.cbti-bkvt.org\/wp-content\/uploads\/nadine-e-M_f3f8DGRg-unsplash.jpg","width":3969,"height":2646},{"@type":"BreadcrumbList","@id":"https:\/\/www.cbti-bkvt.org\/en\/steun-van-de-bvt-voor-de-actie-vijf-voor-twaalf-van-de-hoven-en-rechtbanken-1-10-25\/#breadcrumb","itemListElement":[{"@type":"ListItem","position":1,"name":"Home","item":"https:\/\/www.cbti-bkvt.org\/en\/"},{"@type":"ListItem","position":2,"name":"Steun van de BVT voor de actie \u201cVijf voor twaalf\u201d van de hoven en rechtbanken (1\/10\/25)"}]},{"@type":"WebSite","@id":"https:\/\/www.cbti-bkvt.org\/en\/#website","url":"https:\/\/www.cbti-bkvt.org\/en\/","name":"Chambre Belge des Traducteurs et Interpr\u00e8tes | Belgische Kamer van Vertalers en Tolken","description":"M\u00e9tiers de la traduction \u00e9crite, l\u2019interpr\u00e9tation de conf\u00e9rence, la traduction et l\u2019interpr\u00e9tation en milieu judiciaire.","potentialAction":[{"@type":"SearchAction","target":{"@type":"EntryPoint","urlTemplate":"https:\/\/www.cbti-bkvt.org\/en\/?s={search_term_string}"},"query-input":{"@type":"PropertyValueSpecification","valueRequired":true,"valueName":"search_term_string"}}],"inLanguage":"en-US"},{"@type":"Person","@id":"https:\/\/www.cbti-bkvt.org\/en\/#\/schema\/person\/618be4a1eba65d61684e3a8d473272d0","name":"C\u00e9line Maes","image":{"@type":"ImageObject","inLanguage":"en-US","@id":"https:\/\/secure.gravatar.com\/avatar\/6dab3ef828603e99aa932e67eee22b03c8af9eedd530af71e0d723f323241dad?s=96&d=mm&r=g","url":"https:\/\/secure.gravatar.com\/avatar\/6dab3ef828603e99aa932e67eee22b03c8af9eedd530af71e0d723f323241dad?s=96&d=mm&r=g","contentUrl":"https:\/\/secure.gravatar.com\/avatar\/6dab3ef828603e99aa932e67eee22b03c8af9eedd530af71e0d723f323241dad?s=96&d=mm&r=g","caption":"C\u00e9line Maes"},"url":"https:\/\/www.cbti-bkvt.org\/en\/author\/celine-maes\/"}]}},"_links":{"self":[{"href":"https:\/\/www.cbti-bkvt.org\/en\/wp-json\/wp\/v2\/posts\/33849","targetHints":{"allow":["GET"]}}],"collection":[{"href":"https:\/\/www.cbti-bkvt.org\/en\/wp-json\/wp\/v2\/posts"}],"about":[{"href":"https:\/\/www.cbti-bkvt.org\/en\/wp-json\/wp\/v2\/types\/post"}],"author":[{"embeddable":true,"href":"https:\/\/www.cbti-bkvt.org\/en\/wp-json\/wp\/v2\/users\/265"}],"replies":[{"embeddable":true,"href":"https:\/\/www.cbti-bkvt.org\/en\/wp-json\/wp\/v2\/comments?post=33849"}],"version-history":[{"count":2,"href":"https:\/\/www.cbti-bkvt.org\/en\/wp-json\/wp\/v2\/posts\/33849\/revisions"}],"predecessor-version":[{"id":33900,"href":"https:\/\/www.cbti-bkvt.org\/en\/wp-json\/wp\/v2\/posts\/33849\/revisions\/33900"}],"wp:featuredmedia":[{"embeddable":true,"href":"https:\/\/www.cbti-bkvt.org\/en\/wp-json\/wp\/v2\/media\/33314"}],"wp:attachment":[{"href":"https:\/\/www.cbti-bkvt.org\/en\/wp-json\/wp\/v2\/media?parent=33849"}],"wp:term":[{"taxonomy":"category","embeddable":true,"href":"https:\/\/www.cbti-bkvt.org\/en\/wp-json\/wp\/v2\/categories?post=33849"},{"taxonomy":"post_tag","embeddable":true,"href":"https:\/\/www.cbti-bkvt.org\/en\/wp-json\/wp\/v2\/tags?post=33849"}],"curies":[{"name":"wp","href":"https:\/\/api.w.org\/{rel}","templated":true}]}}