{"id":34159,"date":"2025-11-07T13:58:30","date_gmt":"2025-11-07T11:58:30","guid":{"rendered":"https:\/\/www.cbti-bkvt.org\/de-bkvt-feliciteert-de-ottiaq\/"},"modified":"2025-11-07T13:58:30","modified_gmt":"2025-11-07T11:58:30","slug":"de-bkvt-feliciteert-de-ottiaq","status":"publish","type":"post","link":"https:\/\/www.cbti-bkvt.org\/en\/de-bkvt-feliciteert-de-ottiaq\/","title":{"rendered":"De BKVT feliciteert de OTTIAQ"},"content":{"rendered":"\n<p>De Belgische Kamer van Vertalers en Tolken wil de OTTIAQ (l\u2019Ordre des traducteurs, terminologues et interpr\u00e8tes agr\u00e9\u00e9s du Qu\u00e9bec) van harte feliciteren met de rake <a href=\"https:\/\/ottiaq.org\/articles\/mot-de-la-presidente-octobre-2025\">beschouwingen van de voorzitster van deze vereniging<\/a>. Ze wijst treffend op de toegevoegde waarde van professionele vertalers en tolken in de huidige context van steeds snellere veranderingen. AI mag dan een krachtige tool zijn, het is geen tovermiddel.<\/p>\n\n\n\n<p>Professionele vertalers en tolken beschikken over troeven die machines niet bieden: begrip van de context en van allerhande nuances, menselijke en culturele gevoeligheid, een consistente toon en absolute vertrouwelijkheid. Machines plaatsen het ene woord achter het andere, taalprofessionals gaan uit van de betekenis van de tekst.<\/p>\n\n\n\n<p>Zoals de OTTIAQ aangeeft, staat het &#8220;machine + revisie-model\u201d niet altijd garant voor effici\u00ebntie of lagere kosten. Wanneer een project meteen aan een professional wordt toevertrouwd, is het resultaat in veel gevallen correcter, sneller, en (ironisch genoeg) kosteneffici\u00ebnter. Menselijke vertalingen worden gekenmerkt door kwaliteit en betrouwbaarheid. Dat geldt des te meer voor teksten met een aanzienlijke toegevoegde waarde, zoals contracten, marketingmaterialen, medische documenten of overheidsmededelingen.<\/p>\n\n\n\n<p>De visie van de OTTIAQ sluit nauw aan bij die van de BKVT. In ons persbericht<a href=\"https:\/\/www.cbti-bkvt.org\/en\/no-ai-will-not-lead-to-the-disappearance-of-human-translation\/\"><em>Nee, AI zal menselijke vertaling niet doen verdwijnen<\/em><\/a> stellen we een technologische illusie aan de kaak: dat AI in staat zou zijn tot begrip. De huidige tools vertalen inderdaad tot op zekere hoogte, maar ze slagen er nooit in om de intenties, toespelingen of emoties volledig te vatten. Sterker nog, AI kan zaken verdraaien of \u201challucineren\u201d (onbestaande elementen verzinnen). Dat risico is gewoonweg onaanvaardbaar in professionele of overheidscommunicatie.<\/p>\n\n\n\n<p>Zoals de twee zusterorganisaties benadrukken, gaat het niet alleen om het risico op fouten. Ook de ethiek en de vertrouwelijkheid staan op het spel: wie een document toevertrouwt aan AI gooit ook vaak, zonder erbij stil te staan, gevoelige gegevens te grabbel. Professionele vertalers en tolken werken daarentegen volgens deontologische regels en met respect voor vertrouwelijkheid en gegevensbeveiliging.<\/p>\n\n\n\n<p>Uit dit alles komt \u00e9\u00e9n gemeenschappelijke boodschap naar voren:<\/p>\n\n\n\n<ul class=\"wp-block-list\">\n<li>het gebruik van AI vereist niet alleen een oordeelkundige aanpak, maar ook en vooral de deskundige inbreng van onderlegde vertalers en tolken;<\/li>\n\n\n\n<li>de toekomst van het vertalen ligt in een slimme samenwerking tussen technologie en menselijke expertise.<\/li>\n<\/ul>\n\n\n\n<p>Het is aan ons allemaal om klanten, overheden en ondernemingen aan te moedigen de juiste keuzes te maken. Vertalers en tolken beschikken over alle nodige expertise om organisaties in hun communicatie te begeleiden. Zij bieden immers precies dat waarin AI schromelijk tekortschiet: kwaliteit, duidelijkheid, precisie en veiligheid. Een vertaling door een professional is geen kost, maar een strategische investering.<\/p>\n\n\n\n<p>We danken de OTTIAQ voor haar heldere en doordachte bijdrage aan dit debat dat onze beroepsverenigingen, overal ter wereld, in zijn greep houdt. We kunnen het niet genoeg benadrukken: kunstmatige intelligentie vertaalt woorden zonder de betekenis ervan te begrijpen, terwijl menselijke intelligentie precies die betekenis vertaalt.<\/p>\n","protected":false},"excerpt":{"rendered":"<p>De Belgische Kamer van Vertalers en Tolken wil de OTTIAQ (l\u2019Ordre des traducteurs, terminologues et interpr\u00e8tes agr\u00e9\u00e9s du Qu\u00e9bec) van harte feliciteren met de rake beschouwingen van de voorzitster van deze vereniging. Ze wijst treffend op de toegevoegde waarde van professionele vertalers en tolken in de huidige context van steeds snellere veranderingen. AI mag dan&hellip;&nbsp;<a href=\"https:\/\/www.cbti-bkvt.org\/en\/de-bkvt-feliciteert-de-ottiaq\/\" rel=\"bookmark\">Read More &raquo;<span class=\"screen-reader-text\">De BKVT feliciteert de OTTIAQ<\/span><\/a><\/p>\n","protected":false},"author":265,"featured_media":34151,"comment_status":"closed","ping_status":"closed","sticky":false,"template":"","format":"standard","meta":{"_acf_changed":false,"pmpro_default_level":"","neve_meta_sidebar":"","neve_meta_container":"","neve_meta_enable_content_width":"","neve_meta_content_width":0,"neve_meta_title_alignment":"","neve_meta_author_avatar":"","neve_post_elements_order":"","neve_meta_disable_header":"","neve_meta_disable_footer":"","neve_meta_disable_title":"","neve_meta_reading_time":"","footnotes":"","_links_to":"","_links_to_target":""},"categories":[395],"tags":[],"class_list":["post-34159","post","type-post","status-publish","format-standard","has-post-thumbnail","hentry","category-news-from-the-sector","pmpro-has-access"],"acf":[],"yoast_head":"<!-- This site is optimized with the Yoast SEO plugin v27.4 - https:\/\/yoast.com\/product\/yoast-seo-wordpress\/ -->\n<title>Chambre Belge des Traducteurs et Interpr\u00e8tes | Belgische Kamer van Vertalers en Tolken<\/title>\n<meta name=\"robots\" content=\"index, follow, max-snippet:-1, max-image-preview:large, max-video-preview:-1\" \/>\n<link rel=\"canonical\" href=\"https:\/\/www.cbti-bkvt.org\/en\/de-bkvt-feliciteert-de-ottiaq\/\" \/>\n<meta property=\"og:locale\" content=\"en_US\" \/>\n<meta property=\"og:type\" content=\"article\" \/>\n<meta property=\"og:title\" content=\"De BKVT feliciteert de OTTIAQ - Chambre Belge des Traducteurs et Interpr\u00e8tes | Belgische Kamer van Vertalers en Tolken\" \/>\n<meta property=\"og:description\" content=\"De Belgische Kamer van Vertalers en Tolken wil de OTTIAQ (l\u2019Ordre des traducteurs, terminologues et interpr\u00e8tes agr\u00e9\u00e9s du Qu\u00e9bec) van harte feliciteren met de rake beschouwingen van de voorzitster van deze vereniging. Ze wijst treffend op de toegevoegde waarde van professionele vertalers en tolken in de huidige context van steeds snellere veranderingen. AI mag dan&hellip;&nbsp;Read More &raquo;De BKVT feliciteert de OTTIAQ\" \/>\n<meta property=\"og:url\" content=\"https:\/\/www.cbti-bkvt.org\/en\/de-bkvt-feliciteert-de-ottiaq\/\" \/>\n<meta property=\"og:site_name\" content=\"Chambre Belge des Traducteurs et Interpr\u00e8tes | Belgische Kamer van Vertalers en Tolken\" \/>\n<meta property=\"article:published_time\" content=\"2025-11-07T11:58:30+00:00\" \/>\n<meta name=\"author\" content=\"C\u00e9line Maes\" \/>\n<meta name=\"twitter:card\" content=\"summary_large_image\" \/>\n<meta name=\"twitter:label1\" content=\"Written by\" \/>\n\t<meta name=\"twitter:data1\" content=\"C\u00e9line Maes\" \/>\n\t<meta name=\"twitter:label2\" content=\"Est. reading time\" \/>\n\t<meta name=\"twitter:data2\" content=\"2 minutes\" \/>\n<script type=\"application\/ld+json\" class=\"yoast-schema-graph\">{\"@context\":\"https:\\\/\\\/schema.org\",\"@graph\":[{\"@type\":\"Article\",\"@id\":\"https:\\\/\\\/www.cbti-bkvt.org\\\/en\\\/de-bkvt-feliciteert-de-ottiaq\\\/#article\",\"isPartOf\":{\"@id\":\"https:\\\/\\\/www.cbti-bkvt.org\\\/en\\\/de-bkvt-feliciteert-de-ottiaq\\\/\"},\"author\":{\"name\":\"C\u00e9line Maes\",\"@id\":\"https:\\\/\\\/www.cbti-bkvt.org\\\/en\\\/#\\\/schema\\\/person\\\/618be4a1eba65d61684e3a8d473272d0\"},\"headline\":\"De BKVT feliciteert de OTTIAQ\",\"datePublished\":\"2025-11-07T11:58:30+00:00\",\"mainEntityOfPage\":{\"@id\":\"https:\\\/\\\/www.cbti-bkvt.org\\\/en\\\/de-bkvt-feliciteert-de-ottiaq\\\/\"},\"wordCount\":477,\"image\":{\"@id\":\"https:\\\/\\\/www.cbti-bkvt.org\\\/en\\\/de-bkvt-feliciteert-de-ottiaq\\\/#primaryimage\"},\"thumbnailUrl\":\"https:\\\/\\\/www.cbti-bkvt.org\\\/wp-content\\\/uploads\\\/igor-omilaev-gVQLAbGVB6Q-unsplash.jpg\",\"articleSection\":[\"News from the sector\"],\"inLanguage\":\"en-US\"},{\"@type\":\"WebPage\",\"@id\":\"https:\\\/\\\/www.cbti-bkvt.org\\\/en\\\/de-bkvt-feliciteert-de-ottiaq\\\/\",\"url\":\"https:\\\/\\\/www.cbti-bkvt.org\\\/en\\\/de-bkvt-feliciteert-de-ottiaq\\\/\",\"name\":\"De BKVT feliciteert de OTTIAQ - Chambre Belge des Traducteurs et Interpr\u00e8tes | Belgische Kamer van Vertalers en Tolken\",\"isPartOf\":{\"@id\":\"https:\\\/\\\/www.cbti-bkvt.org\\\/en\\\/#website\"},\"primaryImageOfPage\":{\"@id\":\"https:\\\/\\\/www.cbti-bkvt.org\\\/en\\\/de-bkvt-feliciteert-de-ottiaq\\\/#primaryimage\"},\"image\":{\"@id\":\"https:\\\/\\\/www.cbti-bkvt.org\\\/en\\\/de-bkvt-feliciteert-de-ottiaq\\\/#primaryimage\"},\"thumbnailUrl\":\"https:\\\/\\\/www.cbti-bkvt.org\\\/wp-content\\\/uploads\\\/igor-omilaev-gVQLAbGVB6Q-unsplash.jpg\",\"datePublished\":\"2025-11-07T11:58:30+00:00\",\"author\":{\"@id\":\"https:\\\/\\\/www.cbti-bkvt.org\\\/en\\\/#\\\/schema\\\/person\\\/618be4a1eba65d61684e3a8d473272d0\"},\"breadcrumb\":{\"@id\":\"https:\\\/\\\/www.cbti-bkvt.org\\\/en\\\/de-bkvt-feliciteert-de-ottiaq\\\/#breadcrumb\"},\"inLanguage\":\"en-US\",\"potentialAction\":[{\"@type\":\"ReadAction\",\"target\":[\"https:\\\/\\\/www.cbti-bkvt.org\\\/en\\\/de-bkvt-feliciteert-de-ottiaq\\\/\"]}]},{\"@type\":\"ImageObject\",\"inLanguage\":\"en-US\",\"@id\":\"https:\\\/\\\/www.cbti-bkvt.org\\\/en\\\/de-bkvt-feliciteert-de-ottiaq\\\/#primaryimage\",\"url\":\"https:\\\/\\\/www.cbti-bkvt.org\\\/wp-content\\\/uploads\\\/igor-omilaev-gVQLAbGVB6Q-unsplash.jpg\",\"contentUrl\":\"https:\\\/\\\/www.cbti-bkvt.org\\\/wp-content\\\/uploads\\\/igor-omilaev-gVQLAbGVB6Q-unsplash.jpg\",\"width\":7680,\"height\":4320},{\"@type\":\"BreadcrumbList\",\"@id\":\"https:\\\/\\\/www.cbti-bkvt.org\\\/en\\\/de-bkvt-feliciteert-de-ottiaq\\\/#breadcrumb\",\"itemListElement\":[{\"@type\":\"ListItem\",\"position\":1,\"name\":\"Home\",\"item\":\"https:\\\/\\\/www.cbti-bkvt.org\\\/en\\\/\"},{\"@type\":\"ListItem\",\"position\":2,\"name\":\"De BKVT feliciteert de OTTIAQ\"}]},{\"@type\":\"WebSite\",\"@id\":\"https:\\\/\\\/www.cbti-bkvt.org\\\/en\\\/#website\",\"url\":\"https:\\\/\\\/www.cbti-bkvt.org\\\/en\\\/\",\"name\":\"Chambre Belge des Traducteurs et Interpr\u00e8tes | Belgische Kamer van Vertalers en Tolken\",\"description\":\"M\u00e9tiers de la traduction \u00e9crite, l\u2019interpr\u00e9tation de conf\u00e9rence, la traduction et l\u2019interpr\u00e9tation en milieu judiciaire.\",\"potentialAction\":[{\"@type\":\"SearchAction\",\"target\":{\"@type\":\"EntryPoint\",\"urlTemplate\":\"https:\\\/\\\/www.cbti-bkvt.org\\\/en\\\/?s={search_term_string}\"},\"query-input\":{\"@type\":\"PropertyValueSpecification\",\"valueRequired\":true,\"valueName\":\"search_term_string\"}}],\"inLanguage\":\"en-US\"},{\"@type\":\"Person\",\"@id\":\"https:\\\/\\\/www.cbti-bkvt.org\\\/en\\\/#\\\/schema\\\/person\\\/618be4a1eba65d61684e3a8d473272d0\",\"name\":\"C\u00e9line Maes\",\"image\":{\"@type\":\"ImageObject\",\"inLanguage\":\"en-US\",\"@id\":\"https:\\\/\\\/secure.gravatar.com\\\/avatar\\\/6dab3ef828603e99aa932e67eee22b03c8af9eedd530af71e0d723f323241dad?s=96&d=mm&r=g\",\"url\":\"https:\\\/\\\/secure.gravatar.com\\\/avatar\\\/6dab3ef828603e99aa932e67eee22b03c8af9eedd530af71e0d723f323241dad?s=96&d=mm&r=g\",\"contentUrl\":\"https:\\\/\\\/secure.gravatar.com\\\/avatar\\\/6dab3ef828603e99aa932e67eee22b03c8af9eedd530af71e0d723f323241dad?s=96&d=mm&r=g\",\"caption\":\"C\u00e9line Maes\"},\"url\":\"https:\\\/\\\/www.cbti-bkvt.org\\\/en\\\/author\\\/celine-maes\\\/\"}]}<\/script>\n<!-- \/ Yoast SEO plugin. -->","yoast_head_json":{"title":"Chambre Belge des Traducteurs et Interpr\u00e8tes | Belgische Kamer van Vertalers en Tolken","robots":{"index":"index","follow":"follow","max-snippet":"max-snippet:-1","max-image-preview":"max-image-preview:large","max-video-preview":"max-video-preview:-1"},"canonical":"https:\/\/www.cbti-bkvt.org\/en\/de-bkvt-feliciteert-de-ottiaq\/","og_locale":"en_US","og_type":"article","og_title":"De BKVT feliciteert de OTTIAQ - Chambre Belge des Traducteurs et Interpr\u00e8tes | Belgische Kamer van Vertalers en Tolken","og_description":"De Belgische Kamer van Vertalers en Tolken wil de OTTIAQ (l\u2019Ordre des traducteurs, terminologues et interpr\u00e8tes agr\u00e9\u00e9s du Qu\u00e9bec) van harte feliciteren met de rake beschouwingen van de voorzitster van deze vereniging. Ze wijst treffend op de toegevoegde waarde van professionele vertalers en tolken in de huidige context van steeds snellere veranderingen. AI mag dan&hellip;&nbsp;Read More &raquo;De BKVT feliciteert de OTTIAQ","og_url":"https:\/\/www.cbti-bkvt.org\/en\/de-bkvt-feliciteert-de-ottiaq\/","og_site_name":"Chambre Belge des Traducteurs et Interpr\u00e8tes | Belgische Kamer van Vertalers en Tolken","article_published_time":"2025-11-07T11:58:30+00:00","author":"C\u00e9line Maes","twitter_card":"summary_large_image","twitter_misc":{"Written by":"C\u00e9line Maes","Est. reading time":"2 minutes"},"schema":{"@context":"https:\/\/schema.org","@graph":[{"@type":"Article","@id":"https:\/\/www.cbti-bkvt.org\/en\/de-bkvt-feliciteert-de-ottiaq\/#article","isPartOf":{"@id":"https:\/\/www.cbti-bkvt.org\/en\/de-bkvt-feliciteert-de-ottiaq\/"},"author":{"name":"C\u00e9line Maes","@id":"https:\/\/www.cbti-bkvt.org\/en\/#\/schema\/person\/618be4a1eba65d61684e3a8d473272d0"},"headline":"De BKVT feliciteert de OTTIAQ","datePublished":"2025-11-07T11:58:30+00:00","mainEntityOfPage":{"@id":"https:\/\/www.cbti-bkvt.org\/en\/de-bkvt-feliciteert-de-ottiaq\/"},"wordCount":477,"image":{"@id":"https:\/\/www.cbti-bkvt.org\/en\/de-bkvt-feliciteert-de-ottiaq\/#primaryimage"},"thumbnailUrl":"https:\/\/www.cbti-bkvt.org\/wp-content\/uploads\/igor-omilaev-gVQLAbGVB6Q-unsplash.jpg","articleSection":["News from the sector"],"inLanguage":"en-US"},{"@type":"WebPage","@id":"https:\/\/www.cbti-bkvt.org\/en\/de-bkvt-feliciteert-de-ottiaq\/","url":"https:\/\/www.cbti-bkvt.org\/en\/de-bkvt-feliciteert-de-ottiaq\/","name":"De BKVT feliciteert de OTTIAQ - Chambre Belge des Traducteurs et Interpr\u00e8tes | Belgische Kamer van Vertalers en Tolken","isPartOf":{"@id":"https:\/\/www.cbti-bkvt.org\/en\/#website"},"primaryImageOfPage":{"@id":"https:\/\/www.cbti-bkvt.org\/en\/de-bkvt-feliciteert-de-ottiaq\/#primaryimage"},"image":{"@id":"https:\/\/www.cbti-bkvt.org\/en\/de-bkvt-feliciteert-de-ottiaq\/#primaryimage"},"thumbnailUrl":"https:\/\/www.cbti-bkvt.org\/wp-content\/uploads\/igor-omilaev-gVQLAbGVB6Q-unsplash.jpg","datePublished":"2025-11-07T11:58:30+00:00","author":{"@id":"https:\/\/www.cbti-bkvt.org\/en\/#\/schema\/person\/618be4a1eba65d61684e3a8d473272d0"},"breadcrumb":{"@id":"https:\/\/www.cbti-bkvt.org\/en\/de-bkvt-feliciteert-de-ottiaq\/#breadcrumb"},"inLanguage":"en-US","potentialAction":[{"@type":"ReadAction","target":["https:\/\/www.cbti-bkvt.org\/en\/de-bkvt-feliciteert-de-ottiaq\/"]}]},{"@type":"ImageObject","inLanguage":"en-US","@id":"https:\/\/www.cbti-bkvt.org\/en\/de-bkvt-feliciteert-de-ottiaq\/#primaryimage","url":"https:\/\/www.cbti-bkvt.org\/wp-content\/uploads\/igor-omilaev-gVQLAbGVB6Q-unsplash.jpg","contentUrl":"https:\/\/www.cbti-bkvt.org\/wp-content\/uploads\/igor-omilaev-gVQLAbGVB6Q-unsplash.jpg","width":7680,"height":4320},{"@type":"BreadcrumbList","@id":"https:\/\/www.cbti-bkvt.org\/en\/de-bkvt-feliciteert-de-ottiaq\/#breadcrumb","itemListElement":[{"@type":"ListItem","position":1,"name":"Home","item":"https:\/\/www.cbti-bkvt.org\/en\/"},{"@type":"ListItem","position":2,"name":"De BKVT feliciteert de OTTIAQ"}]},{"@type":"WebSite","@id":"https:\/\/www.cbti-bkvt.org\/en\/#website","url":"https:\/\/www.cbti-bkvt.org\/en\/","name":"Chambre Belge des Traducteurs et Interpr\u00e8tes | Belgische Kamer van Vertalers en Tolken","description":"M\u00e9tiers de la traduction \u00e9crite, l\u2019interpr\u00e9tation de conf\u00e9rence, la traduction et l\u2019interpr\u00e9tation en milieu judiciaire.","potentialAction":[{"@type":"SearchAction","target":{"@type":"EntryPoint","urlTemplate":"https:\/\/www.cbti-bkvt.org\/en\/?s={search_term_string}"},"query-input":{"@type":"PropertyValueSpecification","valueRequired":true,"valueName":"search_term_string"}}],"inLanguage":"en-US"},{"@type":"Person","@id":"https:\/\/www.cbti-bkvt.org\/en\/#\/schema\/person\/618be4a1eba65d61684e3a8d473272d0","name":"C\u00e9line Maes","image":{"@type":"ImageObject","inLanguage":"en-US","@id":"https:\/\/secure.gravatar.com\/avatar\/6dab3ef828603e99aa932e67eee22b03c8af9eedd530af71e0d723f323241dad?s=96&d=mm&r=g","url":"https:\/\/secure.gravatar.com\/avatar\/6dab3ef828603e99aa932e67eee22b03c8af9eedd530af71e0d723f323241dad?s=96&d=mm&r=g","contentUrl":"https:\/\/secure.gravatar.com\/avatar\/6dab3ef828603e99aa932e67eee22b03c8af9eedd530af71e0d723f323241dad?s=96&d=mm&r=g","caption":"C\u00e9line Maes"},"url":"https:\/\/www.cbti-bkvt.org\/en\/author\/celine-maes\/"}]}},"_links":{"self":[{"href":"https:\/\/www.cbti-bkvt.org\/en\/wp-json\/wp\/v2\/posts\/34159","targetHints":{"allow":["GET"]}}],"collection":[{"href":"https:\/\/www.cbti-bkvt.org\/en\/wp-json\/wp\/v2\/posts"}],"about":[{"href":"https:\/\/www.cbti-bkvt.org\/en\/wp-json\/wp\/v2\/types\/post"}],"author":[{"embeddable":true,"href":"https:\/\/www.cbti-bkvt.org\/en\/wp-json\/wp\/v2\/users\/265"}],"replies":[{"embeddable":true,"href":"https:\/\/www.cbti-bkvt.org\/en\/wp-json\/wp\/v2\/comments?post=34159"}],"version-history":[{"count":0,"href":"https:\/\/www.cbti-bkvt.org\/en\/wp-json\/wp\/v2\/posts\/34159\/revisions"}],"wp:featuredmedia":[{"embeddable":true,"href":"https:\/\/www.cbti-bkvt.org\/en\/wp-json\/wp\/v2\/media\/34151"}],"wp:attachment":[{"href":"https:\/\/www.cbti-bkvt.org\/en\/wp-json\/wp\/v2\/media?parent=34159"}],"wp:term":[{"taxonomy":"category","embeddable":true,"href":"https:\/\/www.cbti-bkvt.org\/en\/wp-json\/wp\/v2\/categories?post=34159"},{"taxonomy":"post_tag","embeddable":true,"href":"https:\/\/www.cbti-bkvt.org\/en\/wp-json\/wp\/v2\/tags?post=34159"}],"curies":[{"name":"wp","href":"https:\/\/api.w.org\/{rel}","templated":true}]}}