{"id":35256,"date":"2026-03-30T10:16:01","date_gmt":"2026-03-30T08:16:01","guid":{"rendered":"https:\/\/www.cbti-bkvt.org\/bvt-geldigheid-van-identiteitskaarten-voor-elektronische-handtekening-kaarten-uitgereikt-voor-4-juli-2016-moeten-worden-vervangen\/"},"modified":"2026-03-30T10:20:55","modified_gmt":"2026-03-30T08:20:55","slug":"bvt-geldigheid-van-identiteitskaarten-voor-elektronische-handtekening-kaarten-uitgereikt-voor-4-juli-2016-moeten-worden-vervangen","status":"publish","type":"post","link":"https:\/\/www.cbti-bkvt.org\/en\/bvt-geldigheid-van-identiteitskaarten-voor-elektronische-handtekening-kaarten-uitgereikt-voor-4-juli-2016-moeten-worden-vervangen\/","title":{"rendered":"BVT: Geldigheid van identiteitskaarten voor elektronische handtekening &#8211; kaarten uitgereikt v\u00f3\u00f3r 4\u00a0juli\u00a02016 moeten worden vervangen"},"content":{"rendered":"\n<p>Als antwoord op een dringende vraag van LinguaJuris, de commissie van be\u00ebdigd vertalers en tolken van de BKVT, zegt het kabinet van minister Quintin er zich volledig bewust van te zijn dat de elektronische handtekening met de eID een essentieel hulpmiddel is voor de uitoefening van het beroep van be\u00ebdigd vertaler.<\/p>\n\n\n\n<p>De handtekeningcertificaten op de oude elektronische identiteitskaarten zullen inderdaad worden gewijzigd. Deze wijziging is het gevolg van een aanpassing aan de Europese regelgeving (de eIDAS-verordening), waarin wordt vastgelegd hoe geauthentiseerde elektronische handtekeningen moeten worden geplaatst.<\/p>\n\n\n\n<p>De identiteitskaart zelf blijft geldig en moet niet worden vervangen.<\/p>\n\n\n\n<p>Enkel het handtekeningcertificaat op de oude identiteitskaarten wordt geleidelijk ingetrokken in overeenstemming met een Europese verplichting.<\/p>\n\n\n\n<p><span style=\"text-decoration: underline;\">Belangrijk:<\/span><\/p>\n\n\n\n<p>Slechts een beperkt aantal burgers wordt door de wijziging van 21\u00a0mei \u00a02026 getroffen. <span style=\"text-decoration: underline;\">Enkel de handtekeningcertificaten op identiteitskaarten die v\u00f3\u00f3r 4\u00a0juli\u00a02016 uitgereikt zijn, zijn vanaf die datum niet meer geldig.<\/span><\/p>\n\n\n\n<p>Alle andere certificaten blijven geldig tot de volgende vervaldatum op 21&nbsp;mei&nbsp;2027.<\/p>\n\n\n\n<p><strong><u>Wij raden burgers met een kaart die v\u00f3\u00f3r 4\u00a0juli\u00a02016 uitgereikt is aan om deze zo snel mogelijk te vernieuwen, bij voorkeur v\u00f3\u00f3r 1\u00a0mei\u00a02026<\/u><span style=\"text-decoration: underline;\">.<\/span><\/strong> Hierdoor kunnen zij ononderbroken elektronisch blijven ondertekenen.<\/p>\n\n\n\n<p>Om de continu\u00efteit van de beroepsactiviteiten van burgers, en met name van be\u00ebdigd vertalers, te waarborgen, is in samenwerking met de FOD BOSA een nieuwe online dienst voor geauthentiseerde elektronische handtekeningen ontwikkeld: eSign.belgium.be.<\/p>\n\n\n\n<p>Dankzij deze dienst kunnen gebruikers elektronisch blijven ondertekenen in overeenstemming met de nieuwe Europese normen, zelfs wanneer het handtekeningcertificaat op hun elektronische identiteitskaart (eID) niet meer geldig is.<\/p>\n\n\n\n<p>Voor burgers die een identiteitskaart hebben die na 4&nbsp;juli&nbsp;2016 uitgereikt is, verandert er voorlopig niets. Hun kaart blijft volledig bruikbaar, ook voor elektronische handtekeningen.<\/p>\n","protected":false},"excerpt":{"rendered":"<p>Als antwoord op een dringende vraag van LinguaJuris, de commissie van be\u00ebdigd vertalers en tolken van de BKVT, zegt het kabinet van minister Quintin er zich volledig bewust van te zijn dat de elektronische handtekening met de eID een essentieel hulpmiddel is voor de uitoefening van het beroep van be\u00ebdigd vertaler. De handtekeningcertificaten op de&hellip;&nbsp;<a href=\"https:\/\/www.cbti-bkvt.org\/en\/bvt-geldigheid-van-identiteitskaarten-voor-elektronische-handtekening-kaarten-uitgereikt-voor-4-juli-2016-moeten-worden-vervangen\/\" rel=\"bookmark\">Read More &raquo;<span class=\"screen-reader-text\">BVT: Geldigheid van identiteitskaarten voor elektronische handtekening &#8211; kaarten uitgereikt v\u00f3\u00f3r 4\u00a0juli\u00a02016 moeten worden vervangen<\/span><\/a><\/p>\n","protected":false},"author":265,"featured_media":35258,"comment_status":"closed","ping_status":"closed","sticky":false,"template":"","format":"standard","meta":{"_acf_changed":false,"pmpro_default_level":"","neve_meta_sidebar":"","neve_meta_container":"","neve_meta_enable_content_width":"","neve_meta_content_width":0,"neve_meta_title_alignment":"","neve_meta_author_avatar":"","neve_post_elements_order":"","neve_meta_disable_header":"","neve_meta_disable_footer":"","neve_meta_disable_title":"","neve_meta_reading_time":"","footnotes":"","_links_to":"","_links_to_target":""},"categories":[379,403],"tags":[],"class_list":["post-35256","post","type-post","status-publish","format-standard","has-post-thumbnail","hentry","category-sectoral-committees","category-sworn-translators-interpreters","pmpro-has-access"],"acf":[],"yoast_head":"<!-- This site is optimized with the Yoast SEO plugin v27.4 - https:\/\/yoast.com\/product\/yoast-seo-wordpress\/ -->\n<title>Chambre Belge des Traducteurs et Interpr\u00e8tes | Belgische Kamer van Vertalers en Tolken<\/title>\n<meta name=\"robots\" content=\"index, follow, max-snippet:-1, max-image-preview:large, max-video-preview:-1\" \/>\n<link rel=\"canonical\" href=\"https:\/\/www.cbti-bkvt.org\/en\/bvt-geldigheid-van-identiteitskaarten-voor-elektronische-handtekening-kaarten-uitgereikt-voor-4-juli-2016-moeten-worden-vervangen\/\" \/>\n<meta property=\"og:locale\" content=\"en_US\" \/>\n<meta property=\"og:type\" content=\"article\" \/>\n<meta property=\"og:title\" content=\"BVT: Geldigheid van identiteitskaarten voor elektronische handtekening - kaarten uitgereikt v\u00f3\u00f3r 4\u00a0juli\u00a02016 moeten worden vervangen - Chambre Belge des Traducteurs et Interpr\u00e8tes | Belgische Kamer van Vertalers en Tolken\" \/>\n<meta property=\"og:description\" content=\"Als antwoord op een dringende vraag van LinguaJuris, de commissie van be\u00ebdigd vertalers en tolken van de BKVT, zegt het kabinet van minister Quintin er zich volledig bewust van te zijn dat de elektronische handtekening met de eID een essentieel hulpmiddel is voor de uitoefening van het beroep van be\u00ebdigd vertaler. De handtekeningcertificaten op de&hellip;&nbsp;Read More &raquo;BVT: Geldigheid van identiteitskaarten voor elektronische handtekening &#8211; kaarten uitgereikt v\u00f3\u00f3r 4\u00a0juli\u00a02016 moeten worden vervangen\" \/>\n<meta property=\"og:url\" content=\"https:\/\/www.cbti-bkvt.org\/en\/bvt-geldigheid-van-identiteitskaarten-voor-elektronische-handtekening-kaarten-uitgereikt-voor-4-juli-2016-moeten-worden-vervangen\/\" \/>\n<meta property=\"og:site_name\" content=\"Chambre Belge des Traducteurs et Interpr\u00e8tes | Belgische Kamer van Vertalers en Tolken\" \/>\n<meta property=\"article:published_time\" content=\"2026-03-30T08:16:01+00:00\" \/>\n<meta property=\"article:modified_time\" content=\"2026-03-30T08:20:55+00:00\" \/>\n<meta property=\"og:image\" content=\"https:\/\/www.cbti-bkvt.org\/wp-content\/uploads\/Carte-didentite-electronique-belge-et-securite-1-1024x683.png\" \/>\n\t<meta property=\"og:image:width\" content=\"1024\" \/>\n\t<meta property=\"og:image:height\" content=\"683\" \/>\n\t<meta property=\"og:image:type\" content=\"image\/png\" \/>\n<meta name=\"author\" content=\"C\u00e9line Maes\" \/>\n<meta name=\"twitter:card\" content=\"summary_large_image\" \/>\n<meta name=\"twitter:label1\" content=\"Written by\" \/>\n\t<meta name=\"twitter:data1\" content=\"C\u00e9line Maes\" \/>\n\t<meta name=\"twitter:label2\" content=\"Est. reading time\" \/>\n\t<meta name=\"twitter:data2\" content=\"2 minutes\" \/>\n<script type=\"application\/ld+json\" class=\"yoast-schema-graph\">{\"@context\":\"https:\\\/\\\/schema.org\",\"@graph\":[{\"@type\":\"Article\",\"@id\":\"https:\\\/\\\/www.cbti-bkvt.org\\\/en\\\/bvt-geldigheid-van-identiteitskaarten-voor-elektronische-handtekening-kaarten-uitgereikt-voor-4-juli-2016-moeten-worden-vervangen\\\/#article\",\"isPartOf\":{\"@id\":\"https:\\\/\\\/www.cbti-bkvt.org\\\/en\\\/bvt-geldigheid-van-identiteitskaarten-voor-elektronische-handtekening-kaarten-uitgereikt-voor-4-juli-2016-moeten-worden-vervangen\\\/\"},\"author\":{\"name\":\"C\u00e9line Maes\",\"@id\":\"https:\\\/\\\/www.cbti-bkvt.org\\\/en\\\/#\\\/schema\\\/person\\\/618be4a1eba65d61684e3a8d473272d0\"},\"headline\":\"BVT: Geldigheid van identiteitskaarten voor elektronische handtekening &#8211; kaarten uitgereikt v\u00f3\u00f3r 4\u00a0juli\u00a02016 moeten worden vervangen\",\"datePublished\":\"2026-03-30T08:16:01+00:00\",\"dateModified\":\"2026-03-30T08:20:55+00:00\",\"mainEntityOfPage\":{\"@id\":\"https:\\\/\\\/www.cbti-bkvt.org\\\/en\\\/bvt-geldigheid-van-identiteitskaarten-voor-elektronische-handtekening-kaarten-uitgereikt-voor-4-juli-2016-moeten-worden-vervangen\\\/\"},\"wordCount\":297,\"image\":{\"@id\":\"https:\\\/\\\/www.cbti-bkvt.org\\\/en\\\/bvt-geldigheid-van-identiteitskaarten-voor-elektronische-handtekening-kaarten-uitgereikt-voor-4-juli-2016-moeten-worden-vervangen\\\/#primaryimage\"},\"thumbnailUrl\":\"https:\\\/\\\/www.cbti-bkvt.org\\\/wp-content\\\/uploads\\\/Carte-didentite-electronique-belge-et-securite-1.png\",\"articleSection\":[\"Sectoral committees\",\"Sworn Translators\\\/Interpreters\"],\"inLanguage\":\"en-US\"},{\"@type\":\"WebPage\",\"@id\":\"https:\\\/\\\/www.cbti-bkvt.org\\\/en\\\/bvt-geldigheid-van-identiteitskaarten-voor-elektronische-handtekening-kaarten-uitgereikt-voor-4-juli-2016-moeten-worden-vervangen\\\/\",\"url\":\"https:\\\/\\\/www.cbti-bkvt.org\\\/en\\\/bvt-geldigheid-van-identiteitskaarten-voor-elektronische-handtekening-kaarten-uitgereikt-voor-4-juli-2016-moeten-worden-vervangen\\\/\",\"name\":\"BVT: Geldigheid van identiteitskaarten voor elektronische handtekening - kaarten uitgereikt v\u00f3\u00f3r 4\u00a0juli\u00a02016 moeten worden vervangen - Chambre Belge des Traducteurs et Interpr\u00e8tes | Belgische Kamer van Vertalers en Tolken\",\"isPartOf\":{\"@id\":\"https:\\\/\\\/www.cbti-bkvt.org\\\/en\\\/#website\"},\"primaryImageOfPage\":{\"@id\":\"https:\\\/\\\/www.cbti-bkvt.org\\\/en\\\/bvt-geldigheid-van-identiteitskaarten-voor-elektronische-handtekening-kaarten-uitgereikt-voor-4-juli-2016-moeten-worden-vervangen\\\/#primaryimage\"},\"image\":{\"@id\":\"https:\\\/\\\/www.cbti-bkvt.org\\\/en\\\/bvt-geldigheid-van-identiteitskaarten-voor-elektronische-handtekening-kaarten-uitgereikt-voor-4-juli-2016-moeten-worden-vervangen\\\/#primaryimage\"},\"thumbnailUrl\":\"https:\\\/\\\/www.cbti-bkvt.org\\\/wp-content\\\/uploads\\\/Carte-didentite-electronique-belge-et-securite-1.png\",\"datePublished\":\"2026-03-30T08:16:01+00:00\",\"dateModified\":\"2026-03-30T08:20:55+00:00\",\"author\":{\"@id\":\"https:\\\/\\\/www.cbti-bkvt.org\\\/en\\\/#\\\/schema\\\/person\\\/618be4a1eba65d61684e3a8d473272d0\"},\"breadcrumb\":{\"@id\":\"https:\\\/\\\/www.cbti-bkvt.org\\\/en\\\/bvt-geldigheid-van-identiteitskaarten-voor-elektronische-handtekening-kaarten-uitgereikt-voor-4-juli-2016-moeten-worden-vervangen\\\/#breadcrumb\"},\"inLanguage\":\"en-US\",\"potentialAction\":[{\"@type\":\"ReadAction\",\"target\":[\"https:\\\/\\\/www.cbti-bkvt.org\\\/en\\\/bvt-geldigheid-van-identiteitskaarten-voor-elektronische-handtekening-kaarten-uitgereikt-voor-4-juli-2016-moeten-worden-vervangen\\\/\"]}]},{\"@type\":\"ImageObject\",\"inLanguage\":\"en-US\",\"@id\":\"https:\\\/\\\/www.cbti-bkvt.org\\\/en\\\/bvt-geldigheid-van-identiteitskaarten-voor-elektronische-handtekening-kaarten-uitgereikt-voor-4-juli-2016-moeten-worden-vervangen\\\/#primaryimage\",\"url\":\"https:\\\/\\\/www.cbti-bkvt.org\\\/wp-content\\\/uploads\\\/Carte-didentite-electronique-belge-et-securite-1.png\",\"contentUrl\":\"https:\\\/\\\/www.cbti-bkvt.org\\\/wp-content\\\/uploads\\\/Carte-didentite-electronique-belge-et-securite-1.png\",\"width\":1536,\"height\":1024},{\"@type\":\"BreadcrumbList\",\"@id\":\"https:\\\/\\\/www.cbti-bkvt.org\\\/en\\\/bvt-geldigheid-van-identiteitskaarten-voor-elektronische-handtekening-kaarten-uitgereikt-voor-4-juli-2016-moeten-worden-vervangen\\\/#breadcrumb\",\"itemListElement\":[{\"@type\":\"ListItem\",\"position\":1,\"name\":\"Home\",\"item\":\"https:\\\/\\\/www.cbti-bkvt.org\\\/en\\\/\"},{\"@type\":\"ListItem\",\"position\":2,\"name\":\"BVT: Geldigheid van identiteitskaarten voor elektronische handtekening &#8211; kaarten uitgereikt v\u00f3\u00f3r 4\u00a0juli\u00a02016 moeten worden vervangen\"}]},{\"@type\":\"WebSite\",\"@id\":\"https:\\\/\\\/www.cbti-bkvt.org\\\/en\\\/#website\",\"url\":\"https:\\\/\\\/www.cbti-bkvt.org\\\/en\\\/\",\"name\":\"Chambre Belge des Traducteurs et Interpr\u00e8tes | Belgische Kamer van Vertalers en Tolken\",\"description\":\"M\u00e9tiers de la traduction \u00e9crite, l\u2019interpr\u00e9tation de conf\u00e9rence, la traduction et l\u2019interpr\u00e9tation en milieu judiciaire.\",\"potentialAction\":[{\"@type\":\"SearchAction\",\"target\":{\"@type\":\"EntryPoint\",\"urlTemplate\":\"https:\\\/\\\/www.cbti-bkvt.org\\\/en\\\/?s={search_term_string}\"},\"query-input\":{\"@type\":\"PropertyValueSpecification\",\"valueRequired\":true,\"valueName\":\"search_term_string\"}}],\"inLanguage\":\"en-US\"},{\"@type\":\"Person\",\"@id\":\"https:\\\/\\\/www.cbti-bkvt.org\\\/en\\\/#\\\/schema\\\/person\\\/618be4a1eba65d61684e3a8d473272d0\",\"name\":\"C\u00e9line Maes\",\"image\":{\"@type\":\"ImageObject\",\"inLanguage\":\"en-US\",\"@id\":\"https:\\\/\\\/secure.gravatar.com\\\/avatar\\\/6dab3ef828603e99aa932e67eee22b03c8af9eedd530af71e0d723f323241dad?s=96&d=mm&r=g\",\"url\":\"https:\\\/\\\/secure.gravatar.com\\\/avatar\\\/6dab3ef828603e99aa932e67eee22b03c8af9eedd530af71e0d723f323241dad?s=96&d=mm&r=g\",\"contentUrl\":\"https:\\\/\\\/secure.gravatar.com\\\/avatar\\\/6dab3ef828603e99aa932e67eee22b03c8af9eedd530af71e0d723f323241dad?s=96&d=mm&r=g\",\"caption\":\"C\u00e9line Maes\"},\"url\":\"https:\\\/\\\/www.cbti-bkvt.org\\\/en\\\/author\\\/celine-maes\\\/\"}]}<\/script>\n<!-- \/ Yoast SEO plugin. -->","yoast_head_json":{"title":"Chambre Belge des Traducteurs et Interpr\u00e8tes | Belgische Kamer van Vertalers en Tolken","robots":{"index":"index","follow":"follow","max-snippet":"max-snippet:-1","max-image-preview":"max-image-preview:large","max-video-preview":"max-video-preview:-1"},"canonical":"https:\/\/www.cbti-bkvt.org\/en\/bvt-geldigheid-van-identiteitskaarten-voor-elektronische-handtekening-kaarten-uitgereikt-voor-4-juli-2016-moeten-worden-vervangen\/","og_locale":"en_US","og_type":"article","og_title":"BVT: Geldigheid van identiteitskaarten voor elektronische handtekening - kaarten uitgereikt v\u00f3\u00f3r 4\u00a0juli\u00a02016 moeten worden vervangen - Chambre Belge des Traducteurs et Interpr\u00e8tes | Belgische Kamer van Vertalers en Tolken","og_description":"Als antwoord op een dringende vraag van LinguaJuris, de commissie van be\u00ebdigd vertalers en tolken van de BKVT, zegt het kabinet van minister Quintin er zich volledig bewust van te zijn dat de elektronische handtekening met de eID een essentieel hulpmiddel is voor de uitoefening van het beroep van be\u00ebdigd vertaler. De handtekeningcertificaten op de&hellip;&nbsp;Read More &raquo;BVT: Geldigheid van identiteitskaarten voor elektronische handtekening &#8211; kaarten uitgereikt v\u00f3\u00f3r 4\u00a0juli\u00a02016 moeten worden vervangen","og_url":"https:\/\/www.cbti-bkvt.org\/en\/bvt-geldigheid-van-identiteitskaarten-voor-elektronische-handtekening-kaarten-uitgereikt-voor-4-juli-2016-moeten-worden-vervangen\/","og_site_name":"Chambre Belge des Traducteurs et Interpr\u00e8tes | Belgische Kamer van Vertalers en Tolken","article_published_time":"2026-03-30T08:16:01+00:00","article_modified_time":"2026-03-30T08:20:55+00:00","og_image":[{"width":1024,"height":683,"url":"https:\/\/www.cbti-bkvt.org\/wp-content\/uploads\/Carte-didentite-electronique-belge-et-securite-1-1024x683.png","type":"image\/png"}],"author":"C\u00e9line Maes","twitter_card":"summary_large_image","twitter_misc":{"Written by":"C\u00e9line Maes","Est. reading time":"2 minutes"},"schema":{"@context":"https:\/\/schema.org","@graph":[{"@type":"Article","@id":"https:\/\/www.cbti-bkvt.org\/en\/bvt-geldigheid-van-identiteitskaarten-voor-elektronische-handtekening-kaarten-uitgereikt-voor-4-juli-2016-moeten-worden-vervangen\/#article","isPartOf":{"@id":"https:\/\/www.cbti-bkvt.org\/en\/bvt-geldigheid-van-identiteitskaarten-voor-elektronische-handtekening-kaarten-uitgereikt-voor-4-juli-2016-moeten-worden-vervangen\/"},"author":{"name":"C\u00e9line Maes","@id":"https:\/\/www.cbti-bkvt.org\/en\/#\/schema\/person\/618be4a1eba65d61684e3a8d473272d0"},"headline":"BVT: Geldigheid van identiteitskaarten voor elektronische handtekening &#8211; kaarten uitgereikt v\u00f3\u00f3r 4\u00a0juli\u00a02016 moeten worden vervangen","datePublished":"2026-03-30T08:16:01+00:00","dateModified":"2026-03-30T08:20:55+00:00","mainEntityOfPage":{"@id":"https:\/\/www.cbti-bkvt.org\/en\/bvt-geldigheid-van-identiteitskaarten-voor-elektronische-handtekening-kaarten-uitgereikt-voor-4-juli-2016-moeten-worden-vervangen\/"},"wordCount":297,"image":{"@id":"https:\/\/www.cbti-bkvt.org\/en\/bvt-geldigheid-van-identiteitskaarten-voor-elektronische-handtekening-kaarten-uitgereikt-voor-4-juli-2016-moeten-worden-vervangen\/#primaryimage"},"thumbnailUrl":"https:\/\/www.cbti-bkvt.org\/wp-content\/uploads\/Carte-didentite-electronique-belge-et-securite-1.png","articleSection":["Sectoral committees","Sworn Translators\/Interpreters"],"inLanguage":"en-US"},{"@type":"WebPage","@id":"https:\/\/www.cbti-bkvt.org\/en\/bvt-geldigheid-van-identiteitskaarten-voor-elektronische-handtekening-kaarten-uitgereikt-voor-4-juli-2016-moeten-worden-vervangen\/","url":"https:\/\/www.cbti-bkvt.org\/en\/bvt-geldigheid-van-identiteitskaarten-voor-elektronische-handtekening-kaarten-uitgereikt-voor-4-juli-2016-moeten-worden-vervangen\/","name":"BVT: Geldigheid van identiteitskaarten voor elektronische handtekening - kaarten uitgereikt v\u00f3\u00f3r 4\u00a0juli\u00a02016 moeten worden vervangen - Chambre Belge des Traducteurs et Interpr\u00e8tes | Belgische Kamer van Vertalers en Tolken","isPartOf":{"@id":"https:\/\/www.cbti-bkvt.org\/en\/#website"},"primaryImageOfPage":{"@id":"https:\/\/www.cbti-bkvt.org\/en\/bvt-geldigheid-van-identiteitskaarten-voor-elektronische-handtekening-kaarten-uitgereikt-voor-4-juli-2016-moeten-worden-vervangen\/#primaryimage"},"image":{"@id":"https:\/\/www.cbti-bkvt.org\/en\/bvt-geldigheid-van-identiteitskaarten-voor-elektronische-handtekening-kaarten-uitgereikt-voor-4-juli-2016-moeten-worden-vervangen\/#primaryimage"},"thumbnailUrl":"https:\/\/www.cbti-bkvt.org\/wp-content\/uploads\/Carte-didentite-electronique-belge-et-securite-1.png","datePublished":"2026-03-30T08:16:01+00:00","dateModified":"2026-03-30T08:20:55+00:00","author":{"@id":"https:\/\/www.cbti-bkvt.org\/en\/#\/schema\/person\/618be4a1eba65d61684e3a8d473272d0"},"breadcrumb":{"@id":"https:\/\/www.cbti-bkvt.org\/en\/bvt-geldigheid-van-identiteitskaarten-voor-elektronische-handtekening-kaarten-uitgereikt-voor-4-juli-2016-moeten-worden-vervangen\/#breadcrumb"},"inLanguage":"en-US","potentialAction":[{"@type":"ReadAction","target":["https:\/\/www.cbti-bkvt.org\/en\/bvt-geldigheid-van-identiteitskaarten-voor-elektronische-handtekening-kaarten-uitgereikt-voor-4-juli-2016-moeten-worden-vervangen\/"]}]},{"@type":"ImageObject","inLanguage":"en-US","@id":"https:\/\/www.cbti-bkvt.org\/en\/bvt-geldigheid-van-identiteitskaarten-voor-elektronische-handtekening-kaarten-uitgereikt-voor-4-juli-2016-moeten-worden-vervangen\/#primaryimage","url":"https:\/\/www.cbti-bkvt.org\/wp-content\/uploads\/Carte-didentite-electronique-belge-et-securite-1.png","contentUrl":"https:\/\/www.cbti-bkvt.org\/wp-content\/uploads\/Carte-didentite-electronique-belge-et-securite-1.png","width":1536,"height":1024},{"@type":"BreadcrumbList","@id":"https:\/\/www.cbti-bkvt.org\/en\/bvt-geldigheid-van-identiteitskaarten-voor-elektronische-handtekening-kaarten-uitgereikt-voor-4-juli-2016-moeten-worden-vervangen\/#breadcrumb","itemListElement":[{"@type":"ListItem","position":1,"name":"Home","item":"https:\/\/www.cbti-bkvt.org\/en\/"},{"@type":"ListItem","position":2,"name":"BVT: Geldigheid van identiteitskaarten voor elektronische handtekening &#8211; kaarten uitgereikt v\u00f3\u00f3r 4\u00a0juli\u00a02016 moeten worden vervangen"}]},{"@type":"WebSite","@id":"https:\/\/www.cbti-bkvt.org\/en\/#website","url":"https:\/\/www.cbti-bkvt.org\/en\/","name":"Chambre Belge des Traducteurs et Interpr\u00e8tes | Belgische Kamer van Vertalers en Tolken","description":"M\u00e9tiers de la traduction \u00e9crite, l\u2019interpr\u00e9tation de conf\u00e9rence, la traduction et l\u2019interpr\u00e9tation en milieu judiciaire.","potentialAction":[{"@type":"SearchAction","target":{"@type":"EntryPoint","urlTemplate":"https:\/\/www.cbti-bkvt.org\/en\/?s={search_term_string}"},"query-input":{"@type":"PropertyValueSpecification","valueRequired":true,"valueName":"search_term_string"}}],"inLanguage":"en-US"},{"@type":"Person","@id":"https:\/\/www.cbti-bkvt.org\/en\/#\/schema\/person\/618be4a1eba65d61684e3a8d473272d0","name":"C\u00e9line Maes","image":{"@type":"ImageObject","inLanguage":"en-US","@id":"https:\/\/secure.gravatar.com\/avatar\/6dab3ef828603e99aa932e67eee22b03c8af9eedd530af71e0d723f323241dad?s=96&d=mm&r=g","url":"https:\/\/secure.gravatar.com\/avatar\/6dab3ef828603e99aa932e67eee22b03c8af9eedd530af71e0d723f323241dad?s=96&d=mm&r=g","contentUrl":"https:\/\/secure.gravatar.com\/avatar\/6dab3ef828603e99aa932e67eee22b03c8af9eedd530af71e0d723f323241dad?s=96&d=mm&r=g","caption":"C\u00e9line Maes"},"url":"https:\/\/www.cbti-bkvt.org\/en\/author\/celine-maes\/"}]}},"_links":{"self":[{"href":"https:\/\/www.cbti-bkvt.org\/en\/wp-json\/wp\/v2\/posts\/35256","targetHints":{"allow":["GET"]}}],"collection":[{"href":"https:\/\/www.cbti-bkvt.org\/en\/wp-json\/wp\/v2\/posts"}],"about":[{"href":"https:\/\/www.cbti-bkvt.org\/en\/wp-json\/wp\/v2\/types\/post"}],"author":[{"embeddable":true,"href":"https:\/\/www.cbti-bkvt.org\/en\/wp-json\/wp\/v2\/users\/265"}],"replies":[{"embeddable":true,"href":"https:\/\/www.cbti-bkvt.org\/en\/wp-json\/wp\/v2\/comments?post=35256"}],"version-history":[{"count":1,"href":"https:\/\/www.cbti-bkvt.org\/en\/wp-json\/wp\/v2\/posts\/35256\/revisions"}],"predecessor-version":[{"id":35261,"href":"https:\/\/www.cbti-bkvt.org\/en\/wp-json\/wp\/v2\/posts\/35256\/revisions\/35261"}],"wp:featuredmedia":[{"embeddable":true,"href":"https:\/\/www.cbti-bkvt.org\/en\/wp-json\/wp\/v2\/media\/35258"}],"wp:attachment":[{"href":"https:\/\/www.cbti-bkvt.org\/en\/wp-json\/wp\/v2\/media?parent=35256"}],"wp:term":[{"taxonomy":"category","embeddable":true,"href":"https:\/\/www.cbti-bkvt.org\/en\/wp-json\/wp\/v2\/categories?post=35256"},{"taxonomy":"post_tag","embeddable":true,"href":"https:\/\/www.cbti-bkvt.org\/en\/wp-json\/wp\/v2\/tags?post=35256"}],"curies":[{"name":"wp","href":"https:\/\/api.w.org\/{rel}","templated":true}]}}