{"id":31261,"date":"2024-12-20T20:50:00","date_gmt":"2024-12-20T20:50:00","guid":{"rendered":"https:\/\/www.cbti-bkvt.org\/gouvernement-en-affaires-courantes-pas-daugmentation-du-budget-si-mais-pas-pour-la-justice\/"},"modified":"2024-12-31T07:58:43","modified_gmt":"2024-12-31T07:58:43","slug":"regering-in-lopende-zaken-geen-extra-budget-toch-wel-maar-niet-voor-justitiee","status":"publish","type":"post","link":"https:\/\/www.cbti-bkvt.org\/nl\/regering-in-lopende-zaken-geen-extra-budget-toch-wel-maar-niet-voor-justitiee\/","title":{"rendered":"Regering in lopende zaken: Geen extra budget? Toch wel, maar niet voor justitie"},"content":{"rendered":"\n<h2 class=\"wp-block-heading\"><strong>Persbericht LinguaJuris<\/strong><\/h2>\n\n\n\n<p><strong>Regering in lopende zaken: Geen extra budget? Toch wel, maar niet voor justitie<\/strong> \u2014 Parlementaire gesprekken over de voorlopige twaalfden bevestigen eens te meer de nood aan een realistisch budget voor Justitie en een correcte vergoeding van be\u00ebdigd vertalers en tolken, die een essentieel onderdeel van dit budget vormen.<\/p>\n\n\n\n<p>Brussel, 20&nbsp;december 2024 \u2014 Op donderdag 19 december 2024 debatteerde de Kamer van volksvertegenwoordigers over de begroting van 2025 en de voorlopige twaalfden. Naar aanleiding van deze gesprekken wijzen de <strong>Belgische Kamer van Vertalers en Tolken<\/strong> (BKVT) en haar commissie <strong>LinguaJuris<\/strong> erop dat de minister van justitie de onderfinanciering van zijn departement erkent. Alhoewel door de regering in lopende zaken wel degelijk extra budgetten worden vrijgemaakt voor andere beleidsdomeinen zoals defensie, verklaart de minister van justitie dat hij gebonden is aan het keurslijf van de voorlopige twaalfden.<\/p>\n\n\n\n<p>De BKVT hekelt de situatie waarbij er in de toegekende budgetten voor justitie geen rekening wordt gehouden met de werkelijke gerechtelijke kosten die noodzakelijk zijn voor de werking van het departement. Deze budgetten worden door de regering, dixit de minister, \u201cmeestal te laag\u201d ingeschat. <\/p>\n\n\n\n<p>De BKVT en haar commissie LinguaJuris herinneren eraan dat de politieke partijen dringend overeenstemming moeten vinden over extra middelen voor justitie. De BKVT heeft het daarbij niet over eenmalige of dringende maatregelen, maar wel over structurele en duurzame maatregelen. Daarnaast wijst ze erop dat de arbeidsomstandigheden en vergoedingen voor be\u00ebdigd vertalers en tolken moeten overeenkomen met de uitdagingen, zoals beschreven in het memorandum dat werd opgesteld door de verenigingen voor be\u00ebdigd vertalers en tolken. Dit memorandum werd bij de federale verkiezingen van juni gepubliceerd en overhandigd aan alle Belgische politieke partijen.<\/p>\n\n\n\n<blockquote class=\"wp-block-quote is-layout-flow wp-block-quote-is-layout-flow\">\n<p>De Belgische Kamer van Vertalers en Tolken, die in 1955 werd opgericht, is een koninklijke vereniging zonder winstoogmerk. De BKVT is de voornaamste beroepsvereniging die de belangen van alle vertaal- en tolkberoepen behartigt en hen vertegenwoordigt bij de Hoge Raad voor de Zelfstandigen en de KMO. De BKVT heeft tot doel natuurlijke personen die een beroep uitoefenen dat rechtstreeks verband houdt met vertaal- of tolkwerk, te groeperen, hun wederzijdse belangen te verdedigen, de professionele kennis te vervolmaken door middel van permanente vorming, het prestige te verhogen van de beroepen die onder de statuten vallen en de collectieve beroepsbelangen van de leden te verdedigen.<\/p>\n\n\n\n<p>Meer informatie op: <a href=\"https:\/\/www.cbti-bkvt.org\">https:\/\/www.cbti-bkvt.org<\/a>. <br>De BKVT is lid van de F\u00e9d\u00e9ration internationale des traducteurs (FIT)<\/p>\n<\/blockquote>\n\n\n\n<blockquote class=\"wp-block-quote is-layout-flow wp-block-quote-is-layout-flow\">\n<blockquote class=\"wp-block-quote is-layout-flow wp-block-quote-is-layout-flow\">\n<p><\/p>\n<\/blockquote>\n<\/blockquote>\n\n\n\n<p><a href=\"https:\/\/www.cbti-bkvt.org\/wp-content\/uploads\/CBTI-BKVT-LinguaJuris-CP-Reaction-questions-parlementaires-12e-prov-budget-Justice_nl.pdf\">Download het persbericht<\/a><\/p>\n\n\n\n<p><\/p>\n\n\n\n<p><\/p>\n","protected":false},"excerpt":{"rendered":"<p>Persbericht LinguaJuris Regering in lopende zaken: Geen extra budget? Toch wel, maar niet voor justitie \u2014 Parlementaire gesprekken over de voorlopige twaalfden bevestigen eens te meer de nood aan een realistisch budget voor Justitie en een correcte vergoeding van be\u00ebdigd vertalers en tolken, die een essentieel onderdeel van dit budget vormen. Brussel, 20&nbsp;december 2024 \u2014&hellip;&nbsp;<a href=\"https:\/\/www.cbti-bkvt.org\/nl\/regering-in-lopende-zaken-geen-extra-budget-toch-wel-maar-niet-voor-justitiee\/\" rel=\"bookmark\">Read More &raquo;<span class=\"screen-reader-text\">Regering in lopende zaken: Geen extra budget? Toch wel, maar niet voor justitie<\/span><\/a><\/p>\n","protected":false},"author":265,"featured_media":31222,"comment_status":"closed","ping_status":"closed","sticky":false,"template":"","format":"standard","meta":{"_acf_changed":false,"pmpro_default_level":"","neve_meta_sidebar":"","neve_meta_container":"","neve_meta_enable_content_width":"","neve_meta_content_width":0,"neve_meta_title_alignment":"","neve_meta_author_avatar":"","neve_post_elements_order":"","neve_meta_disable_header":"","neve_meta_disable_footer":"","neve_meta_disable_title":"","neve_meta_reading_time":"","footnotes":"","_links_to":"","_links_to_target":""},"categories":[373,359,364],"tags":[],"class_list":["post-31261","post","type-post","status-publish","format-standard","has-post-thumbnail","hentry","category-beedigd-vertalers-tolken","category-persberichten","category-sectorcommissies","pmpro-has-access"],"acf":[],"yoast_head":"<!-- This site is optimized with the Yoast SEO plugin v27.4 - https:\/\/yoast.com\/product\/yoast-seo-wordpress\/ -->\n<title>Chambre Belge des Traducteurs et Interpr\u00e8tes | Belgische Kamer van Vertalers en Tolken<\/title>\n<meta name=\"description\" content=\"Persbericht van de BKVT-CBTI: Regering in lopende zaken: Geen extra budget? Toch wel, maar niet voor justitie\" \/>\n<meta name=\"robots\" content=\"index, follow, max-snippet:-1, max-image-preview:large, max-video-preview:-1\" \/>\n<link rel=\"canonical\" href=\"https:\/\/www.cbti-bkvt.org\/nl\/regering-in-lopende-zaken-geen-extra-budget-toch-wel-maar-niet-voor-justitiee\/\" \/>\n<meta property=\"og:locale\" content=\"nl_NL\" \/>\n<meta property=\"og:type\" content=\"article\" \/>\n<meta property=\"og:title\" content=\"Regering in lopende zaken: Geen extra budget? Toch wel, maar niet voor justitie - Chambre Belge des Traducteurs et Interpr\u00e8tes | Belgische Kamer van Vertalers en Tolken\" \/>\n<meta property=\"og:description\" content=\"Persbericht van de BKVT-CBTI: Regering in lopende zaken: Geen extra budget? Toch wel, maar niet voor justitie\" \/>\n<meta property=\"og:url\" content=\"https:\/\/www.cbti-bkvt.org\/nl\/regering-in-lopende-zaken-geen-extra-budget-toch-wel-maar-niet-voor-justitiee\/\" \/>\n<meta property=\"og:site_name\" content=\"Chambre Belge des Traducteurs et Interpr\u00e8tes | Belgische Kamer van Vertalers en Tolken\" \/>\n<meta property=\"article:published_time\" content=\"2024-12-20T20:50:00+00:00\" \/>\n<meta property=\"article:modified_time\" content=\"2024-12-31T07:58:43+00:00\" \/>\n<meta property=\"og:image\" content=\"https:\/\/www.cbti-bkvt.org\/wp-content\/uploads\/jakub-zerdzicki-8wLZi9OhsWU-unsplash.jpg\" \/>\n\t<meta property=\"og:image:width\" content=\"3148\" \/>\n\t<meta property=\"og:image:height\" content=\"2100\" \/>\n\t<meta property=\"og:image:type\" content=\"image\/jpeg\" \/>\n<meta name=\"author\" content=\"C\u00e9line Maes\" \/>\n<meta name=\"twitter:card\" content=\"summary_large_image\" \/>\n<meta name=\"twitter:label1\" content=\"Written by\" \/>\n\t<meta name=\"twitter:data1\" content=\"C\u00e9line Maes\" \/>\n\t<meta name=\"twitter:label2\" content=\"Est. reading time\" \/>\n\t<meta name=\"twitter:data2\" content=\"2 minutes\" \/>\n<script type=\"application\/ld+json\" class=\"yoast-schema-graph\">{\"@context\":\"https:\\\/\\\/schema.org\",\"@graph\":[{\"@type\":\"Article\",\"@id\":\"https:\\\/\\\/www.cbti-bkvt.org\\\/nl\\\/regering-in-lopende-zaken-geen-extra-budget-toch-wel-maar-niet-voor-justitiee\\\/#article\",\"isPartOf\":{\"@id\":\"https:\\\/\\\/www.cbti-bkvt.org\\\/nl\\\/regering-in-lopende-zaken-geen-extra-budget-toch-wel-maar-niet-voor-justitiee\\\/\"},\"author\":{\"name\":\"C\u00e9line Maes\",\"@id\":\"https:\\\/\\\/www.cbti-bkvt.org\\\/nl\\\/#\\\/schema\\\/person\\\/618be4a1eba65d61684e3a8d473272d0\"},\"headline\":\"Regering in lopende zaken: Geen extra budget? Toch wel, maar niet voor justitie\",\"datePublished\":\"2024-12-20T20:50:00+00:00\",\"dateModified\":\"2024-12-31T07:58:43+00:00\",\"mainEntityOfPage\":{\"@id\":\"https:\\\/\\\/www.cbti-bkvt.org\\\/nl\\\/regering-in-lopende-zaken-geen-extra-budget-toch-wel-maar-niet-voor-justitiee\\\/\"},\"wordCount\":409,\"image\":{\"@id\":\"https:\\\/\\\/www.cbti-bkvt.org\\\/nl\\\/regering-in-lopende-zaken-geen-extra-budget-toch-wel-maar-niet-voor-justitiee\\\/#primaryimage\"},\"thumbnailUrl\":\"https:\\\/\\\/www.cbti-bkvt.org\\\/wp-content\\\/uploads\\\/jakub-zerdzicki-8wLZi9OhsWU-unsplash.jpg\",\"articleSection\":[\"Be\u00ebdigd vertalers\\\/tolken\",\"Persberichten\",\"Sectorcommissies\"],\"inLanguage\":\"nl-NL\"},{\"@type\":\"WebPage\",\"@id\":\"https:\\\/\\\/www.cbti-bkvt.org\\\/nl\\\/regering-in-lopende-zaken-geen-extra-budget-toch-wel-maar-niet-voor-justitiee\\\/\",\"url\":\"https:\\\/\\\/www.cbti-bkvt.org\\\/nl\\\/regering-in-lopende-zaken-geen-extra-budget-toch-wel-maar-niet-voor-justitiee\\\/\",\"name\":\"Regering in lopende zaken: Geen extra budget? Toch wel, maar niet voor justitie - Chambre Belge des Traducteurs et Interpr\u00e8tes | Belgische Kamer van Vertalers en Tolken\",\"isPartOf\":{\"@id\":\"https:\\\/\\\/www.cbti-bkvt.org\\\/nl\\\/#website\"},\"primaryImageOfPage\":{\"@id\":\"https:\\\/\\\/www.cbti-bkvt.org\\\/nl\\\/regering-in-lopende-zaken-geen-extra-budget-toch-wel-maar-niet-voor-justitiee\\\/#primaryimage\"},\"image\":{\"@id\":\"https:\\\/\\\/www.cbti-bkvt.org\\\/nl\\\/regering-in-lopende-zaken-geen-extra-budget-toch-wel-maar-niet-voor-justitiee\\\/#primaryimage\"},\"thumbnailUrl\":\"https:\\\/\\\/www.cbti-bkvt.org\\\/wp-content\\\/uploads\\\/jakub-zerdzicki-8wLZi9OhsWU-unsplash.jpg\",\"datePublished\":\"2024-12-20T20:50:00+00:00\",\"dateModified\":\"2024-12-31T07:58:43+00:00\",\"author\":{\"@id\":\"https:\\\/\\\/www.cbti-bkvt.org\\\/nl\\\/#\\\/schema\\\/person\\\/618be4a1eba65d61684e3a8d473272d0\"},\"description\":\"Persbericht van de BKVT-CBTI: Regering in lopende zaken: Geen extra budget? Toch wel, maar niet voor justitie\",\"breadcrumb\":{\"@id\":\"https:\\\/\\\/www.cbti-bkvt.org\\\/nl\\\/regering-in-lopende-zaken-geen-extra-budget-toch-wel-maar-niet-voor-justitiee\\\/#breadcrumb\"},\"inLanguage\":\"nl-NL\",\"potentialAction\":[{\"@type\":\"ReadAction\",\"target\":[\"https:\\\/\\\/www.cbti-bkvt.org\\\/nl\\\/regering-in-lopende-zaken-geen-extra-budget-toch-wel-maar-niet-voor-justitiee\\\/\"]}]},{\"@type\":\"ImageObject\",\"inLanguage\":\"nl-NL\",\"@id\":\"https:\\\/\\\/www.cbti-bkvt.org\\\/nl\\\/regering-in-lopende-zaken-geen-extra-budget-toch-wel-maar-niet-voor-justitiee\\\/#primaryimage\",\"url\":\"https:\\\/\\\/www.cbti-bkvt.org\\\/wp-content\\\/uploads\\\/jakub-zerdzicki-8wLZi9OhsWU-unsplash.jpg\",\"contentUrl\":\"https:\\\/\\\/www.cbti-bkvt.org\\\/wp-content\\\/uploads\\\/jakub-zerdzicki-8wLZi9OhsWU-unsplash.jpg\",\"width\":3148,\"height\":2100},{\"@type\":\"BreadcrumbList\",\"@id\":\"https:\\\/\\\/www.cbti-bkvt.org\\\/nl\\\/regering-in-lopende-zaken-geen-extra-budget-toch-wel-maar-niet-voor-justitiee\\\/#breadcrumb\",\"itemListElement\":[{\"@type\":\"ListItem\",\"position\":1,\"name\":\"Home\",\"item\":\"https:\\\/\\\/www.cbti-bkvt.org\\\/nl\\\/\"},{\"@type\":\"ListItem\",\"position\":2,\"name\":\"Regering in lopende zaken: Geen extra budget? Toch wel, maar niet voor justitie\"}]},{\"@type\":\"WebSite\",\"@id\":\"https:\\\/\\\/www.cbti-bkvt.org\\\/nl\\\/#website\",\"url\":\"https:\\\/\\\/www.cbti-bkvt.org\\\/nl\\\/\",\"name\":\"Chambre Belge des Traducteurs et Interpr\u00e8tes | Belgische Kamer van Vertalers en Tolken\",\"description\":\"M\u00e9tiers de la traduction \u00e9crite, l\u2019interpr\u00e9tation de conf\u00e9rence, la traduction et l\u2019interpr\u00e9tation en milieu judiciaire.\",\"potentialAction\":[{\"@type\":\"SearchAction\",\"target\":{\"@type\":\"EntryPoint\",\"urlTemplate\":\"https:\\\/\\\/www.cbti-bkvt.org\\\/nl\\\/?s={search_term_string}\"},\"query-input\":{\"@type\":\"PropertyValueSpecification\",\"valueRequired\":true,\"valueName\":\"search_term_string\"}}],\"inLanguage\":\"nl-NL\"},{\"@type\":\"Person\",\"@id\":\"https:\\\/\\\/www.cbti-bkvt.org\\\/nl\\\/#\\\/schema\\\/person\\\/618be4a1eba65d61684e3a8d473272d0\",\"name\":\"C\u00e9line Maes\",\"image\":{\"@type\":\"ImageObject\",\"inLanguage\":\"nl-NL\",\"@id\":\"https:\\\/\\\/secure.gravatar.com\\\/avatar\\\/6dab3ef828603e99aa932e67eee22b03c8af9eedd530af71e0d723f323241dad?s=96&d=mm&r=g\",\"url\":\"https:\\\/\\\/secure.gravatar.com\\\/avatar\\\/6dab3ef828603e99aa932e67eee22b03c8af9eedd530af71e0d723f323241dad?s=96&d=mm&r=g\",\"contentUrl\":\"https:\\\/\\\/secure.gravatar.com\\\/avatar\\\/6dab3ef828603e99aa932e67eee22b03c8af9eedd530af71e0d723f323241dad?s=96&d=mm&r=g\",\"caption\":\"C\u00e9line Maes\"},\"url\":\"https:\\\/\\\/www.cbti-bkvt.org\\\/nl\\\/author\\\/celine-maes\\\/\"}]}<\/script>\n<!-- \/ Yoast SEO plugin. -->","yoast_head_json":{"title":"Chambre Belge des Traducteurs et Interpr\u00e8tes | Belgische Kamer van Vertalers en Tolken","description":"Persbericht van de BKVT-CBTI: Regering in lopende zaken: Geen extra budget? Toch wel, maar niet voor justitie","robots":{"index":"index","follow":"follow","max-snippet":"max-snippet:-1","max-image-preview":"max-image-preview:large","max-video-preview":"max-video-preview:-1"},"canonical":"https:\/\/www.cbti-bkvt.org\/nl\/regering-in-lopende-zaken-geen-extra-budget-toch-wel-maar-niet-voor-justitiee\/","og_locale":"nl_NL","og_type":"article","og_title":"Regering in lopende zaken: Geen extra budget? Toch wel, maar niet voor justitie - Chambre Belge des Traducteurs et Interpr\u00e8tes | Belgische Kamer van Vertalers en Tolken","og_description":"Persbericht van de BKVT-CBTI: Regering in lopende zaken: Geen extra budget? Toch wel, maar niet voor justitie","og_url":"https:\/\/www.cbti-bkvt.org\/nl\/regering-in-lopende-zaken-geen-extra-budget-toch-wel-maar-niet-voor-justitiee\/","og_site_name":"Chambre Belge des Traducteurs et Interpr\u00e8tes | Belgische Kamer van Vertalers en Tolken","article_published_time":"2024-12-20T20:50:00+00:00","article_modified_time":"2024-12-31T07:58:43+00:00","og_image":[{"width":3148,"height":2100,"url":"https:\/\/www.cbti-bkvt.org\/wp-content\/uploads\/jakub-zerdzicki-8wLZi9OhsWU-unsplash.jpg","type":"image\/jpeg"}],"author":"C\u00e9line Maes","twitter_card":"summary_large_image","twitter_misc":{"Written by":"C\u00e9line Maes","Est. reading time":"2 minutes"},"schema":{"@context":"https:\/\/schema.org","@graph":[{"@type":"Article","@id":"https:\/\/www.cbti-bkvt.org\/nl\/regering-in-lopende-zaken-geen-extra-budget-toch-wel-maar-niet-voor-justitiee\/#article","isPartOf":{"@id":"https:\/\/www.cbti-bkvt.org\/nl\/regering-in-lopende-zaken-geen-extra-budget-toch-wel-maar-niet-voor-justitiee\/"},"author":{"name":"C\u00e9line Maes","@id":"https:\/\/www.cbti-bkvt.org\/nl\/#\/schema\/person\/618be4a1eba65d61684e3a8d473272d0"},"headline":"Regering in lopende zaken: Geen extra budget? Toch wel, maar niet voor justitie","datePublished":"2024-12-20T20:50:00+00:00","dateModified":"2024-12-31T07:58:43+00:00","mainEntityOfPage":{"@id":"https:\/\/www.cbti-bkvt.org\/nl\/regering-in-lopende-zaken-geen-extra-budget-toch-wel-maar-niet-voor-justitiee\/"},"wordCount":409,"image":{"@id":"https:\/\/www.cbti-bkvt.org\/nl\/regering-in-lopende-zaken-geen-extra-budget-toch-wel-maar-niet-voor-justitiee\/#primaryimage"},"thumbnailUrl":"https:\/\/www.cbti-bkvt.org\/wp-content\/uploads\/jakub-zerdzicki-8wLZi9OhsWU-unsplash.jpg","articleSection":["Be\u00ebdigd vertalers\/tolken","Persberichten","Sectorcommissies"],"inLanguage":"nl-NL"},{"@type":"WebPage","@id":"https:\/\/www.cbti-bkvt.org\/nl\/regering-in-lopende-zaken-geen-extra-budget-toch-wel-maar-niet-voor-justitiee\/","url":"https:\/\/www.cbti-bkvt.org\/nl\/regering-in-lopende-zaken-geen-extra-budget-toch-wel-maar-niet-voor-justitiee\/","name":"Regering in lopende zaken: Geen extra budget? Toch wel, maar niet voor justitie - Chambre Belge des Traducteurs et Interpr\u00e8tes | Belgische Kamer van Vertalers en Tolken","isPartOf":{"@id":"https:\/\/www.cbti-bkvt.org\/nl\/#website"},"primaryImageOfPage":{"@id":"https:\/\/www.cbti-bkvt.org\/nl\/regering-in-lopende-zaken-geen-extra-budget-toch-wel-maar-niet-voor-justitiee\/#primaryimage"},"image":{"@id":"https:\/\/www.cbti-bkvt.org\/nl\/regering-in-lopende-zaken-geen-extra-budget-toch-wel-maar-niet-voor-justitiee\/#primaryimage"},"thumbnailUrl":"https:\/\/www.cbti-bkvt.org\/wp-content\/uploads\/jakub-zerdzicki-8wLZi9OhsWU-unsplash.jpg","datePublished":"2024-12-20T20:50:00+00:00","dateModified":"2024-12-31T07:58:43+00:00","author":{"@id":"https:\/\/www.cbti-bkvt.org\/nl\/#\/schema\/person\/618be4a1eba65d61684e3a8d473272d0"},"description":"Persbericht van de BKVT-CBTI: Regering in lopende zaken: Geen extra budget? Toch wel, maar niet voor justitie","breadcrumb":{"@id":"https:\/\/www.cbti-bkvt.org\/nl\/regering-in-lopende-zaken-geen-extra-budget-toch-wel-maar-niet-voor-justitiee\/#breadcrumb"},"inLanguage":"nl-NL","potentialAction":[{"@type":"ReadAction","target":["https:\/\/www.cbti-bkvt.org\/nl\/regering-in-lopende-zaken-geen-extra-budget-toch-wel-maar-niet-voor-justitiee\/"]}]},{"@type":"ImageObject","inLanguage":"nl-NL","@id":"https:\/\/www.cbti-bkvt.org\/nl\/regering-in-lopende-zaken-geen-extra-budget-toch-wel-maar-niet-voor-justitiee\/#primaryimage","url":"https:\/\/www.cbti-bkvt.org\/wp-content\/uploads\/jakub-zerdzicki-8wLZi9OhsWU-unsplash.jpg","contentUrl":"https:\/\/www.cbti-bkvt.org\/wp-content\/uploads\/jakub-zerdzicki-8wLZi9OhsWU-unsplash.jpg","width":3148,"height":2100},{"@type":"BreadcrumbList","@id":"https:\/\/www.cbti-bkvt.org\/nl\/regering-in-lopende-zaken-geen-extra-budget-toch-wel-maar-niet-voor-justitiee\/#breadcrumb","itemListElement":[{"@type":"ListItem","position":1,"name":"Home","item":"https:\/\/www.cbti-bkvt.org\/nl\/"},{"@type":"ListItem","position":2,"name":"Regering in lopende zaken: Geen extra budget? Toch wel, maar niet voor justitie"}]},{"@type":"WebSite","@id":"https:\/\/www.cbti-bkvt.org\/nl\/#website","url":"https:\/\/www.cbti-bkvt.org\/nl\/","name":"Chambre Belge des Traducteurs et Interpr\u00e8tes | Belgische Kamer van Vertalers en Tolken","description":"M\u00e9tiers de la traduction \u00e9crite, l\u2019interpr\u00e9tation de conf\u00e9rence, la traduction et l\u2019interpr\u00e9tation en milieu judiciaire.","potentialAction":[{"@type":"SearchAction","target":{"@type":"EntryPoint","urlTemplate":"https:\/\/www.cbti-bkvt.org\/nl\/?s={search_term_string}"},"query-input":{"@type":"PropertyValueSpecification","valueRequired":true,"valueName":"search_term_string"}}],"inLanguage":"nl-NL"},{"@type":"Person","@id":"https:\/\/www.cbti-bkvt.org\/nl\/#\/schema\/person\/618be4a1eba65d61684e3a8d473272d0","name":"C\u00e9line Maes","image":{"@type":"ImageObject","inLanguage":"nl-NL","@id":"https:\/\/secure.gravatar.com\/avatar\/6dab3ef828603e99aa932e67eee22b03c8af9eedd530af71e0d723f323241dad?s=96&d=mm&r=g","url":"https:\/\/secure.gravatar.com\/avatar\/6dab3ef828603e99aa932e67eee22b03c8af9eedd530af71e0d723f323241dad?s=96&d=mm&r=g","contentUrl":"https:\/\/secure.gravatar.com\/avatar\/6dab3ef828603e99aa932e67eee22b03c8af9eedd530af71e0d723f323241dad?s=96&d=mm&r=g","caption":"C\u00e9line Maes"},"url":"https:\/\/www.cbti-bkvt.org\/nl\/author\/celine-maes\/"}]}},"_links":{"self":[{"href":"https:\/\/www.cbti-bkvt.org\/nl\/wp-json\/wp\/v2\/posts\/31261","targetHints":{"allow":["GET"]}}],"collection":[{"href":"https:\/\/www.cbti-bkvt.org\/nl\/wp-json\/wp\/v2\/posts"}],"about":[{"href":"https:\/\/www.cbti-bkvt.org\/nl\/wp-json\/wp\/v2\/types\/post"}],"author":[{"embeddable":true,"href":"https:\/\/www.cbti-bkvt.org\/nl\/wp-json\/wp\/v2\/users\/265"}],"replies":[{"embeddable":true,"href":"https:\/\/www.cbti-bkvt.org\/nl\/wp-json\/wp\/v2\/comments?post=31261"}],"version-history":[{"count":2,"href":"https:\/\/www.cbti-bkvt.org\/nl\/wp-json\/wp\/v2\/posts\/31261\/revisions"}],"predecessor-version":[{"id":31372,"href":"https:\/\/www.cbti-bkvt.org\/nl\/wp-json\/wp\/v2\/posts\/31261\/revisions\/31372"}],"wp:featuredmedia":[{"embeddable":true,"href":"https:\/\/www.cbti-bkvt.org\/nl\/wp-json\/wp\/v2\/media\/31222"}],"wp:attachment":[{"href":"https:\/\/www.cbti-bkvt.org\/nl\/wp-json\/wp\/v2\/media?parent=31261"}],"wp:term":[{"taxonomy":"category","embeddable":true,"href":"https:\/\/www.cbti-bkvt.org\/nl\/wp-json\/wp\/v2\/categories?post=31261"},{"taxonomy":"post_tag","embeddable":true,"href":"https:\/\/www.cbti-bkvt.org\/nl\/wp-json\/wp\/v2\/tags?post=31261"}],"curies":[{"name":"wp","href":"https:\/\/api.w.org\/{rel}","templated":true}]}}