{"id":31276,"date":"2024-12-21T10:57:54","date_gmt":"2024-12-21T10:57:54","guid":{"rendered":"https:\/\/www.cbti-bkvt.org\/avis-de-la-commission-sectorielle-linguajuris-sur-letablissement-dun-etat-de-frais-mensuel-pour-les-traducteurs-jures\/"},"modified":"2024-12-26T08:56:57","modified_gmt":"2024-12-26T08:56:57","slug":"avis-de-la-commission-sectorielle-linguajuris-sur-letablissement-dun-etat-de-frais-mensuel-pour-les-traducteurs-jures","status":"publish","type":"post","link":"https:\/\/www.cbti-bkvt.org\/nl\/avis-de-la-commission-sectorielle-linguajuris-sur-letablissement-dun-etat-de-frais-mensuel-pour-les-traducteurs-jures\/","title":{"rendered":"Advies van de sectorcommissie LinguaJuris over de maandelijkse kostenstaat voor de be\u00ebdigd vertalers"},"content":{"rendered":"\n<p>De kwestie van de <strong>maandelijkse facturatie van de prestaties van de be\u00ebdigd vertalers<\/strong> werd de laatste maanden al meermaals en vanuit verschillende hoeken aangekaart. Daarom nam de commissie LinguaJuris de stand van de wetgeving op 20 december 2024 onder de loep.<\/p>\n\n\n\n<p>Ook al voorziet artikel 6 van het koninklijk besluit van 22 december 2016 tot vaststelling van het tarief voor prestaties van vertalers en tolken in strafzaken op vordering van de gerechtelijke overheden in maandelijkse facturatie voor vertalers, en is dit koninklijk besluit nog steeds van kracht, toch moeten wij vaststellen dat de wet van 23 maart 2019 (\u201cbetreffende de gerechtskosten in strafzaken en gelijkgestelde kosten en tot invoeging van een artikel 648 in het Wetboek van strafvordering\u201d) de vaststelling van nieuwe regels beoogt betreffende de procedures voor de verwerking van de gerechtskosten en de kostenstaten. Artikel 6, lid 1 daarvan bepaalt het volgende: \u201cDe prestatieverlener stelt voor elke gevorderde prestatie een kostenstaat op. De tolk stelt een maandelijkse kostenstaat op die alle prestaties inzake strafzaken van die maand omvat.\u201d<\/p>\n\n\n\n<p>Er dient dus te worden vastgesteld dat deze wet, die recenter is dan het KB Tarieven van 2016 en voorrang heeft op het koninklijk besluit, de bepaling in artikel 6 van dat koninklijk besluit vervangt.<\/p>\n\n\n\n<p>Volgens de analyse van de BKVT is de formulering \u201cDe prestatieverlener stelt voor elke gevorderde prestatie een kostenstaat op\u201d expliciet: aangezien de be\u00ebdigd vertaler een dienstverlener is, moet hij voor elke prestatie een kostenstaat opstellen.<\/p>\n\n\n\n<p>Verder bepaalt het verslag aan de Koning in het koninklijk besluit van 15 december 2019 dat de praktische modaliteiten voor bovenvermelde wet vastlegt (\u201cKoninklijk besluit tot vaststelling van de organisatie van de arrondissementele bureaus gerechtskosten en de procedure volgens dewelke gerechtskosten in strafzaken en gelijkgestelde kosten worden toegekend, geverifieerd, betaald en teruggevorderd\u201d) nog dat de tolken de enigen zijn die \u201c\u00e9\u00e9n keer per maand een globale kostenstaat [kunnen] indienen.\u201d Het voorgaande lijkt ons voldoende om de kwestie te beslechten, temeer omdat in de praktijk met een factuur voor vertaalprestaties altijd documenten meegestuurd moeten worden die bewijzen dat de prestatie ook echt heeft plaatsgevonden en naar behoren werd uitgevoerd. Bovendien zou maandelijkse facturatie de verwerking van de overeenstemmende prestaties aanzienlijk bemoeilijken, zowel voor de be\u00ebdigd vertaler als voor de diensten van de FOD Justitie die de betalingsaanvragen behandelen.<\/p>\n","protected":false},"excerpt":{"rendered":"<p>De kwestie van de maandelijkse facturatie van de prestaties van de be\u00ebdigd vertalers werd de laatste maanden al meermaals en vanuit verschillende hoeken aangekaart. Daarom nam de commissie LinguaJuris de stand van de wetgeving op 20 december 2024 onder de loep. Ook al voorziet artikel 6 van het koninklijk besluit van 22 december 2016 tot&hellip;&nbsp;<a href=\"https:\/\/www.cbti-bkvt.org\/nl\/avis-de-la-commission-sectorielle-linguajuris-sur-letablissement-dun-etat-de-frais-mensuel-pour-les-traducteurs-jures\/\" rel=\"bookmark\">Read More &raquo;<span class=\"screen-reader-text\">Advies van de sectorcommissie LinguaJuris over de maandelijkse kostenstaat voor de be\u00ebdigd vertalers<\/span><\/a><\/p>\n","protected":false},"author":265,"featured_media":31272,"comment_status":"closed","ping_status":"closed","sticky":false,"template":"","format":"standard","meta":{"_acf_changed":false,"pmpro_default_level":"","neve_meta_sidebar":"","neve_meta_container":"","neve_meta_enable_content_width":"","neve_meta_content_width":0,"neve_meta_title_alignment":"","neve_meta_author_avatar":"","neve_post_elements_order":"","neve_meta_disable_header":"","neve_meta_disable_footer":"","neve_meta_disable_title":"","neve_meta_reading_time":"","footnotes":"","_links_to":"","_links_to_target":""},"categories":[373,364],"tags":[],"class_list":["post-31276","post","type-post","status-publish","format-standard","has-post-thumbnail","hentry","category-beedigd-vertalers-tolken","category-sectorcommissies","pmpro-has-access"],"acf":[],"yoast_head":"<!-- This site is optimized with the Yoast SEO plugin v27.4 - https:\/\/yoast.com\/product\/yoast-seo-wordpress\/ -->\n<title>Chambre Belge des Traducteurs et Interpr\u00e8tes | Belgische Kamer van Vertalers en Tolken<\/title>\n<meta name=\"robots\" content=\"index, follow, max-snippet:-1, max-image-preview:large, max-video-preview:-1\" \/>\n<link rel=\"canonical\" href=\"https:\/\/www.cbti-bkvt.org\/nl\/avis-de-la-commission-sectorielle-linguajuris-sur-letablissement-dun-etat-de-frais-mensuel-pour-les-traducteurs-jures\/\" \/>\n<meta property=\"og:locale\" content=\"nl_NL\" \/>\n<meta property=\"og:type\" content=\"article\" \/>\n<meta property=\"og:title\" content=\"Advies van de sectorcommissie LinguaJuris over de maandelijkse kostenstaat voor de be\u00ebdigd vertalers - Chambre Belge des Traducteurs et Interpr\u00e8tes | Belgische Kamer van Vertalers en Tolken\" \/>\n<meta property=\"og:description\" content=\"De kwestie van de maandelijkse facturatie van de prestaties van de be\u00ebdigd vertalers werd de laatste maanden al meermaals en vanuit verschillende hoeken aangekaart. Daarom nam de commissie LinguaJuris de stand van de wetgeving op 20 december 2024 onder de loep. Ook al voorziet artikel 6 van het koninklijk besluit van 22 december 2016 tot&hellip;&nbsp;Read More &raquo;Advies van de sectorcommissie LinguaJuris over de maandelijkse kostenstaat voor de be\u00ebdigd vertalers\" \/>\n<meta property=\"og:url\" content=\"https:\/\/www.cbti-bkvt.org\/nl\/avis-de-la-commission-sectorielle-linguajuris-sur-letablissement-dun-etat-de-frais-mensuel-pour-les-traducteurs-jures\/\" \/>\n<meta property=\"og:site_name\" content=\"Chambre Belge des Traducteurs et Interpr\u00e8tes | Belgische Kamer van Vertalers en Tolken\" \/>\n<meta property=\"article:published_time\" content=\"2024-12-21T10:57:54+00:00\" \/>\n<meta property=\"article:modified_time\" content=\"2024-12-26T08:56:57+00:00\" \/>\n<meta property=\"og:image\" content=\"https:\/\/www.cbti-bkvt.org\/wp-content\/uploads\/jakub-zerdzicki-HWlhXVlj-cU-unsplash.jpg\" \/>\n\t<meta property=\"og:image:width\" content=\"3000\" \/>\n\t<meta property=\"og:image:height\" content=\"2001\" \/>\n\t<meta property=\"og:image:type\" content=\"image\/jpeg\" \/>\n<meta name=\"author\" content=\"C\u00e9line Maes\" \/>\n<meta name=\"twitter:card\" content=\"summary_large_image\" \/>\n<meta name=\"twitter:label1\" content=\"Written by\" \/>\n\t<meta name=\"twitter:data1\" content=\"C\u00e9line Maes\" \/>\n\t<meta name=\"twitter:label2\" content=\"Est. reading time\" \/>\n\t<meta name=\"twitter:data2\" content=\"3 minutes\" \/>\n<script type=\"application\/ld+json\" class=\"yoast-schema-graph\">{\"@context\":\"https:\\\/\\\/schema.org\",\"@graph\":[{\"@type\":\"Article\",\"@id\":\"https:\\\/\\\/www.cbti-bkvt.org\\\/nl\\\/avis-de-la-commission-sectorielle-linguajuris-sur-letablissement-dun-etat-de-frais-mensuel-pour-les-traducteurs-jures\\\/#article\",\"isPartOf\":{\"@id\":\"https:\\\/\\\/www.cbti-bkvt.org\\\/nl\\\/avis-de-la-commission-sectorielle-linguajuris-sur-letablissement-dun-etat-de-frais-mensuel-pour-les-traducteurs-jures\\\/\"},\"author\":{\"name\":\"C\u00e9line Maes\",\"@id\":\"https:\\\/\\\/www.cbti-bkvt.org\\\/nl\\\/#\\\/schema\\\/person\\\/618be4a1eba65d61684e3a8d473272d0\"},\"headline\":\"Advies van de sectorcommissie LinguaJuris over de maandelijkse kostenstaat voor de be\u00ebdigd vertalers\",\"datePublished\":\"2024-12-21T10:57:54+00:00\",\"dateModified\":\"2024-12-26T08:56:57+00:00\",\"mainEntityOfPage\":{\"@id\":\"https:\\\/\\\/www.cbti-bkvt.org\\\/nl\\\/avis-de-la-commission-sectorielle-linguajuris-sur-letablissement-dun-etat-de-frais-mensuel-pour-les-traducteurs-jures\\\/\"},\"wordCount\":380,\"image\":{\"@id\":\"https:\\\/\\\/www.cbti-bkvt.org\\\/nl\\\/avis-de-la-commission-sectorielle-linguajuris-sur-letablissement-dun-etat-de-frais-mensuel-pour-les-traducteurs-jures\\\/#primaryimage\"},\"thumbnailUrl\":\"https:\\\/\\\/www.cbti-bkvt.org\\\/wp-content\\\/uploads\\\/jakub-zerdzicki-HWlhXVlj-cU-unsplash.jpg\",\"articleSection\":[\"Be\u00ebdigd vertalers\\\/tolken\",\"Sectorcommissies\"],\"inLanguage\":\"nl-NL\"},{\"@type\":\"WebPage\",\"@id\":\"https:\\\/\\\/www.cbti-bkvt.org\\\/nl\\\/avis-de-la-commission-sectorielle-linguajuris-sur-letablissement-dun-etat-de-frais-mensuel-pour-les-traducteurs-jures\\\/\",\"url\":\"https:\\\/\\\/www.cbti-bkvt.org\\\/nl\\\/avis-de-la-commission-sectorielle-linguajuris-sur-letablissement-dun-etat-de-frais-mensuel-pour-les-traducteurs-jures\\\/\",\"name\":\"Advies van de sectorcommissie LinguaJuris over de maandelijkse kostenstaat voor de be\u00ebdigd vertalers - Chambre Belge des Traducteurs et Interpr\u00e8tes | Belgische Kamer van Vertalers en Tolken\",\"isPartOf\":{\"@id\":\"https:\\\/\\\/www.cbti-bkvt.org\\\/nl\\\/#website\"},\"primaryImageOfPage\":{\"@id\":\"https:\\\/\\\/www.cbti-bkvt.org\\\/nl\\\/avis-de-la-commission-sectorielle-linguajuris-sur-letablissement-dun-etat-de-frais-mensuel-pour-les-traducteurs-jures\\\/#primaryimage\"},\"image\":{\"@id\":\"https:\\\/\\\/www.cbti-bkvt.org\\\/nl\\\/avis-de-la-commission-sectorielle-linguajuris-sur-letablissement-dun-etat-de-frais-mensuel-pour-les-traducteurs-jures\\\/#primaryimage\"},\"thumbnailUrl\":\"https:\\\/\\\/www.cbti-bkvt.org\\\/wp-content\\\/uploads\\\/jakub-zerdzicki-HWlhXVlj-cU-unsplash.jpg\",\"datePublished\":\"2024-12-21T10:57:54+00:00\",\"dateModified\":\"2024-12-26T08:56:57+00:00\",\"author\":{\"@id\":\"https:\\\/\\\/www.cbti-bkvt.org\\\/nl\\\/#\\\/schema\\\/person\\\/618be4a1eba65d61684e3a8d473272d0\"},\"breadcrumb\":{\"@id\":\"https:\\\/\\\/www.cbti-bkvt.org\\\/nl\\\/avis-de-la-commission-sectorielle-linguajuris-sur-letablissement-dun-etat-de-frais-mensuel-pour-les-traducteurs-jures\\\/#breadcrumb\"},\"inLanguage\":\"nl-NL\",\"potentialAction\":[{\"@type\":\"ReadAction\",\"target\":[\"https:\\\/\\\/www.cbti-bkvt.org\\\/nl\\\/avis-de-la-commission-sectorielle-linguajuris-sur-letablissement-dun-etat-de-frais-mensuel-pour-les-traducteurs-jures\\\/\"]}]},{\"@type\":\"ImageObject\",\"inLanguage\":\"nl-NL\",\"@id\":\"https:\\\/\\\/www.cbti-bkvt.org\\\/nl\\\/avis-de-la-commission-sectorielle-linguajuris-sur-letablissement-dun-etat-de-frais-mensuel-pour-les-traducteurs-jures\\\/#primaryimage\",\"url\":\"https:\\\/\\\/www.cbti-bkvt.org\\\/wp-content\\\/uploads\\\/jakub-zerdzicki-HWlhXVlj-cU-unsplash.jpg\",\"contentUrl\":\"https:\\\/\\\/www.cbti-bkvt.org\\\/wp-content\\\/uploads\\\/jakub-zerdzicki-HWlhXVlj-cU-unsplash.jpg\",\"width\":3000,\"height\":2001},{\"@type\":\"BreadcrumbList\",\"@id\":\"https:\\\/\\\/www.cbti-bkvt.org\\\/nl\\\/avis-de-la-commission-sectorielle-linguajuris-sur-letablissement-dun-etat-de-frais-mensuel-pour-les-traducteurs-jures\\\/#breadcrumb\",\"itemListElement\":[{\"@type\":\"ListItem\",\"position\":1,\"name\":\"Home\",\"item\":\"https:\\\/\\\/www.cbti-bkvt.org\\\/nl\\\/\"},{\"@type\":\"ListItem\",\"position\":2,\"name\":\"Advies van de sectorcommissie LinguaJuris over de maandelijkse kostenstaat voor de be\u00ebdigd vertalers\"}]},{\"@type\":\"WebSite\",\"@id\":\"https:\\\/\\\/www.cbti-bkvt.org\\\/nl\\\/#website\",\"url\":\"https:\\\/\\\/www.cbti-bkvt.org\\\/nl\\\/\",\"name\":\"Chambre Belge des Traducteurs et Interpr\u00e8tes | Belgische Kamer van Vertalers en Tolken\",\"description\":\"M\u00e9tiers de la traduction \u00e9crite, l\u2019interpr\u00e9tation de conf\u00e9rence, la traduction et l\u2019interpr\u00e9tation en milieu judiciaire.\",\"potentialAction\":[{\"@type\":\"SearchAction\",\"target\":{\"@type\":\"EntryPoint\",\"urlTemplate\":\"https:\\\/\\\/www.cbti-bkvt.org\\\/nl\\\/?s={search_term_string}\"},\"query-input\":{\"@type\":\"PropertyValueSpecification\",\"valueRequired\":true,\"valueName\":\"search_term_string\"}}],\"inLanguage\":\"nl-NL\"},{\"@type\":\"Person\",\"@id\":\"https:\\\/\\\/www.cbti-bkvt.org\\\/nl\\\/#\\\/schema\\\/person\\\/618be4a1eba65d61684e3a8d473272d0\",\"name\":\"C\u00e9line Maes\",\"image\":{\"@type\":\"ImageObject\",\"inLanguage\":\"nl-NL\",\"@id\":\"https:\\\/\\\/secure.gravatar.com\\\/avatar\\\/6dab3ef828603e99aa932e67eee22b03c8af9eedd530af71e0d723f323241dad?s=96&d=mm&r=g\",\"url\":\"https:\\\/\\\/secure.gravatar.com\\\/avatar\\\/6dab3ef828603e99aa932e67eee22b03c8af9eedd530af71e0d723f323241dad?s=96&d=mm&r=g\",\"contentUrl\":\"https:\\\/\\\/secure.gravatar.com\\\/avatar\\\/6dab3ef828603e99aa932e67eee22b03c8af9eedd530af71e0d723f323241dad?s=96&d=mm&r=g\",\"caption\":\"C\u00e9line Maes\"},\"url\":\"https:\\\/\\\/www.cbti-bkvt.org\\\/nl\\\/author\\\/celine-maes\\\/\"}]}<\/script>\n<!-- \/ Yoast SEO plugin. -->","yoast_head_json":{"title":"Chambre Belge des Traducteurs et Interpr\u00e8tes | Belgische Kamer van Vertalers en Tolken","robots":{"index":"index","follow":"follow","max-snippet":"max-snippet:-1","max-image-preview":"max-image-preview:large","max-video-preview":"max-video-preview:-1"},"canonical":"https:\/\/www.cbti-bkvt.org\/nl\/avis-de-la-commission-sectorielle-linguajuris-sur-letablissement-dun-etat-de-frais-mensuel-pour-les-traducteurs-jures\/","og_locale":"nl_NL","og_type":"article","og_title":"Advies van de sectorcommissie LinguaJuris over de maandelijkse kostenstaat voor de be\u00ebdigd vertalers - Chambre Belge des Traducteurs et Interpr\u00e8tes | Belgische Kamer van Vertalers en Tolken","og_description":"De kwestie van de maandelijkse facturatie van de prestaties van de be\u00ebdigd vertalers werd de laatste maanden al meermaals en vanuit verschillende hoeken aangekaart. Daarom nam de commissie LinguaJuris de stand van de wetgeving op 20 december 2024 onder de loep. Ook al voorziet artikel 6 van het koninklijk besluit van 22 december 2016 tot&hellip;&nbsp;Read More &raquo;Advies van de sectorcommissie LinguaJuris over de maandelijkse kostenstaat voor de be\u00ebdigd vertalers","og_url":"https:\/\/www.cbti-bkvt.org\/nl\/avis-de-la-commission-sectorielle-linguajuris-sur-letablissement-dun-etat-de-frais-mensuel-pour-les-traducteurs-jures\/","og_site_name":"Chambre Belge des Traducteurs et Interpr\u00e8tes | Belgische Kamer van Vertalers en Tolken","article_published_time":"2024-12-21T10:57:54+00:00","article_modified_time":"2024-12-26T08:56:57+00:00","og_image":[{"width":3000,"height":2001,"url":"https:\/\/www.cbti-bkvt.org\/wp-content\/uploads\/jakub-zerdzicki-HWlhXVlj-cU-unsplash.jpg","type":"image\/jpeg"}],"author":"C\u00e9line Maes","twitter_card":"summary_large_image","twitter_misc":{"Written by":"C\u00e9line Maes","Est. reading time":"3 minutes"},"schema":{"@context":"https:\/\/schema.org","@graph":[{"@type":"Article","@id":"https:\/\/www.cbti-bkvt.org\/nl\/avis-de-la-commission-sectorielle-linguajuris-sur-letablissement-dun-etat-de-frais-mensuel-pour-les-traducteurs-jures\/#article","isPartOf":{"@id":"https:\/\/www.cbti-bkvt.org\/nl\/avis-de-la-commission-sectorielle-linguajuris-sur-letablissement-dun-etat-de-frais-mensuel-pour-les-traducteurs-jures\/"},"author":{"name":"C\u00e9line Maes","@id":"https:\/\/www.cbti-bkvt.org\/nl\/#\/schema\/person\/618be4a1eba65d61684e3a8d473272d0"},"headline":"Advies van de sectorcommissie LinguaJuris over de maandelijkse kostenstaat voor de be\u00ebdigd vertalers","datePublished":"2024-12-21T10:57:54+00:00","dateModified":"2024-12-26T08:56:57+00:00","mainEntityOfPage":{"@id":"https:\/\/www.cbti-bkvt.org\/nl\/avis-de-la-commission-sectorielle-linguajuris-sur-letablissement-dun-etat-de-frais-mensuel-pour-les-traducteurs-jures\/"},"wordCount":380,"image":{"@id":"https:\/\/www.cbti-bkvt.org\/nl\/avis-de-la-commission-sectorielle-linguajuris-sur-letablissement-dun-etat-de-frais-mensuel-pour-les-traducteurs-jures\/#primaryimage"},"thumbnailUrl":"https:\/\/www.cbti-bkvt.org\/wp-content\/uploads\/jakub-zerdzicki-HWlhXVlj-cU-unsplash.jpg","articleSection":["Be\u00ebdigd vertalers\/tolken","Sectorcommissies"],"inLanguage":"nl-NL"},{"@type":"WebPage","@id":"https:\/\/www.cbti-bkvt.org\/nl\/avis-de-la-commission-sectorielle-linguajuris-sur-letablissement-dun-etat-de-frais-mensuel-pour-les-traducteurs-jures\/","url":"https:\/\/www.cbti-bkvt.org\/nl\/avis-de-la-commission-sectorielle-linguajuris-sur-letablissement-dun-etat-de-frais-mensuel-pour-les-traducteurs-jures\/","name":"Advies van de sectorcommissie LinguaJuris over de maandelijkse kostenstaat voor de be\u00ebdigd vertalers - Chambre Belge des Traducteurs et Interpr\u00e8tes | Belgische Kamer van Vertalers en Tolken","isPartOf":{"@id":"https:\/\/www.cbti-bkvt.org\/nl\/#website"},"primaryImageOfPage":{"@id":"https:\/\/www.cbti-bkvt.org\/nl\/avis-de-la-commission-sectorielle-linguajuris-sur-letablissement-dun-etat-de-frais-mensuel-pour-les-traducteurs-jures\/#primaryimage"},"image":{"@id":"https:\/\/www.cbti-bkvt.org\/nl\/avis-de-la-commission-sectorielle-linguajuris-sur-letablissement-dun-etat-de-frais-mensuel-pour-les-traducteurs-jures\/#primaryimage"},"thumbnailUrl":"https:\/\/www.cbti-bkvt.org\/wp-content\/uploads\/jakub-zerdzicki-HWlhXVlj-cU-unsplash.jpg","datePublished":"2024-12-21T10:57:54+00:00","dateModified":"2024-12-26T08:56:57+00:00","author":{"@id":"https:\/\/www.cbti-bkvt.org\/nl\/#\/schema\/person\/618be4a1eba65d61684e3a8d473272d0"},"breadcrumb":{"@id":"https:\/\/www.cbti-bkvt.org\/nl\/avis-de-la-commission-sectorielle-linguajuris-sur-letablissement-dun-etat-de-frais-mensuel-pour-les-traducteurs-jures\/#breadcrumb"},"inLanguage":"nl-NL","potentialAction":[{"@type":"ReadAction","target":["https:\/\/www.cbti-bkvt.org\/nl\/avis-de-la-commission-sectorielle-linguajuris-sur-letablissement-dun-etat-de-frais-mensuel-pour-les-traducteurs-jures\/"]}]},{"@type":"ImageObject","inLanguage":"nl-NL","@id":"https:\/\/www.cbti-bkvt.org\/nl\/avis-de-la-commission-sectorielle-linguajuris-sur-letablissement-dun-etat-de-frais-mensuel-pour-les-traducteurs-jures\/#primaryimage","url":"https:\/\/www.cbti-bkvt.org\/wp-content\/uploads\/jakub-zerdzicki-HWlhXVlj-cU-unsplash.jpg","contentUrl":"https:\/\/www.cbti-bkvt.org\/wp-content\/uploads\/jakub-zerdzicki-HWlhXVlj-cU-unsplash.jpg","width":3000,"height":2001},{"@type":"BreadcrumbList","@id":"https:\/\/www.cbti-bkvt.org\/nl\/avis-de-la-commission-sectorielle-linguajuris-sur-letablissement-dun-etat-de-frais-mensuel-pour-les-traducteurs-jures\/#breadcrumb","itemListElement":[{"@type":"ListItem","position":1,"name":"Home","item":"https:\/\/www.cbti-bkvt.org\/nl\/"},{"@type":"ListItem","position":2,"name":"Advies van de sectorcommissie LinguaJuris over de maandelijkse kostenstaat voor de be\u00ebdigd vertalers"}]},{"@type":"WebSite","@id":"https:\/\/www.cbti-bkvt.org\/nl\/#website","url":"https:\/\/www.cbti-bkvt.org\/nl\/","name":"Chambre Belge des Traducteurs et Interpr\u00e8tes | Belgische Kamer van Vertalers en Tolken","description":"M\u00e9tiers de la traduction \u00e9crite, l\u2019interpr\u00e9tation de conf\u00e9rence, la traduction et l\u2019interpr\u00e9tation en milieu judiciaire.","potentialAction":[{"@type":"SearchAction","target":{"@type":"EntryPoint","urlTemplate":"https:\/\/www.cbti-bkvt.org\/nl\/?s={search_term_string}"},"query-input":{"@type":"PropertyValueSpecification","valueRequired":true,"valueName":"search_term_string"}}],"inLanguage":"nl-NL"},{"@type":"Person","@id":"https:\/\/www.cbti-bkvt.org\/nl\/#\/schema\/person\/618be4a1eba65d61684e3a8d473272d0","name":"C\u00e9line Maes","image":{"@type":"ImageObject","inLanguage":"nl-NL","@id":"https:\/\/secure.gravatar.com\/avatar\/6dab3ef828603e99aa932e67eee22b03c8af9eedd530af71e0d723f323241dad?s=96&d=mm&r=g","url":"https:\/\/secure.gravatar.com\/avatar\/6dab3ef828603e99aa932e67eee22b03c8af9eedd530af71e0d723f323241dad?s=96&d=mm&r=g","contentUrl":"https:\/\/secure.gravatar.com\/avatar\/6dab3ef828603e99aa932e67eee22b03c8af9eedd530af71e0d723f323241dad?s=96&d=mm&r=g","caption":"C\u00e9line Maes"},"url":"https:\/\/www.cbti-bkvt.org\/nl\/author\/celine-maes\/"}]}},"_links":{"self":[{"href":"https:\/\/www.cbti-bkvt.org\/nl\/wp-json\/wp\/v2\/posts\/31276","targetHints":{"allow":["GET"]}}],"collection":[{"href":"https:\/\/www.cbti-bkvt.org\/nl\/wp-json\/wp\/v2\/posts"}],"about":[{"href":"https:\/\/www.cbti-bkvt.org\/nl\/wp-json\/wp\/v2\/types\/post"}],"author":[{"embeddable":true,"href":"https:\/\/www.cbti-bkvt.org\/nl\/wp-json\/wp\/v2\/users\/265"}],"replies":[{"embeddable":true,"href":"https:\/\/www.cbti-bkvt.org\/nl\/wp-json\/wp\/v2\/comments?post=31276"}],"version-history":[{"count":2,"href":"https:\/\/www.cbti-bkvt.org\/nl\/wp-json\/wp\/v2\/posts\/31276\/revisions"}],"predecessor-version":[{"id":31361,"href":"https:\/\/www.cbti-bkvt.org\/nl\/wp-json\/wp\/v2\/posts\/31276\/revisions\/31361"}],"wp:featuredmedia":[{"embeddable":true,"href":"https:\/\/www.cbti-bkvt.org\/nl\/wp-json\/wp\/v2\/media\/31272"}],"wp:attachment":[{"href":"https:\/\/www.cbti-bkvt.org\/nl\/wp-json\/wp\/v2\/media?parent=31276"}],"wp:term":[{"taxonomy":"category","embeddable":true,"href":"https:\/\/www.cbti-bkvt.org\/nl\/wp-json\/wp\/v2\/categories?post=31276"},{"taxonomy":"post_tag","embeddable":true,"href":"https:\/\/www.cbti-bkvt.org\/nl\/wp-json\/wp\/v2\/tags?post=31276"}],"curies":[{"name":"wp","href":"https:\/\/api.w.org\/{rel}","templated":true}]}}