{"id":33342,"date":"2025-06-17T14:32:12","date_gmt":"2025-06-17T14:32:12","guid":{"rendered":"https:\/\/www.cbti-bkvt.org\/la-cbti-se-joint-a-laction-vijf-voor-twaalf-pour-une-justice-fonctionnelle\/"},"modified":"2025-06-17T14:41:18","modified_gmt":"2025-06-17T14:41:18","slug":"de-bkvt-sluit-zich-aan-bij-de-actie-vijf-voor-twaalf-voor-een-goed-werkende-justitie","status":"publish","type":"post","link":"https:\/\/www.cbti-bkvt.org\/nl\/de-bkvt-sluit-zich-aan-bij-de-actie-vijf-voor-twaalf-voor-een-goed-werkende-justitie\/","title":{"rendered":"De BKVT sluit zich aan bij de actie \u201cVijf voor twaalf\u201d voor een goed werkende justitie"},"content":{"rendered":"\n<h2 class=\"wp-block-heading\"><strong>Persbericht LinguaJuris<\/strong><\/h2>\n\n\n\n<p><strong>De BKVT sluit zich aan bij de actie \u201cVijf voor twaalf\u201d voor een goed werkende justitie<\/strong><\/p>\n\n\n\n<p>Brussel, 13 juni 2025 \u2014 De Belgische Kamer van Vertalers en Tolken (BKVT) steunt de actie \u201cVijf voor twaalf\u201d volledig en sluit zich aan bij de oproep van de hoven en rechtbanken aan de ketenpartners van justitie voor meer erkenning, duidelijkheid en structurele steun van de FOD Justitie. Als onmisbare link in het gerechtelijke systeem ondervinden be\u00ebdigd vertalers en tolken rechtstreeks de gevolgen van de slechte werking die door dit initiatief wordt aangeklaagd.<\/p>\n\n\n\n<p>De be\u00ebdigd vertalers en tolken worden momenteel geconfronteerd met grote uitdagingen die de uitvoering van hun essenti\u00eble rol bedreigen.<\/p>\n\n\n\n<p>Onaanvaardbare betalingsvertragingen en te lage tarieven ondermijnen het beroep:<\/p>\n\n\n\n<ul class=\"wp-block-list\">\n<li>De tarieven zijn weliswaar ge\u00efndexeerd, maar worden door de professionals nog altijd als te laag beschouwd in vergelijking met de priv\u00e9sector. De BKVT vraagt met name een herwaardering.<\/li>\n\n\n\n<li>Het meest kritieke probleem is dat van de chronische betalingsachterstanden die maar blijven voortduren.<\/li>\n<\/ul>\n\n\n\n<p>De moeilijke arbeidsomstandigheden brengen ernstige risico\u2019s met zich mee voor het hele<br>gerechtelijke systeem:<\/p>\n\n\n\n<ul class=\"wp-block-list\">\n<li>Een toenemend tekort aan be\u00ebdigd vertalers en tolken, met name voor bepaalde talen, doordat het beroep niet aantrekkelijk is.<\/li>\n\n\n\n<li>Vertraagde interventies van tolken, lange zittingen en een groter risico op procedure- of betalingsfouten door niet-naleving van de rechten, wat het goede verloop van justitie rechtstreeks bedreigt. De BKVT waarschuwt voor een structureel risico op verdwijning van deze professionals.<\/li>\n<\/ul>\n\n\n\n<p>De be\u00ebdigd vertalers en tolken, die vaak worden gevraagd voor lange opdrachten, \u2018s nachts of in het weekend, vragen niet alleen betrouwbare en snelle betalingen, maar ook een aanzienlijke herwaardering van hun barema\u2019s, om het voortbestaan van het beroep en de kwaliteit van de diensten die zij aan de Belgische Justitie leveren, worden verzekerd.<\/p>\n\n\n\n<p>De Belgische Kamer van Vertalers en Tolken is vastbesloten om de actie \u201cVijf voor twaalf\u201d te ondersteunen en roept de overheden op om dringende en structurele maatregelen te nemen om deze cruciale problemen op te lossen.<\/p>\n\n\n\n<blockquote class=\"wp-block-quote is-layout-flow wp-block-quote-is-layout-flow\">\n<p>De Belgische Kamer van Vertalers en Tolken (BKVT) is de beroepsvereniging die alle vertalers en tolken in Belgi\u00eb verenigt en hen vertegenwoordigt bij de Hoge Raad voor de Zelfstandigen en de KMO en bij de overheid. De hoofddoelstelling van de BKVT is de bevordering van kwaliteit door de vertegenwoordigde beroepen te professionaliseren en hun gezamenlijke belangen te verdedigen.<br>De vzw werd opgericht op 16 april 1955 en werd in 2006 erkend als koninklijke vereniging.<\/p>\n\n\n\n<p>Daarnaast is de BKVT een van de zeldzame tweetalige beroepsverenigingen die aan weerszijden van de taalgrens actief is.<\/p>\n\n\n\n<p>De BKVT is lid van de F\u00e9d\u00e9ration internationale des traducteurs (FIT).<\/p>\n<\/blockquote>\n\n\n\n<p><a href=\"https:\/\/www.cbti-bkvt.org\/wp-content\/uploads\/CBTI-BKVT-LinguaJuris-2025-06-13_nl-CP-Vijf-voor-twaalf.pdf\">Download het persbericht<\/a><\/p>\n","protected":false},"excerpt":{"rendered":"<p>Persbericht LinguaJuris De BKVT sluit zich aan bij de actie \u201cVijf voor twaalf\u201d voor een goed werkende justitie Brussel, 13 juni 2025 \u2014 De Belgische Kamer van Vertalers en Tolken (BKVT) steunt de actie \u201cVijf voor twaalf\u201d volledig en sluit zich aan bij de oproep van de hoven en rechtbanken aan de ketenpartners van justitie&hellip;&nbsp;<a href=\"https:\/\/www.cbti-bkvt.org\/nl\/de-bkvt-sluit-zich-aan-bij-de-actie-vijf-voor-twaalf-voor-een-goed-werkende-justitie\/\" rel=\"bookmark\">Read More &raquo;<span class=\"screen-reader-text\">De BKVT sluit zich aan bij de actie \u201cVijf voor twaalf\u201d voor een goed werkende justitie<\/span><\/a><\/p>\n","protected":false},"author":265,"featured_media":33323,"comment_status":"closed","ping_status":"closed","sticky":false,"template":"","format":"standard","meta":{"_acf_changed":false,"pmpro_default_level":"","neve_meta_sidebar":"","neve_meta_container":"","neve_meta_enable_content_width":"","neve_meta_content_width":0,"neve_meta_title_alignment":"","neve_meta_author_avatar":"","neve_post_elements_order":"","neve_meta_disable_header":"","neve_meta_disable_footer":"","neve_meta_disable_title":"","neve_meta_reading_time":"","footnotes":"","_links_to":"","_links_to_target":""},"categories":[373,359,364],"tags":[],"class_list":["post-33342","post","type-post","status-publish","format-standard","has-post-thumbnail","hentry","category-beedigd-vertalers-tolken","category-persberichten","category-sectorcommissies","pmpro-has-access"],"acf":[],"yoast_head":"<!-- This site is optimized with the Yoast SEO plugin v27.4 - https:\/\/yoast.com\/product\/yoast-seo-wordpress\/ -->\n<title>Chambre Belge des Traducteurs et Interpr\u00e8tes | Belgische Kamer van Vertalers en Tolken<\/title>\n<meta name=\"robots\" content=\"index, follow, max-snippet:-1, max-image-preview:large, max-video-preview:-1\" \/>\n<link rel=\"canonical\" href=\"https:\/\/www.cbti-bkvt.org\/nl\/de-bkvt-sluit-zich-aan-bij-de-actie-vijf-voor-twaalf-voor-een-goed-werkende-justitie\/\" \/>\n<meta property=\"og:locale\" content=\"nl_NL\" \/>\n<meta property=\"og:type\" content=\"article\" \/>\n<meta property=\"og:title\" content=\"De BKVT sluit zich aan bij de actie \u201cVijf voor twaalf\u201d voor een goed werkende justitie - Chambre Belge des Traducteurs et Interpr\u00e8tes | Belgische Kamer van Vertalers en Tolken\" \/>\n<meta property=\"og:description\" content=\"Persbericht LinguaJuris De BKVT sluit zich aan bij de actie \u201cVijf voor twaalf\u201d voor een goed werkende justitie Brussel, 13 juni 2025 \u2014 De Belgische Kamer van Vertalers en Tolken (BKVT) steunt de actie \u201cVijf voor twaalf\u201d volledig en sluit zich aan bij de oproep van de hoven en rechtbanken aan de ketenpartners van justitie&hellip;&nbsp;Read More &raquo;De BKVT sluit zich aan bij de actie \u201cVijf voor twaalf\u201d voor een goed werkende justitie\" \/>\n<meta property=\"og:url\" content=\"https:\/\/www.cbti-bkvt.org\/nl\/de-bkvt-sluit-zich-aan-bij-de-actie-vijf-voor-twaalf-voor-een-goed-werkende-justitie\/\" \/>\n<meta property=\"og:site_name\" content=\"Chambre Belge des Traducteurs et Interpr\u00e8tes | Belgische Kamer van Vertalers en Tolken\" \/>\n<meta property=\"article:published_time\" content=\"2025-06-17T14:32:12+00:00\" \/>\n<meta property=\"article:modified_time\" content=\"2025-06-17T14:41:18+00:00\" \/>\n<meta property=\"og:image\" content=\"https:\/\/www.cbti-bkvt.org\/wp-content\/uploads\/joshua-hoehne-WPrTKRw8KRQ-unsplash.jpg\" \/>\n\t<meta property=\"og:image:width\" content=\"4814\" \/>\n\t<meta property=\"og:image:height\" content=\"3209\" \/>\n\t<meta property=\"og:image:type\" content=\"image\/jpeg\" \/>\n<meta name=\"author\" content=\"C\u00e9line Maes\" \/>\n<meta name=\"twitter:card\" content=\"summary_large_image\" \/>\n<meta name=\"twitter:label1\" content=\"Written by\" \/>\n\t<meta name=\"twitter:data1\" content=\"C\u00e9line Maes\" \/>\n\t<meta name=\"twitter:label2\" content=\"Est. reading time\" \/>\n\t<meta name=\"twitter:data2\" content=\"2 minutes\" \/>\n<script type=\"application\/ld+json\" class=\"yoast-schema-graph\">{\"@context\":\"https:\\\/\\\/schema.org\",\"@graph\":[{\"@type\":\"Article\",\"@id\":\"https:\\\/\\\/www.cbti-bkvt.org\\\/nl\\\/de-bkvt-sluit-zich-aan-bij-de-actie-vijf-voor-twaalf-voor-een-goed-werkende-justitie\\\/#article\",\"isPartOf\":{\"@id\":\"https:\\\/\\\/www.cbti-bkvt.org\\\/nl\\\/de-bkvt-sluit-zich-aan-bij-de-actie-vijf-voor-twaalf-voor-een-goed-werkende-justitie\\\/\"},\"author\":{\"name\":\"C\u00e9line Maes\",\"@id\":\"https:\\\/\\\/www.cbti-bkvt.org\\\/nl\\\/#\\\/schema\\\/person\\\/618be4a1eba65d61684e3a8d473272d0\"},\"headline\":\"De BKVT sluit zich aan bij de actie \u201cVijf voor twaalf\u201d voor een goed werkende justitie\",\"datePublished\":\"2025-06-17T14:32:12+00:00\",\"dateModified\":\"2025-06-17T14:41:18+00:00\",\"mainEntityOfPage\":{\"@id\":\"https:\\\/\\\/www.cbti-bkvt.org\\\/nl\\\/de-bkvt-sluit-zich-aan-bij-de-actie-vijf-voor-twaalf-voor-een-goed-werkende-justitie\\\/\"},\"wordCount\":449,\"image\":{\"@id\":\"https:\\\/\\\/www.cbti-bkvt.org\\\/nl\\\/de-bkvt-sluit-zich-aan-bij-de-actie-vijf-voor-twaalf-voor-een-goed-werkende-justitie\\\/#primaryimage\"},\"thumbnailUrl\":\"https:\\\/\\\/www.cbti-bkvt.org\\\/wp-content\\\/uploads\\\/joshua-hoehne-WPrTKRw8KRQ-unsplash.jpg\",\"articleSection\":[\"Be\u00ebdigd vertalers\\\/tolken\",\"Persberichten\",\"Sectorcommissies\"],\"inLanguage\":\"nl-NL\"},{\"@type\":\"WebPage\",\"@id\":\"https:\\\/\\\/www.cbti-bkvt.org\\\/nl\\\/de-bkvt-sluit-zich-aan-bij-de-actie-vijf-voor-twaalf-voor-een-goed-werkende-justitie\\\/\",\"url\":\"https:\\\/\\\/www.cbti-bkvt.org\\\/nl\\\/de-bkvt-sluit-zich-aan-bij-de-actie-vijf-voor-twaalf-voor-een-goed-werkende-justitie\\\/\",\"name\":\"De BKVT sluit zich aan bij de actie \u201cVijf voor twaalf\u201d voor een goed werkende justitie - Chambre Belge des Traducteurs et Interpr\u00e8tes | Belgische Kamer van Vertalers en Tolken\",\"isPartOf\":{\"@id\":\"https:\\\/\\\/www.cbti-bkvt.org\\\/nl\\\/#website\"},\"primaryImageOfPage\":{\"@id\":\"https:\\\/\\\/www.cbti-bkvt.org\\\/nl\\\/de-bkvt-sluit-zich-aan-bij-de-actie-vijf-voor-twaalf-voor-een-goed-werkende-justitie\\\/#primaryimage\"},\"image\":{\"@id\":\"https:\\\/\\\/www.cbti-bkvt.org\\\/nl\\\/de-bkvt-sluit-zich-aan-bij-de-actie-vijf-voor-twaalf-voor-een-goed-werkende-justitie\\\/#primaryimage\"},\"thumbnailUrl\":\"https:\\\/\\\/www.cbti-bkvt.org\\\/wp-content\\\/uploads\\\/joshua-hoehne-WPrTKRw8KRQ-unsplash.jpg\",\"datePublished\":\"2025-06-17T14:32:12+00:00\",\"dateModified\":\"2025-06-17T14:41:18+00:00\",\"author\":{\"@id\":\"https:\\\/\\\/www.cbti-bkvt.org\\\/nl\\\/#\\\/schema\\\/person\\\/618be4a1eba65d61684e3a8d473272d0\"},\"breadcrumb\":{\"@id\":\"https:\\\/\\\/www.cbti-bkvt.org\\\/nl\\\/de-bkvt-sluit-zich-aan-bij-de-actie-vijf-voor-twaalf-voor-een-goed-werkende-justitie\\\/#breadcrumb\"},\"inLanguage\":\"nl-NL\",\"potentialAction\":[{\"@type\":\"ReadAction\",\"target\":[\"https:\\\/\\\/www.cbti-bkvt.org\\\/nl\\\/de-bkvt-sluit-zich-aan-bij-de-actie-vijf-voor-twaalf-voor-een-goed-werkende-justitie\\\/\"]}]},{\"@type\":\"ImageObject\",\"inLanguage\":\"nl-NL\",\"@id\":\"https:\\\/\\\/www.cbti-bkvt.org\\\/nl\\\/de-bkvt-sluit-zich-aan-bij-de-actie-vijf-voor-twaalf-voor-een-goed-werkende-justitie\\\/#primaryimage\",\"url\":\"https:\\\/\\\/www.cbti-bkvt.org\\\/wp-content\\\/uploads\\\/joshua-hoehne-WPrTKRw8KRQ-unsplash.jpg\",\"contentUrl\":\"https:\\\/\\\/www.cbti-bkvt.org\\\/wp-content\\\/uploads\\\/joshua-hoehne-WPrTKRw8KRQ-unsplash.jpg\",\"width\":4814,\"height\":3209},{\"@type\":\"BreadcrumbList\",\"@id\":\"https:\\\/\\\/www.cbti-bkvt.org\\\/nl\\\/de-bkvt-sluit-zich-aan-bij-de-actie-vijf-voor-twaalf-voor-een-goed-werkende-justitie\\\/#breadcrumb\",\"itemListElement\":[{\"@type\":\"ListItem\",\"position\":1,\"name\":\"Home\",\"item\":\"https:\\\/\\\/www.cbti-bkvt.org\\\/nl\\\/\"},{\"@type\":\"ListItem\",\"position\":2,\"name\":\"De BKVT sluit zich aan bij de actie \u201cVijf voor twaalf\u201d voor een goed werkende justitie\"}]},{\"@type\":\"WebSite\",\"@id\":\"https:\\\/\\\/www.cbti-bkvt.org\\\/nl\\\/#website\",\"url\":\"https:\\\/\\\/www.cbti-bkvt.org\\\/nl\\\/\",\"name\":\"Chambre Belge des Traducteurs et Interpr\u00e8tes | Belgische Kamer van Vertalers en Tolken\",\"description\":\"M\u00e9tiers de la traduction \u00e9crite, l\u2019interpr\u00e9tation de conf\u00e9rence, la traduction et l\u2019interpr\u00e9tation en milieu judiciaire.\",\"potentialAction\":[{\"@type\":\"SearchAction\",\"target\":{\"@type\":\"EntryPoint\",\"urlTemplate\":\"https:\\\/\\\/www.cbti-bkvt.org\\\/nl\\\/?s={search_term_string}\"},\"query-input\":{\"@type\":\"PropertyValueSpecification\",\"valueRequired\":true,\"valueName\":\"search_term_string\"}}],\"inLanguage\":\"nl-NL\"},{\"@type\":\"Person\",\"@id\":\"https:\\\/\\\/www.cbti-bkvt.org\\\/nl\\\/#\\\/schema\\\/person\\\/618be4a1eba65d61684e3a8d473272d0\",\"name\":\"C\u00e9line Maes\",\"image\":{\"@type\":\"ImageObject\",\"inLanguage\":\"nl-NL\",\"@id\":\"https:\\\/\\\/secure.gravatar.com\\\/avatar\\\/6dab3ef828603e99aa932e67eee22b03c8af9eedd530af71e0d723f323241dad?s=96&d=mm&r=g\",\"url\":\"https:\\\/\\\/secure.gravatar.com\\\/avatar\\\/6dab3ef828603e99aa932e67eee22b03c8af9eedd530af71e0d723f323241dad?s=96&d=mm&r=g\",\"contentUrl\":\"https:\\\/\\\/secure.gravatar.com\\\/avatar\\\/6dab3ef828603e99aa932e67eee22b03c8af9eedd530af71e0d723f323241dad?s=96&d=mm&r=g\",\"caption\":\"C\u00e9line Maes\"},\"url\":\"https:\\\/\\\/www.cbti-bkvt.org\\\/nl\\\/author\\\/celine-maes\\\/\"}]}<\/script>\n<!-- \/ Yoast SEO plugin. -->","yoast_head_json":{"title":"Chambre Belge des Traducteurs et Interpr\u00e8tes | Belgische Kamer van Vertalers en Tolken","robots":{"index":"index","follow":"follow","max-snippet":"max-snippet:-1","max-image-preview":"max-image-preview:large","max-video-preview":"max-video-preview:-1"},"canonical":"https:\/\/www.cbti-bkvt.org\/nl\/de-bkvt-sluit-zich-aan-bij-de-actie-vijf-voor-twaalf-voor-een-goed-werkende-justitie\/","og_locale":"nl_NL","og_type":"article","og_title":"De BKVT sluit zich aan bij de actie \u201cVijf voor twaalf\u201d voor een goed werkende justitie - Chambre Belge des Traducteurs et Interpr\u00e8tes | Belgische Kamer van Vertalers en Tolken","og_description":"Persbericht LinguaJuris De BKVT sluit zich aan bij de actie \u201cVijf voor twaalf\u201d voor een goed werkende justitie Brussel, 13 juni 2025 \u2014 De Belgische Kamer van Vertalers en Tolken (BKVT) steunt de actie \u201cVijf voor twaalf\u201d volledig en sluit zich aan bij de oproep van de hoven en rechtbanken aan de ketenpartners van justitie&hellip;&nbsp;Read More &raquo;De BKVT sluit zich aan bij de actie \u201cVijf voor twaalf\u201d voor een goed werkende justitie","og_url":"https:\/\/www.cbti-bkvt.org\/nl\/de-bkvt-sluit-zich-aan-bij-de-actie-vijf-voor-twaalf-voor-een-goed-werkende-justitie\/","og_site_name":"Chambre Belge des Traducteurs et Interpr\u00e8tes | Belgische Kamer van Vertalers en Tolken","article_published_time":"2025-06-17T14:32:12+00:00","article_modified_time":"2025-06-17T14:41:18+00:00","og_image":[{"width":4814,"height":3209,"url":"https:\/\/www.cbti-bkvt.org\/wp-content\/uploads\/joshua-hoehne-WPrTKRw8KRQ-unsplash.jpg","type":"image\/jpeg"}],"author":"C\u00e9line Maes","twitter_card":"summary_large_image","twitter_misc":{"Written by":"C\u00e9line Maes","Est. reading time":"2 minutes"},"schema":{"@context":"https:\/\/schema.org","@graph":[{"@type":"Article","@id":"https:\/\/www.cbti-bkvt.org\/nl\/de-bkvt-sluit-zich-aan-bij-de-actie-vijf-voor-twaalf-voor-een-goed-werkende-justitie\/#article","isPartOf":{"@id":"https:\/\/www.cbti-bkvt.org\/nl\/de-bkvt-sluit-zich-aan-bij-de-actie-vijf-voor-twaalf-voor-een-goed-werkende-justitie\/"},"author":{"name":"C\u00e9line Maes","@id":"https:\/\/www.cbti-bkvt.org\/nl\/#\/schema\/person\/618be4a1eba65d61684e3a8d473272d0"},"headline":"De BKVT sluit zich aan bij de actie \u201cVijf voor twaalf\u201d voor een goed werkende justitie","datePublished":"2025-06-17T14:32:12+00:00","dateModified":"2025-06-17T14:41:18+00:00","mainEntityOfPage":{"@id":"https:\/\/www.cbti-bkvt.org\/nl\/de-bkvt-sluit-zich-aan-bij-de-actie-vijf-voor-twaalf-voor-een-goed-werkende-justitie\/"},"wordCount":449,"image":{"@id":"https:\/\/www.cbti-bkvt.org\/nl\/de-bkvt-sluit-zich-aan-bij-de-actie-vijf-voor-twaalf-voor-een-goed-werkende-justitie\/#primaryimage"},"thumbnailUrl":"https:\/\/www.cbti-bkvt.org\/wp-content\/uploads\/joshua-hoehne-WPrTKRw8KRQ-unsplash.jpg","articleSection":["Be\u00ebdigd vertalers\/tolken","Persberichten","Sectorcommissies"],"inLanguage":"nl-NL"},{"@type":"WebPage","@id":"https:\/\/www.cbti-bkvt.org\/nl\/de-bkvt-sluit-zich-aan-bij-de-actie-vijf-voor-twaalf-voor-een-goed-werkende-justitie\/","url":"https:\/\/www.cbti-bkvt.org\/nl\/de-bkvt-sluit-zich-aan-bij-de-actie-vijf-voor-twaalf-voor-een-goed-werkende-justitie\/","name":"De BKVT sluit zich aan bij de actie \u201cVijf voor twaalf\u201d voor een goed werkende justitie - Chambre Belge des Traducteurs et Interpr\u00e8tes | Belgische Kamer van Vertalers en Tolken","isPartOf":{"@id":"https:\/\/www.cbti-bkvt.org\/nl\/#website"},"primaryImageOfPage":{"@id":"https:\/\/www.cbti-bkvt.org\/nl\/de-bkvt-sluit-zich-aan-bij-de-actie-vijf-voor-twaalf-voor-een-goed-werkende-justitie\/#primaryimage"},"image":{"@id":"https:\/\/www.cbti-bkvt.org\/nl\/de-bkvt-sluit-zich-aan-bij-de-actie-vijf-voor-twaalf-voor-een-goed-werkende-justitie\/#primaryimage"},"thumbnailUrl":"https:\/\/www.cbti-bkvt.org\/wp-content\/uploads\/joshua-hoehne-WPrTKRw8KRQ-unsplash.jpg","datePublished":"2025-06-17T14:32:12+00:00","dateModified":"2025-06-17T14:41:18+00:00","author":{"@id":"https:\/\/www.cbti-bkvt.org\/nl\/#\/schema\/person\/618be4a1eba65d61684e3a8d473272d0"},"breadcrumb":{"@id":"https:\/\/www.cbti-bkvt.org\/nl\/de-bkvt-sluit-zich-aan-bij-de-actie-vijf-voor-twaalf-voor-een-goed-werkende-justitie\/#breadcrumb"},"inLanguage":"nl-NL","potentialAction":[{"@type":"ReadAction","target":["https:\/\/www.cbti-bkvt.org\/nl\/de-bkvt-sluit-zich-aan-bij-de-actie-vijf-voor-twaalf-voor-een-goed-werkende-justitie\/"]}]},{"@type":"ImageObject","inLanguage":"nl-NL","@id":"https:\/\/www.cbti-bkvt.org\/nl\/de-bkvt-sluit-zich-aan-bij-de-actie-vijf-voor-twaalf-voor-een-goed-werkende-justitie\/#primaryimage","url":"https:\/\/www.cbti-bkvt.org\/wp-content\/uploads\/joshua-hoehne-WPrTKRw8KRQ-unsplash.jpg","contentUrl":"https:\/\/www.cbti-bkvt.org\/wp-content\/uploads\/joshua-hoehne-WPrTKRw8KRQ-unsplash.jpg","width":4814,"height":3209},{"@type":"BreadcrumbList","@id":"https:\/\/www.cbti-bkvt.org\/nl\/de-bkvt-sluit-zich-aan-bij-de-actie-vijf-voor-twaalf-voor-een-goed-werkende-justitie\/#breadcrumb","itemListElement":[{"@type":"ListItem","position":1,"name":"Home","item":"https:\/\/www.cbti-bkvt.org\/nl\/"},{"@type":"ListItem","position":2,"name":"De BKVT sluit zich aan bij de actie \u201cVijf voor twaalf\u201d voor een goed werkende justitie"}]},{"@type":"WebSite","@id":"https:\/\/www.cbti-bkvt.org\/nl\/#website","url":"https:\/\/www.cbti-bkvt.org\/nl\/","name":"Chambre Belge des Traducteurs et Interpr\u00e8tes | Belgische Kamer van Vertalers en Tolken","description":"M\u00e9tiers de la traduction \u00e9crite, l\u2019interpr\u00e9tation de conf\u00e9rence, la traduction et l\u2019interpr\u00e9tation en milieu judiciaire.","potentialAction":[{"@type":"SearchAction","target":{"@type":"EntryPoint","urlTemplate":"https:\/\/www.cbti-bkvt.org\/nl\/?s={search_term_string}"},"query-input":{"@type":"PropertyValueSpecification","valueRequired":true,"valueName":"search_term_string"}}],"inLanguage":"nl-NL"},{"@type":"Person","@id":"https:\/\/www.cbti-bkvt.org\/nl\/#\/schema\/person\/618be4a1eba65d61684e3a8d473272d0","name":"C\u00e9line Maes","image":{"@type":"ImageObject","inLanguage":"nl-NL","@id":"https:\/\/secure.gravatar.com\/avatar\/6dab3ef828603e99aa932e67eee22b03c8af9eedd530af71e0d723f323241dad?s=96&d=mm&r=g","url":"https:\/\/secure.gravatar.com\/avatar\/6dab3ef828603e99aa932e67eee22b03c8af9eedd530af71e0d723f323241dad?s=96&d=mm&r=g","contentUrl":"https:\/\/secure.gravatar.com\/avatar\/6dab3ef828603e99aa932e67eee22b03c8af9eedd530af71e0d723f323241dad?s=96&d=mm&r=g","caption":"C\u00e9line Maes"},"url":"https:\/\/www.cbti-bkvt.org\/nl\/author\/celine-maes\/"}]}},"_links":{"self":[{"href":"https:\/\/www.cbti-bkvt.org\/nl\/wp-json\/wp\/v2\/posts\/33342","targetHints":{"allow":["GET"]}}],"collection":[{"href":"https:\/\/www.cbti-bkvt.org\/nl\/wp-json\/wp\/v2\/posts"}],"about":[{"href":"https:\/\/www.cbti-bkvt.org\/nl\/wp-json\/wp\/v2\/types\/post"}],"author":[{"embeddable":true,"href":"https:\/\/www.cbti-bkvt.org\/nl\/wp-json\/wp\/v2\/users\/265"}],"replies":[{"embeddable":true,"href":"https:\/\/www.cbti-bkvt.org\/nl\/wp-json\/wp\/v2\/comments?post=33342"}],"version-history":[{"count":2,"href":"https:\/\/www.cbti-bkvt.org\/nl\/wp-json\/wp\/v2\/posts\/33342\/revisions"}],"predecessor-version":[{"id":33350,"href":"https:\/\/www.cbti-bkvt.org\/nl\/wp-json\/wp\/v2\/posts\/33342\/revisions\/33350"}],"wp:featuredmedia":[{"embeddable":true,"href":"https:\/\/www.cbti-bkvt.org\/nl\/wp-json\/wp\/v2\/media\/33323"}],"wp:attachment":[{"href":"https:\/\/www.cbti-bkvt.org\/nl\/wp-json\/wp\/v2\/media?parent=33342"}],"wp:term":[{"taxonomy":"category","embeddable":true,"href":"https:\/\/www.cbti-bkvt.org\/nl\/wp-json\/wp\/v2\/categories?post=33342"},{"taxonomy":"post_tag","embeddable":true,"href":"https:\/\/www.cbti-bkvt.org\/nl\/wp-json\/wp\/v2\/tags?post=33342"}],"curies":[{"name":"wp","href":"https:\/\/api.w.org\/{rel}","templated":true}]}}